{"id":227815,"date":"2021-03-01T17:07:00","date_gmt":"2021-03-01T16:07:00","guid":{"rendered":"https:\/\/autoshow.ch\/news\/shitja-hapur-nga-1-marsi\/"},"modified":"2026-04-10T10:35:38","modified_gmt":"2026-04-10T08:35:38","slug":"shitja-hapur-nga-1-marsi","status":"publish","type":"post","link":"https:\/\/autoshow.ch\/sq\/news\/shitja-hapur-nga-1-marsi\/","title":{"rendered":"Shitja hapur nga 1 marsi"},"content":{"rendered":"\n<h2 class=\"wp-block-heading\">Nga data 1 mars jemi p\u00ebrs\u00ebri k\u00ebtu p\u00ebr ju. Jemi shum\u00eb t\u00eb lumtur! <\/h2>\n\n<p><strong>Nga e h\u00ebna, 1 mars, depar\u00adta\u00admen\u00adti yn\u00eb i shit\u00adjeve \u00ebsht\u00eb p\u00ebrs\u00ebri i hapur p\u00ebr ju. Jemi t\u00eb lum\u00adtur q\u00eb mund t\u2019ju mir\u00ebpres\u00adim s\u00ebr\u00adish per\u00adson\u00adal\u00adisht k\u00ebtu n\u00eb Aathal. Duke qen\u00eb se sh\u00ebn\u00adde\u00adti i klien\u00adt\u00ebve dhe punon\u00adj\u00ebsve tan\u00eb \u00ebsht\u00eb pri\u00ador\u00aditeti yn\u00eb krye\u00adsor, ne vazh\u00addo\u00adjm\u00eb t\u2019u p\u00ebrm\u00adba\u00adhe\u00admi masave t\u00eb Kon\u00adfed\u00ader\u00adat\u00ebs, kan\u00adtonit dhe Zyr\u00ebs Fed\u00aderale t\u00eb Sh\u00ebn\u00adde\u00adtit Pub\u00adlik. Gjithash\u00adtu, ne zba\u00adto\u00adjm\u00eb me p\u00ebr\u00adpik\u00ebri kon\u00adceptet dhe strategjit\u00eb e shoqatave tona pro\u00adfe\u00adsion\u00adale.    <\/strong><\/p>\n\n<p>Infor\u00admo\u00adhu\u00adni k\u00ebtu mbi <a href=\"https:\/\/autoshow.ch\/unsere-schutzmassnahmen-im-verkaufsprozess\/\"><strong>kon\u00adceptin ton\u00eb t\u00eb mbro\u00adjt\u00adjes<\/strong><\/a> n\u00eb shit\u00adjen e autom\u00adjeteve, p\u00ebr t\u2019u ofru\u00adar t\u00eb gjith\u00eb pjes\u00eb\u00admar\u00adr\u00ebsve n\u00eb k\u00ebt\u00eb pro\u00adces sig\u00adur\u00adin\u00eb mak\u00adsi\u00admale kund\u00ebr COVID-19. Shikoni gjithash\u00adtu <a href=\"https:\/\/www.youtube.com\/watch?v=1Ky3LcIHu6c&amp;t=1s\"><strong>videon ton\u00eb shp\u00adjeguese<\/strong><\/a> se si zba\u00adto\u00adhen masat mbro\u00adjt\u00ebse n\u00eb ambi\u00aden\u00adtet tona. <\/p>\n\n<figure class=\"wp-block-image\"><img decoding=\"async\" src=\"https:\/\/autoshow.ch\/wp-content\/uploads\/2025\/12\/verkauf-ab-1-maerz-offen-autoshow-2.jpeg\" alt=\"Shitja hapur nga 1 marsi - Autoshow Aathal AG 1\" class=\"wp-image-96937\"><\/figure>\n\n<div class=\"wp-block-button\"><a class=\"wp-block-button__link has-text-color has-very-light-gray-color has-background has-vivid-cyan-blue-background-color\" href=\"https:\/\/autoshow.ch\/unsere-schutzmassnahmen-im-verkaufsprozess\/\">Kon\u00adcep\u00adti i mbro\u00adjt\u00adjes<\/a><\/div>\n\n<div class=\"wp-block-button\"><a class=\"wp-block-button__link has-text-color has-very-light-gray-color has-background has-vivid-cyan-blue-background-color\" href=\"https:\/\/www.youtube.com\/watch?v=1Ky3LcIHu6c&amp;t=1s\">Video shp\u00adjeguese<\/a><\/div>\n","protected":false},"excerpt":{"rendered":"<p>M\u00eb n\u00eb fund! Erd\u00adhi \u00e7asti \u2014 nga data 1 mars jemi p\u00ebrs\u00ebri k\u00ebtu p\u00ebr ju. Jemi shum\u00eb t\u00eb l\u2026<\/p>\n","protected":false},"author":31,"featured_media":227816,"comment_status":"closed","ping_status":"closed","sticky":false,"template":"","format":"standard","meta":{"_acf_changed":false,"inline_featured_image":false,"wp_typography_post_enhancements_disabled":false,"footnotes":""},"categories":[628],"tags":[],"class_list":["post-227815","post","type-post","status-publish","format-standard","has-post-thumbnail","hentry","category-lajme"],"acf":[],"yoast_head":"<!-- This site is optimized with the Yoast SEO plugin v27.4 - https:\/\/yoast.com\/product\/yoast-seo-wordpress\/ -->\n<title>Shitja hapur nga 1 marsi | Autoshow Aathal AG<\/title>\n<meta name=\"description\" content=\"M\u00eb n\u00eb fund! Erdhi \u00e7asti - nga data 1 mars jemi p\u00ebrs\u00ebri k\u00ebtu p\u00ebr ju. Jemi shum\u00eb t\u00eb lumtur!\" \/>\n<meta name=\"robots\" content=\"index, follow, max-snippet:-1, max-image-preview:large, max-video-preview:-1\" \/>\n<link rel=\"canonical\" href=\"https:\/\/autoshow.ch\/sq\/news\/shitja-hapur-nga-1-marsi\/\" \/>\n<meta property=\"og:locale\" content=\"sq_AL\" \/>\n<meta property=\"og:type\" content=\"article\" \/>\n<meta property=\"og:title\" content=\"Shitja hapur nga 1 marsi | Autoshow Aathal AG\" \/>\n<meta property=\"og:description\" content=\"M\u00eb n\u00eb fund! Erdhi \u00e7asti - nga data 1 mars jemi p\u00ebrs\u00ebri k\u00ebtu p\u00ebr ju. Jemi shum\u00eb t\u00eb lumtur!\" \/>\n<meta property=\"og:url\" content=\"https:\/\/autoshow.ch\/sq\/news\/shitja-hapur-nga-1-marsi\/\" \/>\n<meta property=\"og:site_name\" content=\"Autoshow Aathal AG\" \/>\n<meta property=\"article:publisher\" content=\"https:\/\/www.facebook.com\/autoshow.ch\" \/>\n<meta property=\"article:published_time\" content=\"2021-03-01T16:07:00+00:00\" \/>\n<meta property=\"article:modified_time\" content=\"2026-04-10T08:35:38+00:00\" \/>\n<meta property=\"og:image\" content=\"https:\/\/autoshow.ch\/wp-content\/uploads\/2025\/12\/verkauf-ab-1-maerz-offen-autoshow-3.jpeg\" \/>\n\t<meta property=\"og:image:width\" content=\"960\" \/>\n\t<meta property=\"og:image:height\" content=\"960\" \/>\n\t<meta property=\"og:image:type\" content=\"image\/jpeg\" \/>\n<meta name=\"author\" content=\"Marketing Autoshow\" \/>\n<meta name=\"twitter:card\" content=\"summary_large_image\" \/>\n<!-- \/ Yoast SEO plugin. -->","yoast_head_json":{"title":"Shitja hapur nga 1 marsi | Autoshow Aathal AG","description":"M\u00eb n\u00eb fund! Erdhi \u00e7asti - nga data 1 mars jemi p\u00ebrs\u00ebri k\u00ebtu p\u00ebr ju. Jemi shum\u00eb t\u00eb lumtur!","robots":{"index":"index","follow":"follow","max-snippet":"max-snippet:-1","max-image-preview":"max-image-preview:large","max-video-preview":"max-video-preview:-1"},"canonical":"https:\/\/autoshow.ch\/sq\/news\/shitja-hapur-nga-1-marsi\/","og_locale":"sq_AL","og_type":"article","og_title":"Shitja hapur nga 1 marsi | Autoshow Aathal AG","og_description":"M\u00eb n\u00eb fund! Erdhi \u00e7asti - nga data 1 mars jemi p\u00ebrs\u00ebri k\u00ebtu p\u00ebr ju. Jemi shum\u00eb t\u00eb lumtur!","og_url":"https:\/\/autoshow.ch\/sq\/news\/shitja-hapur-nga-1-marsi\/","og_site_name":"Autoshow Aathal AG","article_publisher":"https:\/\/www.facebook.com\/autoshow.ch","article_published_time":"2021-03-01T16:07:00+00:00","article_modified_time":"2026-04-10T08:35:38+00:00","og_image":[{"width":960,"height":960,"url":"https:\/\/autoshow.ch\/wp-content\/uploads\/2025\/12\/verkauf-ab-1-maerz-offen-autoshow-3.jpeg","type":"image\/jpeg"}],"author":"Marketing Autoshow","twitter_card":"summary_large_image","schema":{"@context":"https:\/\/schema.org","@graph":[{"@type":["Article","BlogPosting"],"@id":"https:\/\/autoshow.ch\/sq\/news\/shitja-hapur-nga-1-marsi\/#article","isPartOf":{"@id":"https:\/\/autoshow.ch\/sq\/news\/shitja-hapur-nga-1-marsi\/"},"author":{"name":"Marketing Autoshow","@id":"https:\/\/autoshow.ch\/sq\/#\/schema\/person\/0fc96e1a12fbe3a05e1059e7b26ca148"},"headline":"Shitja hapur nga 1 marsi","datePublished":"2021-03-01T16:07:00+00:00","dateModified":"2026-04-10T08:35:38+00:00","mainEntityOfPage":{"@id":"https:\/\/autoshow.ch\/sq\/news\/shitja-hapur-nga-1-marsi\/"},"wordCount":153,"publisher":{"@id":"https:\/\/autoshow.ch\/sq\/#organization"},"image":{"@id":"https:\/\/autoshow.ch\/sq\/news\/shitja-hapur-nga-1-marsi\/#primaryimage"},"thumbnailUrl":"https:\/\/autoshow.ch\/wp-content\/uploads\/2025\/12\/verkauf-ab-1-maerz-offen-autoshow-3.jpeg","articleSection":["Lajme"],"inLanguage":"sq"},{"@type":"WebPage","@id":"https:\/\/autoshow.ch\/sq\/news\/shitja-hapur-nga-1-marsi\/","url":"https:\/\/autoshow.ch\/sq\/news\/shitja-hapur-nga-1-marsi\/","name":"Shitja hapur nga 1 marsi | Autoshow Aathal AG","isPartOf":{"@id":"https:\/\/autoshow.ch\/sq\/#website"},"primaryImageOfPage":{"@id":"https:\/\/autoshow.ch\/sq\/news\/shitja-hapur-nga-1-marsi\/#primaryimage"},"image":{"@id":"https:\/\/autoshow.ch\/sq\/news\/shitja-hapur-nga-1-marsi\/#primaryimage"},"thumbnailUrl":"https:\/\/autoshow.ch\/wp-content\/uploads\/2025\/12\/verkauf-ab-1-maerz-offen-autoshow-3.jpeg","datePublished":"2021-03-01T16:07:00+00:00","dateModified":"2026-04-10T08:35:38+00:00","description":"M\u00eb n\u00eb fund! Erdhi \u00e7asti - nga data 1 mars jemi p\u00ebrs\u00ebri k\u00ebtu p\u00ebr ju. Jemi shum\u00eb t\u00eb lumtur!","breadcrumb":{"@id":"https:\/\/autoshow.ch\/sq\/news\/shitja-hapur-nga-1-marsi\/#breadcrumb"},"inLanguage":"sq","potentialAction":[{"@type":"ReadAction","target":["https:\/\/autoshow.ch\/sq\/news\/shitja-hapur-nga-1-marsi\/"]}]},{"@type":"ImageObject","inLanguage":"sq","@id":"https:\/\/autoshow.ch\/sq\/news\/shitja-hapur-nga-1-marsi\/#primaryimage","url":"https:\/\/autoshow.ch\/wp-content\/uploads\/2025\/12\/verkauf-ab-1-maerz-offen-autoshow-3.jpeg","contentUrl":"https:\/\/autoshow.ch\/wp-content\/uploads\/2025\/12\/verkauf-ab-1-maerz-offen-autoshow-3.jpeg","width":960,"height":960,"caption":"Shitja hapur nga 1 marsi - Autoshow Aathal AG pran\u00eb Uster ofron makina t\u00eb p\u00ebrdorura dhe t\u00eb reja me \u00e7mime t\u00eb lira 1"},{"@type":"BreadcrumbList","@id":"https:\/\/autoshow.ch\/sq\/news\/shitja-hapur-nga-1-marsi\/#breadcrumb","itemListElement":[{"@type":"ListItem","position":1,"name":"Startseite","item":"https:\/\/autoshow.ch\/sq\/"},{"@type":"ListItem","position":2,"name":"Shitja hapur nga 1 marsi"}]},{"@type":"WebSite","@id":"https:\/\/autoshow.ch\/sq\/#website","url":"https:\/\/autoshow.ch\/sq\/","name":"Autoshow Aathal AG","description":"bei Uster bietet g\u00fcnstige Occasionen und Neuwagen","publisher":{"@id":"https:\/\/autoshow.ch\/sq\/#organization"},"alternateName":"Autoshow","potentialAction":[{"@type":"SearchAction","target":{"@type":"EntryPoint","urlTemplate":"https:\/\/autoshow.ch\/sq\/?s={search_term_string}"},"query-input":{"@type":"PropertyValueSpecification","valueRequired":true,"valueName":"search_term_string"}}],"inLanguage":"sq"},{"@type":"Organization","@id":"https:\/\/autoshow.ch\/sq\/#organization","name":"Autoshow Aathal AG","alternateName":"Autoshow","url":"https:\/\/autoshow.ch\/sq\/","logo":{"@type":"ImageObject","inLanguage":"sq","@id":"https:\/\/autoshow.ch\/sq\/#\/schema\/logo\/image\/","url":"https:\/\/autoshow.ch\/wp-content\/uploads\/2025\/12\/autoshow-aathal-ag-logo@696x696.png","contentUrl":"https:\/\/autoshow.ch\/wp-content\/uploads\/2025\/12\/autoshow-aathal-ag-logo@696x696.png","width":696,"height":696,"caption":"Autoshow Aathal AG"},"image":{"@id":"https:\/\/autoshow.ch\/sq\/#\/schema\/logo\/image\/"},"sameAs":["https:\/\/www.facebook.com\/autoshow.ch","https:\/\/www.instagram.com\/autoshow_aathal\/","https:\/\/www.linkedin.com\/company\/autoshow-aathal-ag","https:\/\/www.youtube.com\/user\/AutoshowAathal"]},{"@type":"Person","@id":"https:\/\/autoshow.ch\/sq\/#\/schema\/person\/0fc96e1a12fbe3a05e1059e7b26ca148","name":"Marketing Autoshow","image":{"@type":"ImageObject","inLanguage":"sq","@id":"https:\/\/autoshow.ch\/wp-content\/litespeed\/avatar\/46547ed71fe40fb39a471b2711fab529.jpg?ver=1776774629","url":"https:\/\/autoshow.ch\/wp-content\/litespeed\/avatar\/46547ed71fe40fb39a471b2711fab529.jpg?ver=1776774629","contentUrl":"https:\/\/autoshow.ch\/wp-content\/litespeed\/avatar\/46547ed71fe40fb39a471b2711fab529.jpg?ver=1776774629","caption":"Marketing Autoshow"},"sameAs":["https:\/\/autoshow.ch"]}]}},"_links":{"self":[{"href":"https:\/\/autoshow.ch\/sq\/wp-json\/wp\/v2\/posts\/227815","targetHints":{"allow":["GET"]}}],"collection":[{"href":"https:\/\/autoshow.ch\/sq\/wp-json\/wp\/v2\/posts"}],"about":[{"href":"https:\/\/autoshow.ch\/sq\/wp-json\/wp\/v2\/types\/post"}],"author":[{"embeddable":true,"href":"https:\/\/autoshow.ch\/sq\/wp-json\/wp\/v2\/users\/31"}],"replies":[{"embeddable":true,"href":"https:\/\/autoshow.ch\/sq\/wp-json\/wp\/v2\/comments?post=227815"}],"version-history":[{"count":1,"href":"https:\/\/autoshow.ch\/sq\/wp-json\/wp\/v2\/posts\/227815\/revisions"}],"predecessor-version":[{"id":227817,"href":"https:\/\/autoshow.ch\/sq\/wp-json\/wp\/v2\/posts\/227815\/revisions\/227817"}],"wp:featuredmedia":[{"embeddable":true,"href":"https:\/\/autoshow.ch\/sq\/wp-json\/wp\/v2\/media\/227816"}],"wp:attachment":[{"href":"https:\/\/autoshow.ch\/sq\/wp-json\/wp\/v2\/media?parent=227815"}],"wp:term":[{"taxonomy":"category","embeddable":true,"href":"https:\/\/autoshow.ch\/sq\/wp-json\/wp\/v2\/categories?post=227815"},{"taxonomy":"post_tag","embeddable":true,"href":"https:\/\/autoshow.ch\/sq\/wp-json\/wp\/v2\/tags?post=227815"}],"curies":[{"name":"wp","href":"https:\/\/api.w.org\/{rel}","templated":true}]}}