{"id":227806,"date":"2020-04-07T13:34:48","date_gmt":"2020-04-07T11:34:48","guid":{"rendered":"https:\/\/autoshow.ch\/news\/ofertat-tona-me-garanci-te-zgjatur\/"},"modified":"2026-04-10T10:35:30","modified_gmt":"2026-04-10T08:35:30","slug":"ofertat-tona-me-garanci-te-zgjatur","status":"publish","type":"post","link":"https:\/\/autoshow.ch\/sq\/news\/ofertat-tona-me-garanci-te-zgjatur\/","title":{"rendered":"Ofertat tona me garanci t\u00eb zgjatur"},"content":{"rendered":"\n<h2 class=\"wp-block-heading\">Zgjidhni automjetet tona kompakte dhe t\u00eb vogla me performanc\u00eb bind\u00ebse t\u00eb garancis\u00eb<\/h2>\n\n<p>Ju prezan\u00adto\u00adjm\u00eb <a href=\"https:\/\/autoshow.ch\/?make=opel\">Opel Karl<\/a> me vet\u00ebm 1 lit\u00ebr kapacitet motori, 73 kuaj fuqi me<br>5 vende dhe 5 dyer. Kli\u00adma\u00adtiz\u00adi\u00admi, sis\u00adte\u00admi i navigim\u00adit dhe radio\u00adja DAB jan\u00eb tash\u00adm\u00eb t\u00eb p\u00ebrf\u00adshi\u00adra n\u00eb mod\u00adelet tona. Gjithash\u00adtu e p\u00ebrf\u00adshir\u00eb n\u00eb \u00e7mim: p\u00ebrve\u00e7 2 viteve garan\u00adci t\u00eb prod\u00adhue\u00adsit, kemi edhe garancit\u00eb tona sht\u00ades\u00eb p\u00ebr autom\u00adjete nj\u00eb vje\u00e7are prej 2 vitesh t\u00eb tjera.   <strong>Ju p\u00ebr\u00adfi\u00adtoni nga 4 vite garan\u00adci. <\/strong><\/p>\n\n<figure class=\"wp-block-gallery columns-0 is-cropped wp-block-gallery-1 is-layout-flex wp-block-gallery-is-layout-flex\"><ul class=\"blocks-gallery-grid\"><li class=\"blocks-gallery-item\"><figure><img decoding=\"async\" src=\"https:\/\/autoshow.ch\/wp-content\/uploads\/2025\/12\/unsere-schnaeppchen-mit-verlaengerter-garantiedauer-autoshow.png\" alt=\"Ofertat tona me garanci t\u00eb zgjatur - Autoshow Aathal AG\" data-id=\"59895\" data-full-url=\"https:\/\/autoshow.ch\/wp-content\/uploads\/2025\/12\/unsere-schnaeppchen-mit-verlaengerter-garantiedauer-autoshow.png\" data-link=\"https:\/\/autoshow.ch\/news\/unsere-schnaeppchen-mit-verlaengerter-garantiedauer\/unsere-schnaeppchen-mit-verlaengerter-garantiedauer-autoshow\/\" class=\"wp-image-59895\"><\/figure><\/li><li class=\"blocks-gallery-item\"><figure><img decoding=\"async\" src=\"https:\/\/autoshow.ch\/wp-content\/uploads\/2025\/12\/unsere-schnaeppchen-mit-verlaengerter-garantiedauer-autoshow-2.png\" alt=\"Ofertat tona me garanci t\u00eb zgjatur - Autoshow Aathal AG 1\" data-id=\"59899\" data-full-url=\"https:\/\/autoshow.ch\/wp-content\/uploads\/2025\/12\/unsere-schnaeppchen-mit-verlaengerter-garantiedauer-autoshow-2.png\" data-link=\"https:\/\/autoshow.ch\/news\/unsere-schnaeppchen-mit-verlaengerter-garantiedauer\/unsere-schnaeppchen-mit-verlaengerter-garantiedauer-autoshow-2\/\" class=\"wp-image-59899\"><\/figure><\/li><li class=\"blocks-gallery-item\"><figure><img decoding=\"async\" src=\"https:\/\/autoshow.ch\/wp-content\/uploads\/2025\/12\/unsere-schnaeppchen-mit-verlaengerter-garantiedauer-autoshow-3.png\" alt=\"Ofertat tona me garanci t\u00eb zgjatur - Autoshow Aathal AG 2\" data-id=\"59903\" data-full-url=\"https:\/\/autoshow.ch\/wp-content\/uploads\/2025\/12\/unsere-schnaeppchen-mit-verlaengerter-garantiedauer-autoshow-3.png\" data-link=\"https:\/\/autoshow.ch\/news\/unsere-schnaeppchen-mit-verlaengerter-garantiedauer\/unsere-schnaeppchen-mit-verlaengerter-garantiedauer-autoshow-3\/\" class=\"wp-image-59903\"><\/figure><\/li><\/ul><\/figure>\n\n<p>Ose d\u00ebshi\u00adroni q\u00eb autom\u00adjeti juaj t\u00eb ofro\u00adj\u00eb edhe m\u00eb shum\u00eb hap\u00ebsir\u00eb? At\u00ebher\u00eb zgjidhni <a href=\"https:\/\/autoshow.ch\/?make=skoda\">Sko\u00adda Scala<\/a> me 1.5 lit\u00ebr kapacitet motori me 150 kuaj fuqi, kli\u00adma\u00adtiz\u00adim, kamer\u00eb p\u00ebr marshim pra\u00adpa si dhe sen\u00adsor\u00eb parki\u00admi dhe kon\u00adtrol\u00adli i navigim\u00adit p\u00ebrmes smartLink jan\u00eb t\u00eb p\u00ebrf\u00adshi\u00adra n\u00eb \u00e7mim. Gjithash\u00adtu e p\u00ebrf\u00adshir\u00eb \u00ebsht\u00eb, p\u00ebrve\u00e7 2 viteve garan\u00adci t\u00eb prod\u00adhue\u00adsit, edhe nj\u00eb garan\u00adci sht\u00ades\u00eb p\u00ebr autom\u00adjete t\u00eb reja prej 3 vitesh.   <strong>Ju p\u00ebr\u00adfi\u00adtoni nga 5 vite garan\u00adci p\u00ebr k\u00ebto mod\u00adele.<\/strong><\/p>\n\n<figure class=\"wp-block-gallery columns-3 is-cropped wp-block-gallery-2 is-layout-flex wp-block-gallery-is-layout-flex\"><ul class=\"blocks-gallery-grid\"><li class=\"blocks-gallery-item\"><figure><img decoding=\"async\" src=\"https:\/\/autoshow.ch\/wp-content\/uploads\/2025\/12\/unsere-schnaeppchen-mit-verlaengerter-garantiedauer-autoshow-8.png\" alt=\"Ofertat tona me garanci t\u00eb zgjatur - Autoshow Aathal AG 7\" data-id=\"59926\" data-full-url=\"https:\/\/autoshow.ch\/wp-content\/uploads\/2025\/12\/unsere-schnaeppchen-mit-verlaengerter-garantiedauer-autoshow-8.png\" data-link=\"https:\/\/autoshow.ch\/news\/unsere-schnaeppchen-mit-verlaengerter-garantiedauer\/unsere-schnaeppchen-mit-verlaengerter-garantiedauer-autoshow-8\/\" class=\"wp-image-59926\"><\/figure><\/li><li class=\"blocks-gallery-item\"><figure><img decoding=\"async\" src=\"https:\/\/autoshow.ch\/wp-content\/uploads\/2025\/12\/unsere-schnaeppchen-mit-verlaengerter-garantiedauer-autoshow-7.png\" alt=\"Ofertat tona me garanci t\u00eb zgjatur - Autoshow Aathal AG 6\" data-id=\"59922\" data-full-url=\"https:\/\/autoshow.ch\/wp-content\/uploads\/2025\/12\/unsere-schnaeppchen-mit-verlaengerter-garantiedauer-autoshow-7.png\" data-link=\"https:\/\/autoshow.ch\/news\/unsere-schnaeppchen-mit-verlaengerter-garantiedauer\/unsere-schnaeppchen-mit-verlaengerter-garantiedauer-autoshow-7\/\" class=\"wp-image-59922\"><\/figure><\/li><li class=\"blocks-gallery-item\"><figure><img decoding=\"async\" src=\"https:\/\/autoshow.ch\/wp-content\/uploads\/2025\/12\/unsere-schnaeppchen-mit-verlaengerter-garantiedauer-autoshow-6.png\" alt=\"Ofertat tona me garanci t\u00eb zgjatur - Autoshow Aathal AG 5\" data-id=\"59918\" data-full-url=\"https:\/\/autoshow.ch\/wp-content\/uploads\/2025\/12\/unsere-schnaeppchen-mit-verlaengerter-garantiedauer-autoshow-6.png\" data-link=\"https:\/\/autoshow.ch\/news\/unsere-schnaeppchen-mit-verlaengerter-garantiedauer\/unsere-schnaeppchen-mit-verlaengerter-garantiedauer-autoshow-6\/\" class=\"wp-image-59918\"><\/figure><\/li><li class=\"blocks-gallery-item\"><figure><img decoding=\"async\" src=\"https:\/\/autoshow.ch\/wp-content\/uploads\/2025\/12\/unsere-schnaeppchen-mit-verlaengerter-garantiedauer-autoshow-5.png\" alt=\"Ofertat tona me garanci t\u00eb zgjatur - Autoshow Aathal AG 4\" data-id=\"59914\" data-full-url=\"https:\/\/autoshow.ch\/wp-content\/uploads\/2025\/12\/unsere-schnaeppchen-mit-verlaengerter-garantiedauer-autoshow-5.png\" data-link=\"https:\/\/autoshow.ch\/news\/unsere-schnaeppchen-mit-verlaengerter-garantiedauer\/unsere-schnaeppchen-mit-verlaengerter-garantiedauer-autoshow-5\/\" class=\"wp-image-59914\"><\/figure><\/li><li class=\"blocks-gallery-item\"><figure><img decoding=\"async\" src=\"https:\/\/autoshow.ch\/wp-content\/uploads\/2025\/12\/unsere-schnaeppchen-mit-verlaengerter-garantiedauer-autoshow-4.png\" alt=\"Ofertat tona me garanci t\u00eb zgjatur - Autoshow Aathal AG 3\" data-id=\"59910\" data-full-url=\"https:\/\/autoshow.ch\/wp-content\/uploads\/2025\/12\/unsere-schnaeppchen-mit-verlaengerter-garantiedauer-autoshow-4.png\" data-link=\"https:\/\/autoshow.ch\/news\/unsere-schnaeppchen-mit-verlaengerter-garantiedauer\/unsere-schnaeppchen-mit-verlaengerter-garantiedauer-autoshow-4\/\" class=\"wp-image-59910\"><\/figure><\/li><\/ul><\/figure>\n\n<p><a href=\"https:\/\/autoshow.ch\/?make=opel\">Opel Karl<\/a> dhe <a href=\"https:\/\/autoshow.ch\/?make=skoda\">Sko\u00adda Scala<\/a> tona jan\u00eb t\u00eb disponueshme n\u00eb ngjyra t\u00eb ndryshme, deri sa t\u00eb mbaro\u00adj\u00eb stoku. Ne bashk\u00ebpuno\u00adjm\u00eb me part\u00adner\u00adin ton\u00eb NSA p\u00ebr garan\u00adic\u00eb sht\u00ades\u00eb, pran\u00addaj nuk keni asnj\u00eb dis\u00ada\u00advan\u00adtazh kra\u00adha\u00adsuar me garancit\u00eb e prod\u00adhue\u00adsit. <br><br>Do t\u2019ju k\u00ebshillo\u00adjm\u00eb me k\u00ebnaq\u00ebsi me tele\u00adfon dhe online. Shikoni ekspoz\u00adit\u00ebn ton\u00eb t\u00eb autom\u00adjeteve edhe online n\u00eb <a href=\"https:\/\/autoshow.ch\/autos\/\">faqen krye\u00adsore t\u00eb Autoshow Aathal<\/a>. <\/p>\n\n<figure class=\"wp-block-image size-large\"><img decoding=\"async\" src=\"https:\/\/autoshow.ch\/wp-content\/uploads\/2025\/12\/neue-homepage-autoshow-22-scaled.jpg\" alt=\"Faqja e re kryesore - Autoshow Aathal AG 8\" class=\"wp-image-58971\"><\/figure>\n","protected":false},"excerpt":{"rendered":"<p>AKSION: Ofer\u00adtat tona me garan\u00adci t\u00eb\u2026<\/p>\n","protected":false},"author":31,"featured_media":227807,"comment_status":"closed","ping_status":"closed","sticky":false,"template":"","format":"standard","meta":{"_acf_changed":false,"inline_featured_image":false,"wp_typography_post_enhancements_disabled":false,"footnotes":""},"categories":[665],"tags":[],"class_list":["post-227806","post","type-post","status-publish","format-standard","has-post-thumbnail","hentry","category-aksion"],"acf":[],"yoast_head":"<!-- This site is optimized with the Yoast SEO plugin v27.4 - https:\/\/yoast.com\/product\/yoast-seo-wordpress\/ -->\n<title>Ofertat tona me garanci t\u00eb zgjatur | Autoshow Aathal AG<\/title>\n<meta name=\"description\" content=\"AKSION: Ofertat tona me garanci t\u00eb zgjatur\" \/>\n<meta name=\"robots\" content=\"index, follow, max-snippet:-1, max-image-preview:large, max-video-preview:-1\" \/>\n<link rel=\"canonical\" href=\"https:\/\/autoshow.ch\/sq\/news\/ofertat-tona-me-garanci-te-zgjatur\/\" \/>\n<meta property=\"og:locale\" content=\"sq_AL\" \/>\n<meta property=\"og:type\" content=\"article\" \/>\n<meta property=\"og:title\" content=\"Ofertat tona me garanci t\u00eb zgjatur | Autoshow Aathal AG\" \/>\n<meta property=\"og:description\" content=\"AKSION: Ofertat tona me garanci t\u00eb zgjatur\" \/>\n<meta property=\"og:url\" content=\"https:\/\/autoshow.ch\/sq\/news\/ofertat-tona-me-garanci-te-zgjatur\/\" \/>\n<meta property=\"og:site_name\" content=\"Autoshow Aathal AG\" \/>\n<meta property=\"article:publisher\" content=\"https:\/\/www.facebook.com\/autoshow.ch\" \/>\n<meta property=\"article:published_time\" content=\"2020-04-07T11:34:48+00:00\" \/>\n<meta property=\"article:modified_time\" content=\"2026-04-10T08:35:30+00:00\" \/>\n<meta property=\"og:image\" content=\"https:\/\/autoshow.ch\/wp-content\/uploads\/2025\/12\/neue-homepage-autoshow-21-scaled-1.jpg\" \/>\n\t<meta property=\"og:image:width\" content=\"1536\" \/>\n\t<meta property=\"og:image:height\" content=\"1152\" \/>\n\t<meta property=\"og:image:type\" content=\"image\/jpeg\" \/>\n<meta name=\"author\" content=\"Marketing Autoshow\" \/>\n<meta name=\"twitter:card\" content=\"summary_large_image\" \/>\n<!-- \/ Yoast SEO plugin. -->","yoast_head_json":{"title":"Ofertat tona me garanci t\u00eb zgjatur | Autoshow Aathal AG","description":"AKSION: Ofertat tona me garanci t\u00eb zgjatur","robots":{"index":"index","follow":"follow","max-snippet":"max-snippet:-1","max-image-preview":"max-image-preview:large","max-video-preview":"max-video-preview:-1"},"canonical":"https:\/\/autoshow.ch\/sq\/news\/ofertat-tona-me-garanci-te-zgjatur\/","og_locale":"sq_AL","og_type":"article","og_title":"Ofertat tona me garanci t\u00eb zgjatur | Autoshow Aathal AG","og_description":"AKSION: Ofertat tona me garanci t\u00eb zgjatur","og_url":"https:\/\/autoshow.ch\/sq\/news\/ofertat-tona-me-garanci-te-zgjatur\/","og_site_name":"Autoshow Aathal AG","article_publisher":"https:\/\/www.facebook.com\/autoshow.ch","article_published_time":"2020-04-07T11:34:48+00:00","article_modified_time":"2026-04-10T08:35:30+00:00","og_image":[{"width":1536,"height":1152,"url":"https:\/\/autoshow.ch\/wp-content\/uploads\/2025\/12\/neue-homepage-autoshow-21-scaled-1.jpg","type":"image\/jpeg"}],"author":"Marketing Autoshow","twitter_card":"summary_large_image","schema":{"@context":"https:\/\/schema.org","@graph":[{"@type":["Article","BlogPosting"],"@id":"https:\/\/autoshow.ch\/sq\/news\/ofertat-tona-me-garanci-te-zgjatur\/#article","isPartOf":{"@id":"https:\/\/autoshow.ch\/sq\/news\/ofertat-tona-me-garanci-te-zgjatur\/"},"author":{"name":"Marketing Autoshow","@id":"https:\/\/autoshow.ch\/sq\/#\/schema\/person\/0fc96e1a12fbe3a05e1059e7b26ca148"},"headline":"Ofertat tona me garanci t\u00eb zgjatur","datePublished":"2020-04-07T11:34:48+00:00","dateModified":"2026-04-10T08:35:30+00:00","mainEntityOfPage":{"@id":"https:\/\/autoshow.ch\/sq\/news\/ofertat-tona-me-garanci-te-zgjatur\/"},"wordCount":232,"publisher":{"@id":"https:\/\/autoshow.ch\/sq\/#organization"},"image":{"@id":"https:\/\/autoshow.ch\/sq\/news\/ofertat-tona-me-garanci-te-zgjatur\/#primaryimage"},"thumbnailUrl":"https:\/\/autoshow.ch\/wp-content\/uploads\/2025\/12\/neue-homepage-autoshow-21-scaled-1.jpg","articleSection":["AKSION"],"inLanguage":"sq"},{"@type":"WebPage","@id":"https:\/\/autoshow.ch\/sq\/news\/ofertat-tona-me-garanci-te-zgjatur\/","url":"https:\/\/autoshow.ch\/sq\/news\/ofertat-tona-me-garanci-te-zgjatur\/","name":"Ofertat tona me garanci t\u00eb zgjatur | Autoshow Aathal AG","isPartOf":{"@id":"https:\/\/autoshow.ch\/sq\/#website"},"primaryImageOfPage":{"@id":"https:\/\/autoshow.ch\/sq\/news\/ofertat-tona-me-garanci-te-zgjatur\/#primaryimage"},"image":{"@id":"https:\/\/autoshow.ch\/sq\/news\/ofertat-tona-me-garanci-te-zgjatur\/#primaryimage"},"thumbnailUrl":"https:\/\/autoshow.ch\/wp-content\/uploads\/2025\/12\/neue-homepage-autoshow-21-scaled-1.jpg","datePublished":"2020-04-07T11:34:48+00:00","dateModified":"2026-04-10T08:35:30+00:00","description":"AKSION: Ofertat tona me garanci t\u00eb zgjatur","breadcrumb":{"@id":"https:\/\/autoshow.ch\/sq\/news\/ofertat-tona-me-garanci-te-zgjatur\/#breadcrumb"},"inLanguage":"sq","potentialAction":[{"@type":"ReadAction","target":["https:\/\/autoshow.ch\/sq\/news\/ofertat-tona-me-garanci-te-zgjatur\/"]}]},{"@type":"ImageObject","inLanguage":"sq","@id":"https:\/\/autoshow.ch\/sq\/news\/ofertat-tona-me-garanci-te-zgjatur\/#primaryimage","url":"https:\/\/autoshow.ch\/wp-content\/uploads\/2025\/12\/neue-homepage-autoshow-21-scaled-1.jpg","contentUrl":"https:\/\/autoshow.ch\/wp-content\/uploads\/2025\/12\/neue-homepage-autoshow-21-scaled-1.jpg","width":1536,"height":1152,"caption":"Ofertat tona me garanci t\u00eb zgjatur - Autoshow Aathal AG pran\u00eb Uster ofron automjete t\u00eb p\u00ebrdorura dhe t\u00eb reja me \u00e7mime t\u00eb favorshme 9"},{"@type":"BreadcrumbList","@id":"https:\/\/autoshow.ch\/sq\/news\/ofertat-tona-me-garanci-te-zgjatur\/#breadcrumb","itemListElement":[{"@type":"ListItem","position":1,"name":"Startseite","item":"https:\/\/autoshow.ch\/sq\/"},{"@type":"ListItem","position":2,"name":"Ofertat tona me garanci t\u00eb zgjatur"}]},{"@type":"WebSite","@id":"https:\/\/autoshow.ch\/sq\/#website","url":"https:\/\/autoshow.ch\/sq\/","name":"Autoshow Aathal AG","description":"bei Uster bietet g\u00fcnstige Occasionen und Neuwagen","publisher":{"@id":"https:\/\/autoshow.ch\/sq\/#organization"},"alternateName":"Autoshow","potentialAction":[{"@type":"SearchAction","target":{"@type":"EntryPoint","urlTemplate":"https:\/\/autoshow.ch\/sq\/?s={search_term_string}"},"query-input":{"@type":"PropertyValueSpecification","valueRequired":true,"valueName":"search_term_string"}}],"inLanguage":"sq"},{"@type":"Organization","@id":"https:\/\/autoshow.ch\/sq\/#organization","name":"Autoshow Aathal AG","alternateName":"Autoshow","url":"https:\/\/autoshow.ch\/sq\/","logo":{"@type":"ImageObject","inLanguage":"sq","@id":"https:\/\/autoshow.ch\/sq\/#\/schema\/logo\/image\/","url":"https:\/\/autoshow.ch\/wp-content\/uploads\/2025\/12\/autoshow-aathal-ag-logo@696x696.png","contentUrl":"https:\/\/autoshow.ch\/wp-content\/uploads\/2025\/12\/autoshow-aathal-ag-logo@696x696.png","width":696,"height":696,"caption":"Autoshow Aathal AG"},"image":{"@id":"https:\/\/autoshow.ch\/sq\/#\/schema\/logo\/image\/"},"sameAs":["https:\/\/www.facebook.com\/autoshow.ch","https:\/\/www.instagram.com\/autoshow_aathal\/","https:\/\/www.linkedin.com\/company\/autoshow-aathal-ag","https:\/\/www.youtube.com\/user\/AutoshowAathal"]},{"@type":"Person","@id":"https:\/\/autoshow.ch\/sq\/#\/schema\/person\/0fc96e1a12fbe3a05e1059e7b26ca148","name":"Marketing Autoshow","image":{"@type":"ImageObject","inLanguage":"sq","@id":"https:\/\/autoshow.ch\/wp-content\/litespeed\/avatar\/46547ed71fe40fb39a471b2711fab529.jpg?ver=1776774629","url":"https:\/\/autoshow.ch\/wp-content\/litespeed\/avatar\/46547ed71fe40fb39a471b2711fab529.jpg?ver=1776774629","contentUrl":"https:\/\/autoshow.ch\/wp-content\/litespeed\/avatar\/46547ed71fe40fb39a471b2711fab529.jpg?ver=1776774629","caption":"Marketing Autoshow"},"sameAs":["https:\/\/autoshow.ch"]}]}},"_links":{"self":[{"href":"https:\/\/autoshow.ch\/sq\/wp-json\/wp\/v2\/posts\/227806","targetHints":{"allow":["GET"]}}],"collection":[{"href":"https:\/\/autoshow.ch\/sq\/wp-json\/wp\/v2\/posts"}],"about":[{"href":"https:\/\/autoshow.ch\/sq\/wp-json\/wp\/v2\/types\/post"}],"author":[{"embeddable":true,"href":"https:\/\/autoshow.ch\/sq\/wp-json\/wp\/v2\/users\/31"}],"replies":[{"embeddable":true,"href":"https:\/\/autoshow.ch\/sq\/wp-json\/wp\/v2\/comments?post=227806"}],"version-history":[{"count":1,"href":"https:\/\/autoshow.ch\/sq\/wp-json\/wp\/v2\/posts\/227806\/revisions"}],"predecessor-version":[{"id":227808,"href":"https:\/\/autoshow.ch\/sq\/wp-json\/wp\/v2\/posts\/227806\/revisions\/227808"}],"wp:featuredmedia":[{"embeddable":true,"href":"https:\/\/autoshow.ch\/sq\/wp-json\/wp\/v2\/media\/227807"}],"wp:attachment":[{"href":"https:\/\/autoshow.ch\/sq\/wp-json\/wp\/v2\/media?parent=227806"}],"wp:term":[{"taxonomy":"category","embeddable":true,"href":"https:\/\/autoshow.ch\/sq\/wp-json\/wp\/v2\/categories?post=227806"},{"taxonomy":"post_tag","embeddable":true,"href":"https:\/\/autoshow.ch\/sq\/wp-json\/wp\/v2\/tags?post=227806"}],"curies":[{"name":"wp","href":"https:\/\/api.w.org\/{rel}","templated":true}]}}