{"id":227165,"date":"2022-02-28T11:05:00","date_gmt":"2022-02-28T10:05:00","guid":{"rendered":"https:\/\/autoshow.ch\/news\/vw-golf-r-line-ne-stok\/"},"modified":"2026-04-10T10:28:47","modified_gmt":"2026-04-10T08:28:47","slug":"vw-golf-r-line-ne-stok","status":"publish","type":"post","link":"https:\/\/autoshow.ch\/sq\/news\/vw-golf-r-line-ne-stok\/","title":{"rendered":"VW Golf R\u2011Line n\u00eb stok"},"content":{"rendered":"\n<h2 class=\"wp-block-heading\">Golf 1.5 eTSI R\u2011Line i ri<br>p\u00ebr vet\u00ebm CHF 38\u2019700<\/h2>\n\n<p><strong>Kemi sig\u00adu\u00adru\u00adar 8 Golf 1.5 eTSI R\u2011Line t\u00eb rinj p\u00ebr stokun ton\u00eb. Pajis\u00adje e shk\u00eblqy\u00ader me \u00e7mim t\u00eb shk\u00eblqy\u00ader, ju p\u00ebr\u00adfi\u00adtoni.<\/strong> <strong>Autom\u00adjetet pa regjistrim t\u00eb par\u00eb jan\u00eb men\u00adj\u00ebher\u00eb t\u00eb disponueshme nga stoku.<\/strong> <strong>P\u00ebr vet\u00ebm CHF 36\u2019700.<\/strong><\/p>\n\n<p>Meq\u00eb porosit\u00eb tona t\u00eb fun\u00addit p\u00ebr VW Golf 8 u shit\u00ebn s\u00ebr\u00adish men\u00adj\u00ebher\u00eb, arrit\u00ebm t\u00eb sig\u00aduro\u00adjm\u00eb edhe nj\u00eb her\u00eb <a href=\"https:\/\/autoshow.ch\/autos\/?orderby=make-asc&amp;Make=VW&amp;Model=GOLF&amp;BodyColor=&amp;Price-from=&amp;Price-to=&amp;FirstRegYear-from=&amp;FirstRegYear-to=&amp;Km-from=&amp;Km-to=1000&amp;TransmissionType=&amp;FuelType=&amp;BodyType=&amp;CarNumber=&amp;ConditionType=&amp;Doors-from=&amp;Doors-to=&amp;Seats-from=&amp;Seats-to=&amp;ConsumptionTotal=&amp;ConsumptionRating=&amp;Hp=&amp;Cylinders=&amp;DriveType=&amp;extended-search=0\">nj\u00eb paket\u00eb prej tet\u00eb Golf 1.5 eTSI R\u2011Line<\/a>. Autom\u00adjetet nuk kan\u00eb ende regjistrim t\u00eb par\u00eb, nuk kan\u00eb kilo\u00adme\u00adtra n\u00eb odomet\u00ebr dhe kan\u00eb pajis\u00adje t\u00eb shk\u00eblqy\u00adera. T\u00eb gjitha autom\u00adjetet jan\u00eb men\u00adj\u00ebher\u00eb t\u00eb disponueshme nga stoku.  <\/p>\n\n<p><strong>P\u00ebr CHF 36\u2019700.- ose n\u00eb muaj nga CHF 418.-<\/strong> p\u00ebrf\u00adshir\u00eb: trans\u00admi\u00adsion DSG, paket\u00eb R\u2011Line, nav\u00adi\u00adga\u00adcion, LED, dis\u00adqe alu\u00admi\u00adni, tem\u00adpo\u00admat me rreg\u00adul\u00adlim dis\u00adtance, ngro\u00adhje sedil\u00adjesh, ngro\u00adhje tim\u00ado\u00adni, sen\u00adsor\u00eb parki\u00admi, kamer\u00eb mbra\u00adpa, asis\u00adtent kor\u00adsie dhe k\u00ebn\u00addi t\u00eb vdekur, inte\u00adgrim smart\u00adphone, Kli\u00adma\u00adtron\u00adic, ndri\u00e7im ambi\u00adent, Dig\u00adi\u00adtal Cock\u00adpit, sedil\u00adje sportive etj. <\/p>\n\n<figure class=\"wp-block-gallery columns-3 is-cropped wp-block-gallery-1 is-layout-flex wp-block-gallery-is-layout-flex\"><ul class=\"blocks-gallery-grid\"><li class=\"blocks-gallery-item\"><figure><img decoding=\"async\" src=\"https:\/\/autoshow.ch\/wp-content\/uploads\/2025\/12\/Unknown-18.jpeg\" alt=\"  data-id=\" data-full-url=\"https:\/\/autoshow.ch\/wp-content\/uploads\/2025\/12\/Unknown-18.jpeg\" data-link=\"https:\/\/autoshow.ch\/?attachment_id=110360\" class=\"wp-image-110360\"><\/figure><\/li><li class=\"blocks-gallery-item\"><figure><img decoding=\"async\" src=\"https:\/\/autoshow.ch\/wp-content\/uploads\/2025\/12\/Unknown-1-1-2.jpeg\" alt=\"  data-id=\" data-link=\"https:\/\/autoshow.ch\/?attachment_id=110350\" class=\"wp-image-110350\"><\/figure><\/li><li class=\"blocks-gallery-item\"><figure><img decoding=\"async\" src=\"https:\/\/autoshow.ch\/wp-content\/uploads\/2025\/12\/Unknown-4-1.jpeg\" alt=\"  data-id=\" data-link=\"https:\/\/autoshow.ch\/?attachment_id=110339\" class=\"wp-image-110339\"><\/figure><\/li><\/ul><\/figure>\n\n<p>Mild-hib\u00adri\u00addi benzin\u00eb\/elektrik ka trans\u00admi\u00adsion\u00adin DSG t\u00eb njo\u00adhur t\u00eb VW-s\u00eb, i cili l\u00ebviz rro\u00adtat e p\u00ebr\u00adparme, ka 1.5 litra me 150 KF n\u00eb speci\u00adfi\u00adka dhe kreno\u00adhet me efik\u00ada\u00adsitet energjetik A.<\/p>\n\n<figure class=\"wp-block-gallery columns-3 is-cropped wp-block-gallery-2 is-layout-flex wp-block-gallery-is-layout-flex\"><ul class=\"blocks-gallery-grid\"><li class=\"blocks-gallery-item\"><figure><img decoding=\"async\" src=\"https:\/\/autoshow.ch\/wp-content\/uploads\/2025\/12\/Unknown-1-2.jpeg\" alt=\"  data-id=\" data-full-url=\"https:\/\/autoshow.ch\/wp-content\/uploads\/2025\/12\/Unknown-1-2.jpeg\" data-link=\"https:\/\/autoshow.ch\/?attachment_id=110340\" class=\"wp-image-110340\"><\/figure><\/li><li class=\"blocks-gallery-item\"><figure><img decoding=\"async\" src=\"https:\/\/autoshow.ch\/wp-content\/uploads\/2025\/12\/Unknown-2-1.jpeg\" alt=\"  data-id=\" data-full-url=\"https:\/\/autoshow.ch\/wp-content\/uploads\/2025\/12\/Unknown-2-1.jpeg\" data-link=\"https:\/\/autoshow.ch\/?attachment_id=110341\" class=\"wp-image-110341\"><\/figure><\/li><li class=\"blocks-gallery-item\"><figure><img decoding=\"async\" src=\"https:\/\/autoshow.ch\/wp-content\/uploads\/2025\/12\/Unknown-3-1.jpeg\" alt=\"  data-id=\" data-full-url=\"https:\/\/autoshow.ch\/wp-content\/uploads\/2025\/12\/Unknown-3-1.jpeg\" data-link=\"https:\/\/autoshow.ch\/?attachment_id=110342\" class=\"wp-image-110342\"><\/figure><\/li><li class=\"blocks-gallery-item\"><figure><img decoding=\"async\" src=\"https:\/\/autoshow.ch\/wp-content\/uploads\/2025\/12\/Unknown-4-1-1.jpeg\" alt=\"  data-id=\" data-full-url=\"https:\/\/autoshow.ch\/wp-content\/uploads\/2025\/12\/Unknown-4-1-1.jpeg\" data-link=\"https:\/\/autoshow.ch\/?attachment_id=110343\" class=\"wp-image-110343\"><\/figure><\/li><li class=\"blocks-gallery-item\"><figure><img decoding=\"async\" src=\"https:\/\/autoshow.ch\/wp-content\/uploads\/2025\/12\/Unknown-5-1.jpeg\" alt=\"  data-id=\" data-full-url=\"https:\/\/autoshow.ch\/wp-content\/uploads\/2025\/12\/Unknown-5-1.jpeg\" data-link=\"https:\/\/autoshow.ch\/?attachment_id=110344\" class=\"wp-image-110344\"><\/figure><\/li><li class=\"blocks-gallery-item\"><figure><img decoding=\"async\" src=\"https:\/\/autoshow.ch\/wp-content\/uploads\/2025\/12\/Unknown-6-1.jpeg\" alt=\"  data-id=\" data-full-url=\"https:\/\/autoshow.ch\/wp-content\/uploads\/2025\/12\/Unknown-6-1.jpeg\" data-link=\"https:\/\/autoshow.ch\/?attachment_id=110345\" class=\"wp-image-110345\"><\/figure><\/li><li class=\"blocks-gallery-item\"><figure><img decoding=\"async\" src=\"https:\/\/autoshow.ch\/wp-content\/uploads\/2025\/12\/Unknown-7-1.jpeg\" alt=\"  data-id=\" data-full-url=\"https:\/\/autoshow.ch\/wp-content\/uploads\/2025\/12\/Unknown-7-1.jpeg\" data-link=\"https:\/\/autoshow.ch\/?attachment_id=110346\" class=\"wp-image-110346\"><\/figure><\/li><li class=\"blocks-gallery-item\"><figure><img decoding=\"async\" src=\"https:\/\/autoshow.ch\/wp-content\/uploads\/2025\/12\/Unknown-8.jpeg\" alt=\"  data-id=\" data-full-url=\"https:\/\/autoshow.ch\/wp-content\/uploads\/2025\/12\/Unknown-8.jpeg\" data-link=\"https:\/\/autoshow.ch\/?attachment_id=110347\" class=\"wp-image-110347\"><\/figure><\/li><li class=\"blocks-gallery-item\"><figure><img decoding=\"async\" src=\"https:\/\/autoshow.ch\/wp-content\/uploads\/2025\/12\/Unknown-9.jpeg\" alt=\"  data-id=\" data-full-url=\"https:\/\/autoshow.ch\/wp-content\/uploads\/2025\/12\/Unknown-9.jpeg\" data-link=\"https:\/\/autoshow.ch\/?attachment_id=110348\" class=\"wp-image-110348\"><\/figure><\/li><li class=\"blocks-gallery-item\"><figure><img decoding=\"async\" src=\"https:\/\/autoshow.ch\/wp-content\/uploads\/2025\/12\/Unknown-10.jpeg\" alt=\"  data-id=\" data-full-url=\"https:\/\/autoshow.ch\/wp-content\/uploads\/2025\/12\/Unknown-10.jpeg\" data-link=\"https:\/\/autoshow.ch\/?attachment_id=110351\" class=\"wp-image-110351\"><\/figure><\/li><li class=\"blocks-gallery-item\"><figure><img decoding=\"async\" src=\"https:\/\/autoshow.ch\/wp-content\/uploads\/2025\/12\/Unknown-11.jpeg\" alt=\"  data-id=\" data-full-url=\"https:\/\/autoshow.ch\/wp-content\/uploads\/2025\/12\/Unknown-11.jpeg\" data-link=\"https:\/\/autoshow.ch\/?attachment_id=110352\" class=\"wp-image-110352\"><\/figure><\/li><li class=\"blocks-gallery-item\"><figure><img decoding=\"async\" src=\"https:\/\/autoshow.ch\/wp-content\/uploads\/2025\/12\/Unknown-12.jpeg\" alt=\"  data-id=\" data-full-url=\"https:\/\/autoshow.ch\/wp-content\/uploads\/2025\/12\/Unknown-12.jpeg\" data-link=\"https:\/\/autoshow.ch\/?attachment_id=110353\" class=\"wp-image-110353\"><\/figure><\/li><li class=\"blocks-gallery-item\"><figure><img decoding=\"async\" src=\"https:\/\/autoshow.ch\/wp-content\/uploads\/2025\/12\/Unknown-13.jpeg\" alt=\"  data-id=\" data-full-url=\"https:\/\/autoshow.ch\/wp-content\/uploads\/2025\/12\/Unknown-13.jpeg\" data-link=\"https:\/\/autoshow.ch\/?attachment_id=110354\" class=\"wp-image-110354\"><\/figure><\/li><li class=\"blocks-gallery-item\"><figure><img decoding=\"async\" src=\"https:\/\/autoshow.ch\/wp-content\/uploads\/2025\/12\/Unknown-14.jpeg\" alt=\"  data-id=\" data-full-url=\"https:\/\/autoshow.ch\/wp-content\/uploads\/2025\/12\/Unknown-14.jpeg\" data-link=\"https:\/\/autoshow.ch\/?attachment_id=110355\" class=\"wp-image-110355\"><\/figure><\/li><li class=\"blocks-gallery-item\"><figure><img decoding=\"async\" src=\"https:\/\/autoshow.ch\/wp-content\/uploads\/2025\/12\/Unknown-15.jpeg\" alt=\"  data-id=\" data-full-url=\"https:\/\/autoshow.ch\/wp-content\/uploads\/2025\/12\/Unknown-15.jpeg\" data-link=\"https:\/\/autoshow.ch\/?attachment_id=110356\" class=\"wp-image-110356\"><\/figure><\/li><li class=\"blocks-gallery-item\"><figure><img decoding=\"async\" src=\"https:\/\/autoshow.ch\/wp-content\/uploads\/2025\/12\/Unknown-16-1.jpeg\" alt=\"  data-id=\" data-full-url=\"https:\/\/autoshow.ch\/wp-content\/uploads\/2025\/12\/Unknown-16-1.jpeg\" data-link=\"https:\/\/autoshow.ch\/?attachment_id=110357\" class=\"wp-image-110357\"><\/figure><\/li><li class=\"blocks-gallery-item\"><figure><img decoding=\"async\" src=\"https:\/\/autoshow.ch\/wp-content\/uploads\/2025\/12\/Unknown-17.jpeg\" alt=\"  data-id=\" data-full-url=\"https:\/\/autoshow.ch\/wp-content\/uploads\/2025\/12\/Unknown-17.jpeg\" data-link=\"https:\/\/autoshow.ch\/?attachment_id=110358\" class=\"wp-image-110358\"><\/figure><\/li><li class=\"blocks-gallery-item\"><figure><img decoding=\"async\" src=\"https:\/\/autoshow.ch\/wp-content\/uploads\/2025\/12\/Unknown-16.jpeg\" alt=\"  data-id=\" data-full-url=\"https:\/\/autoshow.ch\/wp-content\/uploads\/2025\/12\/Unknown-16.jpeg\" data-link=\"https:\/\/autoshow.ch\/?attachment_id=110359\" class=\"wp-image-110359\"><\/figure><\/li><\/ul><\/figure>\n","protected":false},"excerpt":{"rendered":"<p>VW Golf 1.5 eTSI R\u2011Line DSG \u2014 8 cop\u00eb t\u00eb disponueshme men\u00adj\u00ebher\u00eb nga stoku p\u00ebr vet\u00eb\u2026<\/p>\n","protected":false},"author":31,"featured_media":227166,"comment_status":"closed","ping_status":"closed","sticky":false,"template":"","format":"standard","meta":{"_acf_changed":false,"inline_featured_image":false,"wp_typography_post_enhancements_disabled":false,"footnotes":""},"categories":[665],"tags":[],"class_list":["post-227165","post","type-post","status-publish","format-standard","has-post-thumbnail","hentry","category-aksion"],"acf":[],"yoast_head":"<!-- This site is optimized with the Yoast SEO plugin v27.4 - https:\/\/yoast.com\/product\/yoast-seo-wordpress\/ -->\n<title>VW Golf R-Line n\u00eb stok | Autoshow Aathal AG<\/title>\n<meta name=\"description\" content=\"VW Golf 1.5 eTSI R-Line DSG - 8 cop\u00eb t\u00eb disponueshme menj\u00ebher\u00eb nga stoku p\u00ebr vet\u00ebm CHF 38&#039;700 ose n\u00eb muaj nga CHF 441\" \/>\n<meta name=\"robots\" content=\"index, follow, max-snippet:-1, max-image-preview:large, max-video-preview:-1\" \/>\n<link rel=\"canonical\" href=\"https:\/\/autoshow.ch\/sq\/news\/vw-golf-r-line-ne-stok\/\" \/>\n<meta property=\"og:locale\" content=\"sq_AL\" \/>\n<meta property=\"og:type\" content=\"article\" \/>\n<meta property=\"og:title\" content=\"VW Golf R-Line n\u00eb stok | Autoshow Aathal AG\" \/>\n<meta property=\"og:description\" content=\"VW Golf 1.5 eTSI R-Line DSG - 8 cop\u00eb t\u00eb disponueshme menj\u00ebher\u00eb nga stoku p\u00ebr vet\u00ebm CHF 38&#039;700 ose n\u00eb muaj nga CHF 441\" \/>\n<meta property=\"og:url\" content=\"https:\/\/autoshow.ch\/sq\/news\/vw-golf-r-line-ne-stok\/\" \/>\n<meta property=\"og:site_name\" content=\"Autoshow Aathal AG\" \/>\n<meta property=\"article:publisher\" content=\"https:\/\/www.facebook.com\/autoshow.ch\" \/>\n<meta property=\"article:published_time\" content=\"2022-02-28T10:05:00+00:00\" \/>\n<meta property=\"article:modified_time\" content=\"2026-04-10T08:28:47+00:00\" \/>\n<meta property=\"og:image\" content=\"https:\/\/autoshow.ch\/wp-content\/uploads\/2025\/12\/wir-gehoeren-zu-den-besten-autoshow-9.jpeg\" \/>\n\t<meta property=\"og:image:width\" content=\"1146\" \/>\n\t<meta property=\"og:image:height\" content=\"1536\" \/>\n\t<meta property=\"og:image:type\" content=\"image\/jpeg\" \/>\n<meta name=\"author\" content=\"Marketing Autoshow\" \/>\n<meta name=\"twitter:card\" content=\"summary_large_image\" \/>\n<!-- \/ Yoast SEO plugin. -->","yoast_head_json":{"title":"VW Golf R-Line n\u00eb stok | Autoshow Aathal AG","description":"VW Golf 1.5 eTSI R-Line DSG - 8 cop\u00eb t\u00eb disponueshme menj\u00ebher\u00eb nga stoku p\u00ebr vet\u00ebm CHF 38'700 ose n\u00eb muaj nga CHF 441","robots":{"index":"index","follow":"follow","max-snippet":"max-snippet:-1","max-image-preview":"max-image-preview:large","max-video-preview":"max-video-preview:-1"},"canonical":"https:\/\/autoshow.ch\/sq\/news\/vw-golf-r-line-ne-stok\/","og_locale":"sq_AL","og_type":"article","og_title":"VW Golf R-Line n\u00eb stok | Autoshow Aathal AG","og_description":"VW Golf 1.5 eTSI R-Line DSG - 8 cop\u00eb t\u00eb disponueshme menj\u00ebher\u00eb nga stoku p\u00ebr vet\u00ebm CHF 38'700 ose n\u00eb muaj nga CHF 441","og_url":"https:\/\/autoshow.ch\/sq\/news\/vw-golf-r-line-ne-stok\/","og_site_name":"Autoshow Aathal AG","article_publisher":"https:\/\/www.facebook.com\/autoshow.ch","article_published_time":"2022-02-28T10:05:00+00:00","article_modified_time":"2026-04-10T08:28:47+00:00","og_image":[{"width":1146,"height":1536,"url":"https:\/\/autoshow.ch\/wp-content\/uploads\/2025\/12\/wir-gehoeren-zu-den-besten-autoshow-9.jpeg","type":"image\/jpeg"}],"author":"Marketing Autoshow","twitter_card":"summary_large_image","schema":{"@context":"https:\/\/schema.org","@graph":[{"@type":["Article","BlogPosting"],"@id":"https:\/\/autoshow.ch\/sq\/news\/vw-golf-r-line-ne-stok\/#article","isPartOf":{"@id":"https:\/\/autoshow.ch\/sq\/news\/vw-golf-r-line-ne-stok\/"},"author":{"name":"Marketing Autoshow","@id":"https:\/\/autoshow.ch\/sq\/#\/schema\/person\/0fc96e1a12fbe3a05e1059e7b26ca148"},"headline":"VW Golf R\u2011Line n\u00eb stok","datePublished":"2022-02-28T10:05:00+00:00","dateModified":"2026-04-10T08:28:47+00:00","mainEntityOfPage":{"@id":"https:\/\/autoshow.ch\/sq\/news\/vw-golf-r-line-ne-stok\/"},"wordCount":193,"publisher":{"@id":"https:\/\/autoshow.ch\/sq\/#organization"},"image":{"@id":"https:\/\/autoshow.ch\/sq\/news\/vw-golf-r-line-ne-stok\/#primaryimage"},"thumbnailUrl":"https:\/\/autoshow.ch\/wp-content\/uploads\/2025\/12\/wir-gehoeren-zu-den-besten-autoshow-9.jpeg","articleSection":["AKSION"],"inLanguage":"sq"},{"@type":"WebPage","@id":"https:\/\/autoshow.ch\/sq\/news\/vw-golf-r-line-ne-stok\/","url":"https:\/\/autoshow.ch\/sq\/news\/vw-golf-r-line-ne-stok\/","name":"VW Golf R-Line n\u00eb stok | Autoshow Aathal AG","isPartOf":{"@id":"https:\/\/autoshow.ch\/sq\/#website"},"primaryImageOfPage":{"@id":"https:\/\/autoshow.ch\/sq\/news\/vw-golf-r-line-ne-stok\/#primaryimage"},"image":{"@id":"https:\/\/autoshow.ch\/sq\/news\/vw-golf-r-line-ne-stok\/#primaryimage"},"thumbnailUrl":"https:\/\/autoshow.ch\/wp-content\/uploads\/2025\/12\/wir-gehoeren-zu-den-besten-autoshow-9.jpeg","datePublished":"2022-02-28T10:05:00+00:00","dateModified":"2026-04-10T08:28:47+00:00","description":"VW Golf 1.5 eTSI R-Line DSG - 8 cop\u00eb t\u00eb disponueshme menj\u00ebher\u00eb nga stoku p\u00ebr vet\u00ebm CHF 38'700 ose n\u00eb muaj nga CHF 441","breadcrumb":{"@id":"https:\/\/autoshow.ch\/sq\/news\/vw-golf-r-line-ne-stok\/#breadcrumb"},"inLanguage":"sq","potentialAction":[{"@type":"ReadAction","target":["https:\/\/autoshow.ch\/sq\/news\/vw-golf-r-line-ne-stok\/"]}]},{"@type":"ImageObject","inLanguage":"sq","@id":"https:\/\/autoshow.ch\/sq\/news\/vw-golf-r-line-ne-stok\/#primaryimage","url":"https:\/\/autoshow.ch\/wp-content\/uploads\/2025\/12\/wir-gehoeren-zu-den-besten-autoshow-9.jpeg","contentUrl":"https:\/\/autoshow.ch\/wp-content\/uploads\/2025\/12\/wir-gehoeren-zu-den-besten-autoshow-9.jpeg","width":1146,"height":1536,"caption":"VW Golf R-Line n\u00eb stok - Autoshow Aathal AG pran\u00eb Uster ofron automjete t\u00eb p\u00ebrdorura dhe t\u00eb reja me \u00e7mime t\u00eb favorshme 21"},{"@type":"BreadcrumbList","@id":"https:\/\/autoshow.ch\/sq\/news\/vw-golf-r-line-ne-stok\/#breadcrumb","itemListElement":[{"@type":"ListItem","position":1,"name":"Startseite","item":"https:\/\/autoshow.ch\/sq\/"},{"@type":"ListItem","position":2,"name":"VW Golf R\u2011Line n\u00eb stok"}]},{"@type":"WebSite","@id":"https:\/\/autoshow.ch\/sq\/#website","url":"https:\/\/autoshow.ch\/sq\/","name":"Autoshow Aathal AG","description":"bei Uster bietet g\u00fcnstige Occasionen und Neuwagen","publisher":{"@id":"https:\/\/autoshow.ch\/sq\/#organization"},"alternateName":"Autoshow","potentialAction":[{"@type":"SearchAction","target":{"@type":"EntryPoint","urlTemplate":"https:\/\/autoshow.ch\/sq\/?s={search_term_string}"},"query-input":{"@type":"PropertyValueSpecification","valueRequired":true,"valueName":"search_term_string"}}],"inLanguage":"sq"},{"@type":"Organization","@id":"https:\/\/autoshow.ch\/sq\/#organization","name":"Autoshow Aathal AG","alternateName":"Autoshow","url":"https:\/\/autoshow.ch\/sq\/","logo":{"@type":"ImageObject","inLanguage":"sq","@id":"https:\/\/autoshow.ch\/sq\/#\/schema\/logo\/image\/","url":"https:\/\/autoshow.ch\/wp-content\/uploads\/2025\/12\/autoshow-aathal-ag-logo@696x696.png","contentUrl":"https:\/\/autoshow.ch\/wp-content\/uploads\/2025\/12\/autoshow-aathal-ag-logo@696x696.png","width":696,"height":696,"caption":"Autoshow Aathal AG"},"image":{"@id":"https:\/\/autoshow.ch\/sq\/#\/schema\/logo\/image\/"},"sameAs":["https:\/\/www.facebook.com\/autoshow.ch","https:\/\/www.instagram.com\/autoshow_aathal\/","https:\/\/www.linkedin.com\/company\/autoshow-aathal-ag","https:\/\/www.youtube.com\/user\/AutoshowAathal"]},{"@type":"Person","@id":"https:\/\/autoshow.ch\/sq\/#\/schema\/person\/0fc96e1a12fbe3a05e1059e7b26ca148","name":"Marketing Autoshow","image":{"@type":"ImageObject","inLanguage":"sq","@id":"https:\/\/autoshow.ch\/wp-content\/litespeed\/avatar\/46547ed71fe40fb39a471b2711fab529.jpg?ver=1776774629","url":"https:\/\/autoshow.ch\/wp-content\/litespeed\/avatar\/46547ed71fe40fb39a471b2711fab529.jpg?ver=1776774629","contentUrl":"https:\/\/autoshow.ch\/wp-content\/litespeed\/avatar\/46547ed71fe40fb39a471b2711fab529.jpg?ver=1776774629","caption":"Marketing Autoshow"},"sameAs":["https:\/\/autoshow.ch"]}]}},"_links":{"self":[{"href":"https:\/\/autoshow.ch\/sq\/wp-json\/wp\/v2\/posts\/227165","targetHints":{"allow":["GET"]}}],"collection":[{"href":"https:\/\/autoshow.ch\/sq\/wp-json\/wp\/v2\/posts"}],"about":[{"href":"https:\/\/autoshow.ch\/sq\/wp-json\/wp\/v2\/types\/post"}],"author":[{"embeddable":true,"href":"https:\/\/autoshow.ch\/sq\/wp-json\/wp\/v2\/users\/31"}],"replies":[{"embeddable":true,"href":"https:\/\/autoshow.ch\/sq\/wp-json\/wp\/v2\/comments?post=227165"}],"version-history":[{"count":1,"href":"https:\/\/autoshow.ch\/sq\/wp-json\/wp\/v2\/posts\/227165\/revisions"}],"predecessor-version":[{"id":227167,"href":"https:\/\/autoshow.ch\/sq\/wp-json\/wp\/v2\/posts\/227165\/revisions\/227167"}],"wp:featuredmedia":[{"embeddable":true,"href":"https:\/\/autoshow.ch\/sq\/wp-json\/wp\/v2\/media\/227166"}],"wp:attachment":[{"href":"https:\/\/autoshow.ch\/sq\/wp-json\/wp\/v2\/media?parent=227165"}],"wp:term":[{"taxonomy":"category","embeddable":true,"href":"https:\/\/autoshow.ch\/sq\/wp-json\/wp\/v2\/categories?post=227165"},{"taxonomy":"post_tag","embeddable":true,"href":"https:\/\/autoshow.ch\/sq\/wp-json\/wp\/v2\/tags?post=227165"}],"curies":[{"name":"wp","href":"https:\/\/api.w.org\/{rel}","templated":true}]}}