{"id":227146,"date":"2021-10-02T07:12:00","date_gmt":"2021-10-02T05:12:00","guid":{"rendered":"https:\/\/autoshow.ch\/news\/jemi-nder-me-te-miret\/"},"modified":"2026-04-10T10:28:20","modified_gmt":"2026-04-10T08:28:20","slug":"jemi-nder-me-te-miret","status":"publish","type":"post","link":"https:\/\/autoshow.ch\/sq\/news\/jemi-nder-me-te-miret\/","title":{"rendered":"Jemi nd\u00ebr m\u00eb t\u00eb mir\u00ebt"},"content":{"rendered":"\n<h2 class=\"wp-block-heading\">Shit\u00ebsit m\u00eb t\u00eb mir\u00eb t\u00eb automjeteve 2021 n\u00eb Zvic\u00ebr<\/h2>\n\n<p><strong>Autoshow Aathal \u00ebsht\u00eb shpal\u00adlur nga AUTO BILD dhe insti\u00adtu\u00adti i k\u00ebrkim\u00adit t\u00eb tregut Sta\u00adtista si nj\u00eb nga 500 shit\u00ebsit m\u00eb t\u00eb mir\u00eb t\u00eb autom\u00adjeteve n\u00eb Zvic\u00ebr 2021.<\/strong><\/p>\n\n<p>Rreth 3000 bler\u00ebs autom\u00adjetesh dhe 2500 garazhista u pyet\u00ebn p\u00ebr t\u00eb vler\u00eb\u00adsuar shit\u00ebsit n\u00eb kat\u00ebr kat\u00ade\u00adgorit\u00eb <strong>K\u00ebshillim, Ofer\u00adt\u00eb, \u00c7mim<\/strong> dhe <strong>P\u00ebr\u00adshtyp\u00adje e p\u00ebrgjithshme<\/strong>.<\/p>\n\n<p>P\u00ebr her\u00eb t\u00eb par\u00eb, AUTO BILD dhe Sta\u00adtista GmbH p\u00ebr\u00adcak\u00adtu\u00adan 500 shit\u00ebsit m\u00eb t\u00eb mir\u00eb t\u00eb autom\u00adjeteve t\u00eb reja dhe t\u00eb p\u00ebr\u00addoru\u00adra n\u00eb Zvic\u00ebr, p\u00ebr t\u2019u ofru\u00adar bler\u00ebsve pri\u00advat\u00eb t\u00eb autom\u00adjeteve ori\u00aden\u00adtim n\u00eb peiza\u00adzhin rajon\u00adal t\u00eb shit\u00ebsve t\u00eb autom\u00adjeteve me mbi 5000 shit\u00ebs n\u00eb Zvic\u00ebr. <a href=\"https:\/\/www.autobild.de\/artikel\/die-500-besten-autohaendler-der-schweiz-2021-19447953.html\">Lista e Top<\/a>it t\u00eb <a href=\"https:\/\/www.autobild.de\/artikel\/die-500-besten-autohaendler-der-schweiz-2021-19447953.html\">500 shit\u00ebsve m\u00eb t\u00eb mir\u00eb t\u00eb autom\u00adjeteve<\/a> u har\u00adtua bazuar n\u00eb vler\u00ebsimet e nj\u00eb son\u00addazhi t\u00eb gjer\u00eb t\u00eb klien\u00adt\u00ebve dhe reko\u00admandimin e vet\u00eb shit\u00ebsve t\u00eb autom\u00adjeteve.  <\/p>\n\n<figure class=\"wp-block-image\"><img decoding=\"async\" src=\"https:\/\/autoshow.ch\/wp-content\/uploads\/2025\/12\/wir-gehoeren-zu-den-besten-autoshow-6.jpeg\" alt=\"Jemi nd\u00ebr m\u00eb t\u00eb mir\u00ebt - Autoshow Aathal AG 5\" class=\"wp-image-99585\"><\/figure>\n\n<p><a href=\"https:\/\/www.autobild.de\/artikel\/die-500-besten-autohaendler-der-schweiz-2021-19447953.html\">K\u00cbTU<\/a> mund t\u00eb gjeni raportin e AUTO BILD.<\/p>\n\n<figure class=\"wp-block-gallery columns-3 is-cropped wp-block-gallery-1 is-layout-flex wp-block-gallery-is-layout-flex\"><ul class=\"blocks-gallery-grid\"><li class=\"blocks-gallery-item\"><figure><img decoding=\"async\" src=\"https:\/\/autoshow.ch\/wp-content\/uploads\/2025\/12\/wir-gehoeren-zu-den-besten-autoshow-8.png\" alt=\"Jemi nd\u00ebr m\u00eb t\u00eb mir\u00ebt - Autoshow Aathal AG 7\" data-id=\"100448\" data-full-url=\"https:\/\/autoshow.ch\/wp-content\/uploads\/2025\/12\/wir-gehoeren-zu-den-besten-autoshow-8.png\" data-link=\"https:\/\/autoshow.ch\/news\/wir-gehoeren-zu-den-besten\/wir-gehoeren-zu-den-besten-autoshow-8\/\" class=\"wp-image-100448\"><\/figure><\/li><li class=\"blocks-gallery-item\"><figure><img decoding=\"async\" src=\"https:\/\/autoshow.ch\/wp-content\/uploads\/2025\/12\/wir-gehoeren-zu-den-besten-autoshow-6.jpeg\" alt=\"Jemi nd\u00ebr m\u00eb t\u00eb mir\u00ebt - Autoshow Aathal AG 5\" data-id=\"99585\" data-full-url=\"https:\/\/autoshow.ch\/wp-content\/uploads\/2025\/12\/wir-gehoeren-zu-den-besten-autoshow-6.jpeg\" data-link=\"https:\/\/autoshow.ch\/news\/wir-gehoeren-zu-den-besten\/wir-gehoeren-zu-den-besten-autoshow-6\/\" class=\"wp-image-99585\"><\/figure><\/li><li class=\"blocks-gallery-item\"><figure><img decoding=\"async\" src=\"https:\/\/autoshow.ch\/wp-content\/uploads\/2025\/12\/wir-gehoeren-zu-den-besten-autoshow-7.jpeg\" alt=\"Jemi nd\u00ebr m\u00eb t\u00eb mir\u00ebt - Autoshow Aathal AG 6\" data-id=\"99587\" data-full-url=\"https:\/\/autoshow.ch\/wp-content\/uploads\/2025\/12\/wir-gehoeren-zu-den-besten-autoshow-7.jpeg\" data-link=\"https:\/\/autoshow.ch\/news\/wir-gehoeren-zu-den-besten\/wir-gehoeren-zu-den-besten-autoshow-7\/\" class=\"wp-image-99587\"><\/figure><\/li><li class=\"blocks-gallery-item\"><figure><img decoding=\"async\" src=\"https:\/\/autoshow.ch\/wp-content\/uploads\/2025\/12\/wir-gehoeren-zu-den-besten-autoshow-5.jpeg\" alt=\"Jemi nd\u00ebr m\u00eb t\u00eb mir\u00ebt - Autoshow Aathal AG 4\" data-id=\"99584\" data-full-url=\"https:\/\/autoshow.ch\/wp-content\/uploads\/2025\/12\/wir-gehoeren-zu-den-besten-autoshow-5.jpeg\" data-link=\"https:\/\/autoshow.ch\/news\/wir-gehoeren-zu-den-besten\/wir-gehoeren-zu-den-besten-autoshow-5\/\" class=\"wp-image-99584\"><\/figure><\/li><li class=\"blocks-gallery-item\"><figure><img decoding=\"async\" src=\"https:\/\/autoshow.ch\/wp-content\/uploads\/2025\/12\/home-autoshow-19.jpeg\" alt=\"Ballina - Autoshow Aathal AG 43\" data-id=\"84807\" data-full-url=\"https:\/\/autoshow.ch\/wp-content\/uploads\/2025\/12\/home-autoshow-19.jpeg\" data-link=\"https:\/\/autoshow.ch\/home\/home-autoshow-19\/\" class=\"wp-image-84807\"><\/figure><\/li><li class=\"blocks-gallery-item\"><figure><img decoding=\"async\" src=\"https:\/\/autoshow.ch\/wp-content\/uploads\/2025\/12\/home-autoshow-23.jpeg\" alt=\"Ballina - Autoshow Aathal AG 47\" data-id=\"84815\" data-full-url=\"https:\/\/autoshow.ch\/wp-content\/uploads\/2025\/12\/home-autoshow-23.jpeg\" data-link=\"https:\/\/autoshow.ch\/home\/home-autoshow-23\/\" class=\"wp-image-84815\"><\/figure><\/li><li class=\"blocks-gallery-item\"><figure><img decoding=\"async\" src=\"https:\/\/autoshow.ch\/wp-content\/uploads\/2025\/12\/home-autoshow-21.jpeg\" alt=\"Ballina - Autoshow Aathal AG 45\" data-id=\"84811\" data-full-url=\"https:\/\/autoshow.ch\/wp-content\/uploads\/2025\/12\/home-autoshow-21.jpeg\" data-link=\"https:\/\/autoshow.ch\/home\/home-autoshow-21\/\" class=\"wp-image-84811\"><\/figure><\/li><li class=\"blocks-gallery-item\"><figure><img decoding=\"async\" src=\"https:\/\/autoshow.ch\/wp-content\/uploads\/2025\/12\/image0.jpeg\" alt=\"Oferta speciale me \u00e7mime t\u00eb pakrahasueshme - Autoshow Aathal AG 9\" data-id=\"83334\" data-full-url=\"https:\/\/autoshow.ch\/wp-content\/uploads\/2025\/12\/image0.jpeg\" data-link=\"https:\/\/autoshow.ch\/?attachment_id=83334\" class=\"wp-image-83334\"><\/figure><\/li><li class=\"blocks-gallery-item\"><figure><img decoding=\"async\" src=\"https:\/\/autoshow.ch\/wp-content\/uploads\/2025\/12\/image2.jpeg\" alt=\"Oferta speciale me \u00e7mime t\u00eb pap\u00ebrballueshme - Autoshow Aathal AG 7\" data-id=\"83336\" data-full-url=\"https:\/\/autoshow.ch\/wp-content\/uploads\/2025\/12\/image2.jpeg\" data-link=\"https:\/\/autoshow.ch\/?attachment_id=83336\" class=\"wp-image-83336\"><\/figure><\/li><\/ul><\/figure>\n","protected":false},"excerpt":{"rendered":"<p>Autoshow Aathal AG merr \u00e7mimin \u201cShit\u00ebsit m\u00eb t\u00eb mir\u00eb t\u00eb autom\u00adjeteve n\u00eb Zvic\u00ebr 2021\u201d\u2026<\/p>\n","protected":false},"author":31,"featured_media":227147,"comment_status":"closed","ping_status":"closed","sticky":false,"template":"","format":"standard","meta":{"_acf_changed":false,"inline_featured_image":false,"wp_typography_post_enhancements_disabled":false,"footnotes":""},"categories":[665],"tags":[],"class_list":["post-227146","post","type-post","status-publish","format-standard","has-post-thumbnail","hentry","category-aksion"],"acf":[],"yoast_head":"<!-- This site is optimized with the Yoast SEO plugin v27.4 - https:\/\/yoast.com\/product\/yoast-seo-wordpress\/ -->\n<title>Jemi nd\u00ebr m\u00eb t\u00eb mir\u00ebt | Autoshow Aathal AG<\/title>\n<meta name=\"description\" content=\"Autoshow Aathal AG merr \u00e7mimin &quot;Shit\u00ebsit m\u00eb t\u00eb mir\u00eb t\u00eb automjeteve n\u00eb Zvic\u00ebr 2021&quot; - jemi nd\u00ebr 500 shit\u00ebsit m\u00eb t\u00eb mir\u00eb t\u00eb automjeteve\" \/>\n<meta name=\"robots\" content=\"index, follow, max-snippet:-1, max-image-preview:large, max-video-preview:-1\" \/>\n<link rel=\"canonical\" href=\"https:\/\/autoshow.ch\/sq\/news\/jemi-nder-me-te-miret\/\" \/>\n<meta property=\"og:locale\" content=\"sq_AL\" \/>\n<meta property=\"og:type\" content=\"article\" \/>\n<meta property=\"og:title\" content=\"Jemi nd\u00ebr m\u00eb t\u00eb mir\u00ebt | Autoshow Aathal AG\" \/>\n<meta property=\"og:description\" content=\"Autoshow Aathal AG merr \u00e7mimin &quot;Shit\u00ebsit m\u00eb t\u00eb mir\u00eb t\u00eb automjeteve n\u00eb Zvic\u00ebr 2021&quot; - jemi nd\u00ebr 500 shit\u00ebsit m\u00eb t\u00eb mir\u00eb t\u00eb automjeteve\" \/>\n<meta property=\"og:url\" content=\"https:\/\/autoshow.ch\/sq\/news\/jemi-nder-me-te-miret\/\" \/>\n<meta property=\"og:site_name\" content=\"Autoshow Aathal AG\" \/>\n<meta property=\"article:publisher\" content=\"https:\/\/www.facebook.com\/autoshow.ch\" \/>\n<meta property=\"article:published_time\" content=\"2021-10-02T05:12:00+00:00\" \/>\n<meta property=\"article:modified_time\" content=\"2026-04-10T08:28:20+00:00\" \/>\n<meta property=\"og:image\" content=\"https:\/\/autoshow.ch\/wp-content\/uploads\/2025\/12\/wir-gehoeren-zu-den-besten-autoshow-5.jpeg\" \/>\n\t<meta property=\"og:image:width\" content=\"1236\" \/>\n\t<meta property=\"og:image:height\" content=\"1536\" \/>\n\t<meta property=\"og:image:type\" content=\"image\/jpeg\" \/>\n<meta name=\"author\" content=\"Marketing Autoshow\" \/>\n<meta name=\"twitter:card\" content=\"summary_large_image\" \/>\n<!-- \/ Yoast SEO plugin. -->","yoast_head_json":{"title":"Jemi nd\u00ebr m\u00eb t\u00eb mir\u00ebt | Autoshow Aathal AG","description":"Autoshow Aathal AG merr \u00e7mimin \"Shit\u00ebsit m\u00eb t\u00eb mir\u00eb t\u00eb automjeteve n\u00eb Zvic\u00ebr 2021\" - jemi nd\u00ebr 500 shit\u00ebsit m\u00eb t\u00eb mir\u00eb t\u00eb automjeteve","robots":{"index":"index","follow":"follow","max-snippet":"max-snippet:-1","max-image-preview":"max-image-preview:large","max-video-preview":"max-video-preview:-1"},"canonical":"https:\/\/autoshow.ch\/sq\/news\/jemi-nder-me-te-miret\/","og_locale":"sq_AL","og_type":"article","og_title":"Jemi nd\u00ebr m\u00eb t\u00eb mir\u00ebt | Autoshow Aathal AG","og_description":"Autoshow Aathal AG merr \u00e7mimin \"Shit\u00ebsit m\u00eb t\u00eb mir\u00eb t\u00eb automjeteve n\u00eb Zvic\u00ebr 2021\" - jemi nd\u00ebr 500 shit\u00ebsit m\u00eb t\u00eb mir\u00eb t\u00eb automjeteve","og_url":"https:\/\/autoshow.ch\/sq\/news\/jemi-nder-me-te-miret\/","og_site_name":"Autoshow Aathal AG","article_publisher":"https:\/\/www.facebook.com\/autoshow.ch","article_published_time":"2021-10-02T05:12:00+00:00","article_modified_time":"2026-04-10T08:28:20+00:00","og_image":[{"width":1236,"height":1536,"url":"https:\/\/autoshow.ch\/wp-content\/uploads\/2025\/12\/wir-gehoeren-zu-den-besten-autoshow-5.jpeg","type":"image\/jpeg"}],"author":"Marketing Autoshow","twitter_card":"summary_large_image","schema":{"@context":"https:\/\/schema.org","@graph":[{"@type":["Article","BlogPosting"],"@id":"https:\/\/autoshow.ch\/sq\/news\/jemi-nder-me-te-miret\/#article","isPartOf":{"@id":"https:\/\/autoshow.ch\/sq\/news\/jemi-nder-me-te-miret\/"},"author":{"name":"Marketing Autoshow","@id":"https:\/\/autoshow.ch\/sq\/#\/schema\/person\/0fc96e1a12fbe3a05e1059e7b26ca148"},"headline":"Jemi nd\u00ebr m\u00eb t\u00eb mir\u00ebt","datePublished":"2021-10-02T05:12:00+00:00","dateModified":"2026-04-10T08:28:20+00:00","mainEntityOfPage":{"@id":"https:\/\/autoshow.ch\/sq\/news\/jemi-nder-me-te-miret\/"},"wordCount":171,"publisher":{"@id":"https:\/\/autoshow.ch\/sq\/#organization"},"image":{"@id":"https:\/\/autoshow.ch\/sq\/news\/jemi-nder-me-te-miret\/#primaryimage"},"thumbnailUrl":"https:\/\/autoshow.ch\/wp-content\/uploads\/2025\/12\/wir-gehoeren-zu-den-besten-autoshow-5.jpeg","articleSection":["AKSION"],"inLanguage":"sq"},{"@type":"WebPage","@id":"https:\/\/autoshow.ch\/sq\/news\/jemi-nder-me-te-miret\/","url":"https:\/\/autoshow.ch\/sq\/news\/jemi-nder-me-te-miret\/","name":"Jemi nd\u00ebr m\u00eb t\u00eb mir\u00ebt | Autoshow Aathal AG","isPartOf":{"@id":"https:\/\/autoshow.ch\/sq\/#website"},"primaryImageOfPage":{"@id":"https:\/\/autoshow.ch\/sq\/news\/jemi-nder-me-te-miret\/#primaryimage"},"image":{"@id":"https:\/\/autoshow.ch\/sq\/news\/jemi-nder-me-te-miret\/#primaryimage"},"thumbnailUrl":"https:\/\/autoshow.ch\/wp-content\/uploads\/2025\/12\/wir-gehoeren-zu-den-besten-autoshow-5.jpeg","datePublished":"2021-10-02T05:12:00+00:00","dateModified":"2026-04-10T08:28:20+00:00","description":"Autoshow Aathal AG merr \u00e7mimin \"Shit\u00ebsit m\u00eb t\u00eb mir\u00eb t\u00eb automjeteve n\u00eb Zvic\u00ebr 2021\" - jemi nd\u00ebr 500 shit\u00ebsit m\u00eb t\u00eb mir\u00eb t\u00eb automjeteve","breadcrumb":{"@id":"https:\/\/autoshow.ch\/sq\/news\/jemi-nder-me-te-miret\/#breadcrumb"},"inLanguage":"sq","potentialAction":[{"@type":"ReadAction","target":["https:\/\/autoshow.ch\/sq\/news\/jemi-nder-me-te-miret\/"]}]},{"@type":"ImageObject","inLanguage":"sq","@id":"https:\/\/autoshow.ch\/sq\/news\/jemi-nder-me-te-miret\/#primaryimage","url":"https:\/\/autoshow.ch\/wp-content\/uploads\/2025\/12\/wir-gehoeren-zu-den-besten-autoshow-5.jpeg","contentUrl":"https:\/\/autoshow.ch\/wp-content\/uploads\/2025\/12\/wir-gehoeren-zu-den-besten-autoshow-5.jpeg","width":1236,"height":1536,"caption":"Jemi nd\u00ebr m\u00eb t\u00eb mir\u00ebt - Autoshow Aathal AG pran\u00eb Uster ofron automjete t\u00eb p\u00ebrdorura dhe t\u00eb reja me \u00e7mime t\u00eb favorshme"},{"@type":"BreadcrumbList","@id":"https:\/\/autoshow.ch\/sq\/news\/jemi-nder-me-te-miret\/#breadcrumb","itemListElement":[{"@type":"ListItem","position":1,"name":"Startseite","item":"https:\/\/autoshow.ch\/sq\/"},{"@type":"ListItem","position":2,"name":"Jemi nd\u00ebr m\u00eb t\u00eb mir\u00ebt"}]},{"@type":"WebSite","@id":"https:\/\/autoshow.ch\/sq\/#website","url":"https:\/\/autoshow.ch\/sq\/","name":"Autoshow Aathal AG","description":"bei Uster bietet g\u00fcnstige Occasionen und Neuwagen","publisher":{"@id":"https:\/\/autoshow.ch\/sq\/#organization"},"alternateName":"Autoshow","potentialAction":[{"@type":"SearchAction","target":{"@type":"EntryPoint","urlTemplate":"https:\/\/autoshow.ch\/sq\/?s={search_term_string}"},"query-input":{"@type":"PropertyValueSpecification","valueRequired":true,"valueName":"search_term_string"}}],"inLanguage":"sq"},{"@type":"Organization","@id":"https:\/\/autoshow.ch\/sq\/#organization","name":"Autoshow Aathal AG","alternateName":"Autoshow","url":"https:\/\/autoshow.ch\/sq\/","logo":{"@type":"ImageObject","inLanguage":"sq","@id":"https:\/\/autoshow.ch\/sq\/#\/schema\/logo\/image\/","url":"https:\/\/autoshow.ch\/wp-content\/uploads\/2025\/12\/autoshow-aathal-ag-logo@696x696.png","contentUrl":"https:\/\/autoshow.ch\/wp-content\/uploads\/2025\/12\/autoshow-aathal-ag-logo@696x696.png","width":696,"height":696,"caption":"Autoshow Aathal AG"},"image":{"@id":"https:\/\/autoshow.ch\/sq\/#\/schema\/logo\/image\/"},"sameAs":["https:\/\/www.facebook.com\/autoshow.ch","https:\/\/www.instagram.com\/autoshow_aathal\/","https:\/\/www.linkedin.com\/company\/autoshow-aathal-ag","https:\/\/www.youtube.com\/user\/AutoshowAathal"]},{"@type":"Person","@id":"https:\/\/autoshow.ch\/sq\/#\/schema\/person\/0fc96e1a12fbe3a05e1059e7b26ca148","name":"Marketing Autoshow","image":{"@type":"ImageObject","inLanguage":"sq","@id":"https:\/\/autoshow.ch\/wp-content\/litespeed\/avatar\/46547ed71fe40fb39a471b2711fab529.jpg?ver=1776774629","url":"https:\/\/autoshow.ch\/wp-content\/litespeed\/avatar\/46547ed71fe40fb39a471b2711fab529.jpg?ver=1776774629","contentUrl":"https:\/\/autoshow.ch\/wp-content\/litespeed\/avatar\/46547ed71fe40fb39a471b2711fab529.jpg?ver=1776774629","caption":"Marketing Autoshow"},"sameAs":["https:\/\/autoshow.ch"]}]}},"_links":{"self":[{"href":"https:\/\/autoshow.ch\/sq\/wp-json\/wp\/v2\/posts\/227146","targetHints":{"allow":["GET"]}}],"collection":[{"href":"https:\/\/autoshow.ch\/sq\/wp-json\/wp\/v2\/posts"}],"about":[{"href":"https:\/\/autoshow.ch\/sq\/wp-json\/wp\/v2\/types\/post"}],"author":[{"embeddable":true,"href":"https:\/\/autoshow.ch\/sq\/wp-json\/wp\/v2\/users\/31"}],"replies":[{"embeddable":true,"href":"https:\/\/autoshow.ch\/sq\/wp-json\/wp\/v2\/comments?post=227146"}],"version-history":[{"count":1,"href":"https:\/\/autoshow.ch\/sq\/wp-json\/wp\/v2\/posts\/227146\/revisions"}],"predecessor-version":[{"id":227148,"href":"https:\/\/autoshow.ch\/sq\/wp-json\/wp\/v2\/posts\/227146\/revisions\/227148"}],"wp:featuredmedia":[{"embeddable":true,"href":"https:\/\/autoshow.ch\/sq\/wp-json\/wp\/v2\/media\/227147"}],"wp:attachment":[{"href":"https:\/\/autoshow.ch\/sq\/wp-json\/wp\/v2\/media?parent=227146"}],"wp:term":[{"taxonomy":"category","embeddable":true,"href":"https:\/\/autoshow.ch\/sq\/wp-json\/wp\/v2\/categories?post=227146"},{"taxonomy":"post_tag","embeddable":true,"href":"https:\/\/autoshow.ch\/sq\/wp-json\/wp\/v2\/tags?post=227146"}],"curies":[{"name":"wp","href":"https:\/\/api.w.org\/{rel}","templated":true}]}}