{"id":226592,"date":"2020-03-14T11:27:39","date_gmt":"2020-03-14T10:27:39","guid":{"rendered":"https:\/\/autoshow.ch\/news\/risi-automobilistike-online\/"},"modified":"2026-04-10T10:17:35","modified_gmt":"2026-04-10T08:17:35","slug":"risi-automobilistike-online","status":"publish","type":"post","link":"https:\/\/autoshow.ch\/sq\/news\/risi-automobilistike-online\/","title":{"rendered":"Risi automobilistike online"},"content":{"rendered":"\n<h2 class=\"wp-block-heading\">Ekspozita pranverore n\u00eb mars \u00ebsht\u00eb anuluar<\/h2>\n\n<p><strong>P\u00ebr shkak t\u00eb masave t\u00eb ash\u00adp\u00ebr\u00adsuara nga K\u00ebshilli Fed\u00ader\u00adal p\u00ebr t\u00eb gjith\u00eb Zvi\u00adcr\u00ebn kund\u00ebr p\u00ebrhap\u00adjes s\u00eb m\u00ebte\u00adjshme t\u00eb koron\u00adavirusit, ekspozi\u00adta e mad\u00adhe dhe tradi\u00adcionale pran\u00adverore e Autoshow Aathal n\u00eb mars nuk do t\u00eb mba\u00adhet. <\/strong><\/p>\n\n<p>N\u00eb vend t\u00eb saj, n\u00eb faqen ton\u00eb online gjeni risi t\u00ebrhe\u00adq\u00ebse, autom\u00adjete vje\u00adtore t\u00eb provuara dhe mak\u00adi\u00adna t\u00eb p\u00ebr\u00addoru\u00adra 1A (nj\u00eb viz\u00adit\u00eb n\u00eb hap\u00ebsir\u00ebn ton\u00eb t\u00eb mad\u00adhe dhe t\u00eb hapur t\u00eb ekspozim\u00adit ju reko\u00adman\u00addo\u00adjm\u00eb s\u00ebr\u00adish vet\u00ebm pasi K\u00ebshilli Fed\u00ader\u00adal t\u2019i ket\u00eb hequr masat aktuale t\u00eb ash\u00adp\u00ebr\u00adsuara).<\/p>\n\n<div class=\"wp-block-group\"><div class=\"wp-block-group__inner-container is-layout-flow wp-block-group-is-layout-flow\">\n<div class=\"wp-block-group\"><div class=\"wp-block-group__inner-container is-layout-flow wp-block-group-is-layout-flow\">\n<figure class=\"wp-block-image\"><img decoding=\"async\" src=\"https:\/\/autoshow.ch\/wp-content\/uploads\/2025\/12\/home-autoshow-11-scaled.jpg\" alt=\"Kreu - Autoshow Aathal AG 23\" class=\"wp-image-36116\"><\/figure>\n<\/div><\/div>\n<\/div><\/div>\n\n<p>Si vozitet sot? Elek\u00adtrike apo me motor hib\u00adrid, apo m\u00eb mir\u00eb klasik\u00adisht e provuar me ben\u00adz\u00adin\u00eb ose naft\u00eb? Me t\u00ebrhe\u00adq\u00adje p\u00ebr\u00adpara, t\u00eb pasme, apo me t\u00ebrhe\u00adq\u00adje n\u00eb t\u00eb kat\u00ebr rro\u00adtat? Mak\u00adin\u00eb e vog\u00ebl p\u00ebr qytet, limuz\u00adin\u00eb e mad\u00adhe famil\u00adjare, SUV sportiv apo pick-up i madh? Ven\u00addos\u00adni ju! Te ne gjeni mak\u00adin\u00ebn tuaj t\u00eb \u00ebndr\u00adrave nga mbi 400 autom\u00adjete.     <\/p>\n\n<p>P\u00ebr\u00adfi\u00adtoni edhe online \u00e7do dit\u00eb nga \u00e7mime t\u00eb pakonkur\u00adrueshme, ofer\u00adta t\u00ebrhe\u00adq\u00ebse leasin\u00adgu dhe financi\u00admi, si dhe sh\u00ebr\u00adbime t\u00eb plota servisi dhe garan\u00adcie! P\u00ebr \u00e7do infor\u00adma\u00adcion dhe k\u00ebshillim p\u00ebr shit\u00adje, jemi n\u00eb dis\u00adpozi\u00adcionin tuaj me tele\u00adfon ose online gjat\u00eb orareve tona t\u00eb ndryshuara t\u00eb hap\u00adjes. <br><\/p>\n\n<div class=\"wp-block-group\"><div class=\"wp-block-group__inner-container is-layout-flow wp-block-group-is-layout-flow\">\n<div class=\"wp-block-group\"><div class=\"wp-block-group__inner-container is-layout-flow wp-block-group-is-layout-flow\">\n<figure class=\"wp-block-image\"><img decoding=\"async\" src=\"https:\/\/autoshow.ch\/wp-content\/uploads\/2025\/12\/auto-marken-autoshow-3-scaled.jpg\" alt=\"Markat e makinave - Autoshow Aathal AG 2\" class=\"wp-image-36363\"><\/figure>\n<\/div><\/div>\n<\/div><\/div>\n\n<h2 class=\"wp-block-heading\"><strong>Ju lutemi, vini re sa vijon:<\/strong><\/h2>\n\n<h3 class=\"wp-block-heading\"><strong>Parandalimi i koronavirusit<\/strong> <strong>- personat e rrezikuar shmangin vendet me shum\u00eb njer\u00ebz:<\/strong><\/h3>\n\n<ul class=\"wp-block-list\"><li>T\u00eb s\u00ebmur\u00ebt si dhe per\u00adson\u00adat e moshuar mbi 65 vje\u00e7<\/li><li>Per\u00adson\u00adat q\u00eb shfaqin simp\u00adtoma t\u00eb koron\u00adavirusit. Simp\u00adto\u00admat m\u00eb t\u00eb shpesh\u00adta t\u00eb infek\u00adtim\u00adit me koron\u00adavirus jan\u00eb ethet, kol\u00adla dhe v\u00ebshtir\u00ebsit\u00eb n\u00eb frym\u00eb\u00admar\u00adrje. K\u00ebto simp\u00adtoma mund t\u00eb jen\u00eb me ash\u00adp\u00ebr\u00adsi t\u00eb ndryshme. Jan\u00eb t\u00eb mund\u00adshme edhe kom\u00adp\u00adlikime, si pneu\u00admo\u00adnia. Disa t\u00eb s\u00ebmur\u00eb kan\u00eb edhe prob\u00adleme me tret\u00adjen ose me syt\u00eb (kon\u00adjuk\u00adtiv\u00adit).    <\/li><li>Per\u00adson\u00adat q\u00eb bren\u00adda 14 dit\u00ebve t\u00eb fun\u00addit kan\u00eb udh\u00eb\u00adtu\u00adar n\u00eb nj\u00eb zon\u00eb t\u00eb prekur (sipas <a aria-label=\"BAG (opens in a new tab)\" href=\"https:\/\/www.bag.admin.ch\/bag\/de\/home\/krankheiten\/ausbrueche-epidemien-pandemien\/aktuelle-ausbrueche-epidemien\/novel-cov.html#-93412391\" target=\"_blank\" rel=\"noreferrer noopener\">BAG<\/a>).<\/li><\/ul>\n\n<div style=\"height:20px\" aria-hidden=\"true\" class=\"wp-block-spacer\"><\/div>\n\n<div class=\"wp-block-button\"><a class=\"wp-block-button__link has-background no-border-radius\" href=\"https:\/\/autoshow.ch\/app\/uploads\/2020\/03\/plakat_neues_coronavirus_so_schuetzen_wir_uns.pdf\" style=\"background-color:#2a499e\" target=\"_blank\" rel=\"noreferrer noopener\">Si t\u00eb mbro\u00adhe\u00admi<\/a><\/div>\n","protected":false},"excerpt":{"rendered":"<p>Risi auto\u00admo\u00adbilis\u00adtike online. Ekspozi\u00adta pran\u00adverore n\u00eb mars \u00ebsht\u00eb anu\u00adlu\u00adar.\u2026<\/p>\n","protected":false},"author":31,"featured_media":226593,"comment_status":"closed","ping_status":"closed","sticky":false,"template":"","format":"standard","meta":{"_acf_changed":false,"inline_featured_image":false,"wp_typography_post_enhancements_disabled":false,"footnotes":""},"categories":[678],"tags":[],"class_list":["post-226592","post","type-post","status-publish","format-standard","has-post-thumbnail","hentry","category-event"],"acf":[],"yoast_head":"<!-- This site is optimized with the Yoast SEO plugin v27.4 - https:\/\/yoast.com\/product\/yoast-seo-wordpress\/ -->\n<title>Risi automobilistike online | Autoshow Aathal AG<\/title>\n<meta name=\"description\" content=\"Risi automobilistike online. Ekspozita pranverore n\u00eb mars \u00ebsht\u00eb anuluar.\" \/>\n<meta name=\"robots\" content=\"index, follow, max-snippet:-1, max-image-preview:large, max-video-preview:-1\" \/>\n<link rel=\"canonical\" href=\"https:\/\/autoshow.ch\/sq\/news\/risi-automobilistike-online\/\" \/>\n<meta property=\"og:locale\" content=\"sq_AL\" \/>\n<meta property=\"og:type\" content=\"article\" \/>\n<meta property=\"og:title\" content=\"Risi automobilistike online | Autoshow Aathal AG\" \/>\n<meta property=\"og:description\" content=\"Risi automobilistike online. Ekspozita pranverore n\u00eb mars \u00ebsht\u00eb anuluar.\" \/>\n<meta property=\"og:url\" content=\"https:\/\/autoshow.ch\/sq\/news\/risi-automobilistike-online\/\" \/>\n<meta property=\"og:site_name\" content=\"Autoshow Aathal AG\" \/>\n<meta property=\"article:publisher\" content=\"https:\/\/www.facebook.com\/autoshow.ch\" \/>\n<meta property=\"article:published_time\" content=\"2020-03-14T10:27:39+00:00\" \/>\n<meta property=\"article:modified_time\" content=\"2026-04-10T08:17:35+00:00\" \/>\n<meta property=\"og:image\" content=\"https:\/\/autoshow.ch\/wp-content\/uploads\/2025\/12\/Ausstellung-Sonntag-scaled-1.jpg\" \/>\n\t<meta property=\"og:image:width\" content=\"1536\" \/>\n\t<meta property=\"og:image:height\" content=\"1152\" \/>\n\t<meta property=\"og:image:type\" content=\"image\/jpeg\" \/>\n<meta name=\"author\" content=\"Marketing Autoshow\" \/>\n<meta name=\"twitter:card\" content=\"summary_large_image\" \/>\n<!-- \/ Yoast SEO plugin. -->","yoast_head_json":{"title":"Risi automobilistike online | Autoshow Aathal AG","description":"Risi automobilistike online. Ekspozita pranverore n\u00eb mars \u00ebsht\u00eb anuluar.","robots":{"index":"index","follow":"follow","max-snippet":"max-snippet:-1","max-image-preview":"max-image-preview:large","max-video-preview":"max-video-preview:-1"},"canonical":"https:\/\/autoshow.ch\/sq\/news\/risi-automobilistike-online\/","og_locale":"sq_AL","og_type":"article","og_title":"Risi automobilistike online | Autoshow Aathal AG","og_description":"Risi automobilistike online. Ekspozita pranverore n\u00eb mars \u00ebsht\u00eb anuluar.","og_url":"https:\/\/autoshow.ch\/sq\/news\/risi-automobilistike-online\/","og_site_name":"Autoshow Aathal AG","article_publisher":"https:\/\/www.facebook.com\/autoshow.ch","article_published_time":"2020-03-14T10:27:39+00:00","article_modified_time":"2026-04-10T08:17:35+00:00","og_image":[{"width":1536,"height":1152,"url":"https:\/\/autoshow.ch\/wp-content\/uploads\/2025\/12\/Ausstellung-Sonntag-scaled-1.jpg","type":"image\/jpeg"}],"author":"Marketing Autoshow","twitter_card":"summary_large_image","schema":{"@context":"https:\/\/schema.org","@graph":[{"@type":["Article","BlogPosting"],"@id":"https:\/\/autoshow.ch\/sq\/news\/risi-automobilistike-online\/#article","isPartOf":{"@id":"https:\/\/autoshow.ch\/sq\/news\/risi-automobilistike-online\/"},"author":{"name":"Marketing Autoshow","@id":"https:\/\/autoshow.ch\/sq\/#\/schema\/person\/0fc96e1a12fbe3a05e1059e7b26ca148"},"headline":"Risi automobilistike online","datePublished":"2020-03-14T10:27:39+00:00","dateModified":"2026-04-10T08:17:35+00:00","mainEntityOfPage":{"@id":"https:\/\/autoshow.ch\/sq\/news\/risi-automobilistike-online\/"},"wordCount":327,"publisher":{"@id":"https:\/\/autoshow.ch\/sq\/#organization"},"image":{"@id":"https:\/\/autoshow.ch\/sq\/news\/risi-automobilistike-online\/#primaryimage"},"thumbnailUrl":"https:\/\/autoshow.ch\/wp-content\/uploads\/2025\/12\/Ausstellung-Sonntag-scaled-1.jpg","articleSection":["EVENT"],"inLanguage":"sq"},{"@type":"WebPage","@id":"https:\/\/autoshow.ch\/sq\/news\/risi-automobilistike-online\/","url":"https:\/\/autoshow.ch\/sq\/news\/risi-automobilistike-online\/","name":"Risi automobilistike online | Autoshow Aathal AG","isPartOf":{"@id":"https:\/\/autoshow.ch\/sq\/#website"},"primaryImageOfPage":{"@id":"https:\/\/autoshow.ch\/sq\/news\/risi-automobilistike-online\/#primaryimage"},"image":{"@id":"https:\/\/autoshow.ch\/sq\/news\/risi-automobilistike-online\/#primaryimage"},"thumbnailUrl":"https:\/\/autoshow.ch\/wp-content\/uploads\/2025\/12\/Ausstellung-Sonntag-scaled-1.jpg","datePublished":"2020-03-14T10:27:39+00:00","dateModified":"2026-04-10T08:17:35+00:00","description":"Risi automobilistike online. Ekspozita pranverore n\u00eb mars \u00ebsht\u00eb anuluar.","breadcrumb":{"@id":"https:\/\/autoshow.ch\/sq\/news\/risi-automobilistike-online\/#breadcrumb"},"inLanguage":"sq","potentialAction":[{"@type":"ReadAction","target":["https:\/\/autoshow.ch\/sq\/news\/risi-automobilistike-online\/"]}]},{"@type":"ImageObject","inLanguage":"sq","@id":"https:\/\/autoshow.ch\/sq\/news\/risi-automobilistike-online\/#primaryimage","url":"https:\/\/autoshow.ch\/wp-content\/uploads\/2025\/12\/Ausstellung-Sonntag-scaled-1.jpg","contentUrl":"https:\/\/autoshow.ch\/wp-content\/uploads\/2025\/12\/Ausstellung-Sonntag-scaled-1.jpg","width":1536,"height":1152,"caption":"Risi automobilistike online - Autoshow Aathal AG pran\u00eb Uster ofron makina t\u00eb p\u00ebrdorura dhe t\u00eb reja me \u00e7mime t\u00eb favorshme 2"},{"@type":"BreadcrumbList","@id":"https:\/\/autoshow.ch\/sq\/news\/risi-automobilistike-online\/#breadcrumb","itemListElement":[{"@type":"ListItem","position":1,"name":"Startseite","item":"https:\/\/autoshow.ch\/sq\/"},{"@type":"ListItem","position":2,"name":"Risi automobilistike online"}]},{"@type":"WebSite","@id":"https:\/\/autoshow.ch\/sq\/#website","url":"https:\/\/autoshow.ch\/sq\/","name":"Autoshow Aathal AG","description":"bei Uster bietet g\u00fcnstige Occasionen und Neuwagen","publisher":{"@id":"https:\/\/autoshow.ch\/sq\/#organization"},"alternateName":"Autoshow","potentialAction":[{"@type":"SearchAction","target":{"@type":"EntryPoint","urlTemplate":"https:\/\/autoshow.ch\/sq\/?s={search_term_string}"},"query-input":{"@type":"PropertyValueSpecification","valueRequired":true,"valueName":"search_term_string"}}],"inLanguage":"sq"},{"@type":"Organization","@id":"https:\/\/autoshow.ch\/sq\/#organization","name":"Autoshow Aathal AG","alternateName":"Autoshow","url":"https:\/\/autoshow.ch\/sq\/","logo":{"@type":"ImageObject","inLanguage":"sq","@id":"https:\/\/autoshow.ch\/sq\/#\/schema\/logo\/image\/","url":"https:\/\/autoshow.ch\/wp-content\/uploads\/2025\/12\/autoshow-aathal-ag-logo@696x696.png","contentUrl":"https:\/\/autoshow.ch\/wp-content\/uploads\/2025\/12\/autoshow-aathal-ag-logo@696x696.png","width":696,"height":696,"caption":"Autoshow Aathal AG"},"image":{"@id":"https:\/\/autoshow.ch\/sq\/#\/schema\/logo\/image\/"},"sameAs":["https:\/\/www.facebook.com\/autoshow.ch","https:\/\/www.instagram.com\/autoshow_aathal\/","https:\/\/www.linkedin.com\/company\/autoshow-aathal-ag","https:\/\/www.youtube.com\/user\/AutoshowAathal"]},{"@type":"Person","@id":"https:\/\/autoshow.ch\/sq\/#\/schema\/person\/0fc96e1a12fbe3a05e1059e7b26ca148","name":"Marketing Autoshow","image":{"@type":"ImageObject","inLanguage":"sq","@id":"https:\/\/autoshow.ch\/wp-content\/litespeed\/avatar\/46547ed71fe40fb39a471b2711fab529.jpg?ver=1776774629","url":"https:\/\/autoshow.ch\/wp-content\/litespeed\/avatar\/46547ed71fe40fb39a471b2711fab529.jpg?ver=1776774629","contentUrl":"https:\/\/autoshow.ch\/wp-content\/litespeed\/avatar\/46547ed71fe40fb39a471b2711fab529.jpg?ver=1776774629","caption":"Marketing Autoshow"},"sameAs":["https:\/\/autoshow.ch"]}]}},"_links":{"self":[{"href":"https:\/\/autoshow.ch\/sq\/wp-json\/wp\/v2\/posts\/226592","targetHints":{"allow":["GET"]}}],"collection":[{"href":"https:\/\/autoshow.ch\/sq\/wp-json\/wp\/v2\/posts"}],"about":[{"href":"https:\/\/autoshow.ch\/sq\/wp-json\/wp\/v2\/types\/post"}],"author":[{"embeddable":true,"href":"https:\/\/autoshow.ch\/sq\/wp-json\/wp\/v2\/users\/31"}],"replies":[{"embeddable":true,"href":"https:\/\/autoshow.ch\/sq\/wp-json\/wp\/v2\/comments?post=226592"}],"version-history":[{"count":1,"href":"https:\/\/autoshow.ch\/sq\/wp-json\/wp\/v2\/posts\/226592\/revisions"}],"predecessor-version":[{"id":226594,"href":"https:\/\/autoshow.ch\/sq\/wp-json\/wp\/v2\/posts\/226592\/revisions\/226594"}],"wp:featuredmedia":[{"embeddable":true,"href":"https:\/\/autoshow.ch\/sq\/wp-json\/wp\/v2\/media\/226593"}],"wp:attachment":[{"href":"https:\/\/autoshow.ch\/sq\/wp-json\/wp\/v2\/media?parent=226592"}],"wp:term":[{"taxonomy":"category","embeddable":true,"href":"https:\/\/autoshow.ch\/sq\/wp-json\/wp\/v2\/categories?post=226592"},{"taxonomy":"post_tag","embeddable":true,"href":"https:\/\/autoshow.ch\/sq\/wp-json\/wp\/v2\/tags?post=226592"}],"curies":[{"name":"wp","href":"https:\/\/api.w.org\/{rel}","templated":true}]}}