{"id":226580,"date":"2020-02-29T19:13:05","date_gmt":"2020-02-29T18:13:05","guid":{"rendered":"https:\/\/autoshow.ch\/news\/faqja-e-re-kryesore\/"},"modified":"2026-04-10T10:17:08","modified_gmt":"2026-04-10T08:17:08","slug":"faqja-e-re-kryesore","status":"publish","type":"post","link":"https:\/\/autoshow.ch\/sq\/news\/faqja-e-re-kryesore\/","title":{"rendered":"Faqja e re kryesore"},"content":{"rendered":"\n<h2 class=\"wp-block-heading\">A mund t\u2019ju prezantojm\u00eb? Faqja jon\u00eb e re kryesore p\u00ebr ju! <\/h2>\n\n<p>Viti 2020 ka kalu\u00adar tash\u00adm\u00eb dy muaj dhe si \u00e7do vit, na presin ndryshime, sfi\u00adda t\u00eb reja dhe detyra k\u00ebrkuese. N\u00eb fund t\u00eb vitit t\u00eb kalu\u00adar, ne ven\u00addos\u00ebm t\u00eb rishiko\u00adjm\u00eb plot\u00eb\u00adsisht prezenc\u00ebn ton\u00eb n\u00eb inter\u00adnet. Tani ka ard\u00adhur koha: S\u00eb bashku me agjenc\u00adin\u00eb ino\u00adv\u00ada\u00adtive t\u00eb rekla\u00admave <a aria-label=\" (opens in a new tab)\" rel=\"noreferrer noopener\" href=\"https:\/\/www.websamurai.ch\" target=\"_blank\">WEBSAMURAI AG<\/a>, i kemi zbat\u00adu\u00adar k\u00ebto vendime n\u00eb prak\u00adtik\u00eb, <a href=\"https:\/\/autoshow.ch\">faq\u00adja jon\u00eb e re AAA<\/a> \u00ebsht\u00eb k\u00ebtu!  <\/p>\n\n<p>Faq\u00adja jon\u00eb e re inter\u00adneti dal\u00adlo\u00adhet p\u00ebr diza\u00adjnin mod\u00adern dhe struk\u00adtu\u00adrat e qar\u00adta. Diza\u00adjni dhe nd\u00ebr\u00adti\u00admi i faqes ori\u00aden\u00adto\u00adhen sipas nevo\u00adjave t\u00eb t\u00eb intere\u00adsuarve dhe klien\u00adt\u00ebve tan\u00eb. <\/p>\n\n<figure class=\"wp-block-gallery columns-3 is-cropped wp-block-gallery-1 is-layout-flex wp-block-gallery-is-layout-flex\"><ul class=\"blocks-gallery-grid\"><li class=\"blocks-gallery-item\"><figure><img decoding=\"async\" src=\"https:\/\/autoshow.ch\/wp-content\/uploads\/2025\/12\/Bildschirmfoto-2020-02-29-um-19.51.42-1536x862.png\" alt=\"  data-id=\" data-link=\"https:\/\/autoshow.ch\/?attachment_id=27250\" class=\"wp-image-27250\"><\/figure><\/li><li class=\"blocks-gallery-item\"><figure><img decoding=\"async\" src=\"https:\/\/autoshow.ch\/wp-content\/uploads\/2025\/12\/Bildschirmfoto-2020-02-29-um-19.58.41-1536x861.png\" alt=\"  data-id=\" data-link=\"https:\/\/autoshow.ch\/?attachment_id=27246\" class=\"wp-image-27246\"><\/figure><\/li><li class=\"blocks-gallery-item\"><figure><img decoding=\"async\" src=\"https:\/\/autoshow.ch\/wp-content\/uploads\/2025\/12\/Bildschirmfoto-2020-02-29-um-19.59.53.png\" alt=\"  data-id=\" data-link=\"https:\/\/autoshow.ch\/?attachment_id=27242\" class=\"wp-image-27242\"><\/figure><\/li><li class=\"blocks-gallery-item\"><figure><img decoding=\"async\" src=\"https:\/\/autoshow.ch\/wp-content\/uploads\/2025\/12\/IMG_0333-Kopie.jpg\" alt=\"  data-id=\" data-link=\"https:\/\/autoshow.ch\/?attachment_id=27257\" class=\"wp-image-27257\"><\/figure><\/li><li class=\"blocks-gallery-item\"><figure><img decoding=\"async\" src=\"https:\/\/autoshow.ch\/wp-content\/uploads\/2025\/12\/JS4A7046-Kopie.jpg\" alt=\"  data-id=\" data-link=\"https:\/\/autoshow.ch\/?attachment_id=27261\" class=\"wp-image-27261\"><\/figure><\/li><\/ul><\/figure>\n\n<p>T\u00eb gjitha p\u00ebrm\u00adba\u00adjt\u00adjet jan\u00eb t\u00eb aksesueshme n\u00eb t\u00eb gjitha pajis\u00adjet \u2013 pra smart\u00adphone, table\u00adta dhe kom\u00adpjutera \u2013 dhe jan\u00eb opti\u00admizuar p\u00ebr to, kat\u00ada\u00adlogu i autom\u00adjeteve, respek\u00adtivisht k\u00ebrki\u00admi i autom\u00adjeteve, \u00ebsht\u00eb p\u00ebr\u00adsh\u00adtatur pa prob\u00adleme me nd\u00ebr\u00adfaqet e plat\u00adfor\u00admave t\u00eb autom\u00adjeteve. P\u00ebrve\u00e7 k\u00ebsaj, t\u00eb intere\u00adsuar\u00adit mund t\u00eb p\u00ebr\u00adb\u00ebjn\u00eb leht\u00eb\u00adsisht ofer\u00adt\u00ebn e tyre per\u00adson\u00adale online dhe mar\u00adrin automatik\u00adisht \u00e7mimin p\u00ebr ofer\u00adt\u00ebn e d\u00ebshiru\u00adar t\u00eb financim\u00adit. Aksionet q\u00eb kri\u00adjon Autoshow Aathal shfaqen drejt\u00adp\u00ebr\u00addrejt n\u00eb faqen krye\u00adsore. Patrick Liechti, drej\u00adtor i Autoshow Aathal: \u00abFlek\u00adsi\u00adbiliteti, miq\u00ebsia dhe shpe\u00adjt\u00ebsia e reagim\u00adit ishin pika t\u00eb r\u00ebnd\u00eb\u00adsishme p\u00ebr ne n\u00eb faqen e re krye\u00adsore. Bazuar n\u00eb ref\u00ader\u00aden\u00adcat, por edhe n\u00eb anal\u00adiz\u00ebn e deta\u00adjuar q\u00eb u krye te ne n\u00eb vend, ne ven\u00addos\u00ebm t\u00eb zgjed\u00adhim <a href=\"https:\/\/www.websamurai.ch\">WEBSAMURAI AG<\/a> si part\u00adner. Bashk\u00ebpuni\u00admi ka qen\u00eb pro\u00adfe\u00adsion\u00adal dhe pa prob\u00adleme. Tani jemi t\u00eb entuzi\u00adaz\u00admuar nga real\u00adiz\u00adi\u00admi grafik, por edhe nga p\u00ebr\u00addori\u00admi i thjesht\u00eb i sis\u00adtemit t\u00eb menax\u00adhim\u00adit t\u00eb p\u00ebrm\u00adba\u00adjt\u00adjes. Me t\u00eb mund t\u00eb mir\u00ebm\u00adbani leht\u00eb\u00adsisht p\u00ebrm\u00adba\u00adjt\u00adjet n\u00eb faqen e inter\u00adnetit dhe, n\u00ebse \u00ebsht\u00eb e nevo\u00adjshme, t\u2019i ndryshoni shpe\u00adjt dhe pa ndih\u00adm\u00eb t\u00eb jashtme. Indus\u00adtria e auto\u00admo\u00adbilave \u00ebsht\u00eb shum\u00eb dinamike, pran\u00addaj edhe ne duhet t\u00eb jemi t\u00eb till\u00eb.\u00bb       <br><br>Tani mund t\u00eb p\u00ebr\u00adb\u00ebni leht\u00eb\u00adsisht ofer\u00adt\u00ebn tuaj per\u00adson\u00adale online dhe t\u00eb mer\u00adrni automatik\u00adisht \u00e7mimin p\u00ebr ofer\u00adt\u00ebn e d\u00ebshiru\u00adar t\u00eb financim\u00adit. Keni mund\u00ebs\u00adin\u00eb t\u00eb p\u00ebr\u00adfun\u00addoni plot\u00eb\u00adsisht bler\u00adjen e autom\u00adjetit online, duke p\u00ebrf\u00adshir\u00eb aplikimin p\u00ebr leasing\/financim. Vet\u00ebm p\u00ebr t\u00ebrhe\u00adq\u00adjen e autom\u00adjetit dhe iden\u00adti\u00adfikimin duhet t\u00eb paraqiteni per\u00adson\u00adal\u00adisht te ne.  <\/p>\n","protected":false},"excerpt":{"rendered":"<p>A mund t\u2019ju prezan\u00adto\u00adjm\u00eb? Faq\u00adja jon\u00eb e re krye\u00adsore p\u00ebr ju! Viti 2020 ka kalu\u00adar tash\u2026<\/p>\n","protected":false},"author":31,"featured_media":226581,"comment_status":"closed","ping_status":"closed","sticky":false,"template":"","format":"standard","meta":{"_acf_changed":false,"inline_featured_image":false,"wp_typography_post_enhancements_disabled":false,"footnotes":""},"categories":[628],"tags":[],"class_list":["post-226580","post","type-post","status-publish","format-standard","has-post-thumbnail","hentry","category-lajme"],"acf":[],"yoast_head":"<!-- This site is optimized with the Yoast SEO plugin v27.4 - https:\/\/yoast.com\/product\/yoast-seo-wordpress\/ -->\n<title>Faqja e re kryesore | Autoshow Aathal AG<\/title>\n<meta name=\"description\" content=\"A mund t&#039;ju prezantojm\u00eb? Faqja jon\u00eb e re kryesore p\u00ebr ju! Viti 2020 ka kaluar tashm\u00eb dy muaj dhe si \u00e7do vit, na presin ndryshime, sfida t\u00eb reja dhe detyra\" \/>\n<meta name=\"robots\" content=\"index, follow, max-snippet:-1, max-image-preview:large, max-video-preview:-1\" \/>\n<link rel=\"canonical\" href=\"https:\/\/autoshow.ch\/sq\/news\/faqja-e-re-kryesore\/\" \/>\n<meta property=\"og:locale\" content=\"sq_AL\" \/>\n<meta property=\"og:type\" content=\"article\" \/>\n<meta property=\"og:title\" content=\"Faqja e re kryesore | Autoshow Aathal AG\" \/>\n<meta property=\"og:description\" content=\"A mund t&#039;ju prezantojm\u00eb? Faqja jon\u00eb e re kryesore p\u00ebr ju! Viti 2020 ka kaluar tashm\u00eb dy muaj dhe si \u00e7do vit, na presin ndryshime, sfida t\u00eb reja dhe detyra\" \/>\n<meta property=\"og:url\" content=\"https:\/\/autoshow.ch\/sq\/news\/faqja-e-re-kryesore\/\" \/>\n<meta property=\"og:site_name\" content=\"Autoshow Aathal AG\" \/>\n<meta property=\"article:publisher\" content=\"https:\/\/www.facebook.com\/autoshow.ch\" \/>\n<meta property=\"article:published_time\" content=\"2020-02-29T18:13:05+00:00\" \/>\n<meta property=\"article:modified_time\" content=\"2026-04-10T08:17:08+00:00\" \/>\n<meta property=\"og:image\" content=\"https:\/\/autoshow.ch\/wp-content\/uploads\/2025\/12\/neue-homepage-autoshow.png\" \/>\n\t<meta property=\"og:image:width\" content=\"1769\" \/>\n\t<meta property=\"og:image:height\" content=\"993\" \/>\n\t<meta property=\"og:image:type\" content=\"image\/png\" \/>\n<meta name=\"author\" content=\"Marketing Autoshow\" \/>\n<meta name=\"twitter:card\" content=\"summary_large_image\" \/>\n<!-- \/ Yoast SEO plugin. -->","yoast_head_json":{"title":"Faqja e re kryesore | Autoshow Aathal AG","description":"A mund t'ju prezantojm\u00eb? Faqja jon\u00eb e re kryesore p\u00ebr ju! Viti 2020 ka kaluar tashm\u00eb dy muaj dhe si \u00e7do vit, na presin ndryshime, sfida t\u00eb reja dhe detyra","robots":{"index":"index","follow":"follow","max-snippet":"max-snippet:-1","max-image-preview":"max-image-preview:large","max-video-preview":"max-video-preview:-1"},"canonical":"https:\/\/autoshow.ch\/sq\/news\/faqja-e-re-kryesore\/","og_locale":"sq_AL","og_type":"article","og_title":"Faqja e re kryesore | Autoshow Aathal AG","og_description":"A mund t'ju prezantojm\u00eb? Faqja jon\u00eb e re kryesore p\u00ebr ju! Viti 2020 ka kaluar tashm\u00eb dy muaj dhe si \u00e7do vit, na presin ndryshime, sfida t\u00eb reja dhe detyra","og_url":"https:\/\/autoshow.ch\/sq\/news\/faqja-e-re-kryesore\/","og_site_name":"Autoshow Aathal AG","article_publisher":"https:\/\/www.facebook.com\/autoshow.ch","article_published_time":"2020-02-29T18:13:05+00:00","article_modified_time":"2026-04-10T08:17:08+00:00","og_image":[{"width":1769,"height":993,"url":"https:\/\/autoshow.ch\/wp-content\/uploads\/2025\/12\/neue-homepage-autoshow.png","type":"image\/png"}],"author":"Marketing Autoshow","twitter_card":"summary_large_image","schema":{"@context":"https:\/\/schema.org","@graph":[{"@type":["Article","BlogPosting"],"@id":"https:\/\/autoshow.ch\/sq\/news\/faqja-e-re-kryesore\/#article","isPartOf":{"@id":"https:\/\/autoshow.ch\/sq\/news\/faqja-e-re-kryesore\/"},"author":{"name":"Marketing Autoshow","@id":"https:\/\/autoshow.ch\/sq\/#\/schema\/person\/0fc96e1a12fbe3a05e1059e7b26ca148"},"headline":"Faqja e re kryesore","datePublished":"2020-02-29T18:13:05+00:00","dateModified":"2026-04-10T08:17:08+00:00","mainEntityOfPage":{"@id":"https:\/\/autoshow.ch\/sq\/news\/faqja-e-re-kryesore\/"},"wordCount":388,"publisher":{"@id":"https:\/\/autoshow.ch\/sq\/#organization"},"image":{"@id":"https:\/\/autoshow.ch\/sq\/news\/faqja-e-re-kryesore\/#primaryimage"},"thumbnailUrl":"https:\/\/autoshow.ch\/wp-content\/uploads\/2025\/12\/neue-homepage-autoshow.png","articleSection":["Lajme"],"inLanguage":"sq"},{"@type":"WebPage","@id":"https:\/\/autoshow.ch\/sq\/news\/faqja-e-re-kryesore\/","url":"https:\/\/autoshow.ch\/sq\/news\/faqja-e-re-kryesore\/","name":"Faqja e re kryesore | Autoshow Aathal AG","isPartOf":{"@id":"https:\/\/autoshow.ch\/sq\/#website"},"primaryImageOfPage":{"@id":"https:\/\/autoshow.ch\/sq\/news\/faqja-e-re-kryesore\/#primaryimage"},"image":{"@id":"https:\/\/autoshow.ch\/sq\/news\/faqja-e-re-kryesore\/#primaryimage"},"thumbnailUrl":"https:\/\/autoshow.ch\/wp-content\/uploads\/2025\/12\/neue-homepage-autoshow.png","datePublished":"2020-02-29T18:13:05+00:00","dateModified":"2026-04-10T08:17:08+00:00","description":"A mund t'ju prezantojm\u00eb? Faqja jon\u00eb e re kryesore p\u00ebr ju! Viti 2020 ka kaluar tashm\u00eb dy muaj dhe si \u00e7do vit, na presin ndryshime, sfida t\u00eb reja dhe detyra","breadcrumb":{"@id":"https:\/\/autoshow.ch\/sq\/news\/faqja-e-re-kryesore\/#breadcrumb"},"inLanguage":"sq","potentialAction":[{"@type":"ReadAction","target":["https:\/\/autoshow.ch\/sq\/news\/faqja-e-re-kryesore\/"]}]},{"@type":"ImageObject","inLanguage":"sq","@id":"https:\/\/autoshow.ch\/sq\/news\/faqja-e-re-kryesore\/#primaryimage","url":"https:\/\/autoshow.ch\/wp-content\/uploads\/2025\/12\/neue-homepage-autoshow.png","contentUrl":"https:\/\/autoshow.ch\/wp-content\/uploads\/2025\/12\/neue-homepage-autoshow.png","width":1769,"height":993,"caption":"Faqja e re kryesore - Autoshow Aathal AG pran\u00eb Uster ofron automjete t\u00eb p\u00ebrdorura dhe t\u00eb reja me \u00e7mime t\u00eb favorshme 5"},{"@type":"BreadcrumbList","@id":"https:\/\/autoshow.ch\/sq\/news\/faqja-e-re-kryesore\/#breadcrumb","itemListElement":[{"@type":"ListItem","position":1,"name":"Startseite","item":"https:\/\/autoshow.ch\/sq\/"},{"@type":"ListItem","position":2,"name":"Faqja e re kryesore"}]},{"@type":"WebSite","@id":"https:\/\/autoshow.ch\/sq\/#website","url":"https:\/\/autoshow.ch\/sq\/","name":"Autoshow Aathal AG","description":"bei Uster bietet g\u00fcnstige Occasionen und Neuwagen","publisher":{"@id":"https:\/\/autoshow.ch\/sq\/#organization"},"alternateName":"Autoshow","potentialAction":[{"@type":"SearchAction","target":{"@type":"EntryPoint","urlTemplate":"https:\/\/autoshow.ch\/sq\/?s={search_term_string}"},"query-input":{"@type":"PropertyValueSpecification","valueRequired":true,"valueName":"search_term_string"}}],"inLanguage":"sq"},{"@type":"Organization","@id":"https:\/\/autoshow.ch\/sq\/#organization","name":"Autoshow Aathal AG","alternateName":"Autoshow","url":"https:\/\/autoshow.ch\/sq\/","logo":{"@type":"ImageObject","inLanguage":"sq","@id":"https:\/\/autoshow.ch\/sq\/#\/schema\/logo\/image\/","url":"https:\/\/autoshow.ch\/wp-content\/uploads\/2025\/12\/autoshow-aathal-ag-logo@696x696.png","contentUrl":"https:\/\/autoshow.ch\/wp-content\/uploads\/2025\/12\/autoshow-aathal-ag-logo@696x696.png","width":696,"height":696,"caption":"Autoshow Aathal AG"},"image":{"@id":"https:\/\/autoshow.ch\/sq\/#\/schema\/logo\/image\/"},"sameAs":["https:\/\/www.facebook.com\/autoshow.ch","https:\/\/www.instagram.com\/autoshow_aathal\/","https:\/\/www.linkedin.com\/company\/autoshow-aathal-ag","https:\/\/www.youtube.com\/user\/AutoshowAathal"]},{"@type":"Person","@id":"https:\/\/autoshow.ch\/sq\/#\/schema\/person\/0fc96e1a12fbe3a05e1059e7b26ca148","name":"Marketing Autoshow","image":{"@type":"ImageObject","inLanguage":"sq","@id":"https:\/\/autoshow.ch\/wp-content\/litespeed\/avatar\/46547ed71fe40fb39a471b2711fab529.jpg?ver=1776774629","url":"https:\/\/autoshow.ch\/wp-content\/litespeed\/avatar\/46547ed71fe40fb39a471b2711fab529.jpg?ver=1776774629","contentUrl":"https:\/\/autoshow.ch\/wp-content\/litespeed\/avatar\/46547ed71fe40fb39a471b2711fab529.jpg?ver=1776774629","caption":"Marketing Autoshow"},"sameAs":["https:\/\/autoshow.ch"]}]}},"_links":{"self":[{"href":"https:\/\/autoshow.ch\/sq\/wp-json\/wp\/v2\/posts\/226580","targetHints":{"allow":["GET"]}}],"collection":[{"href":"https:\/\/autoshow.ch\/sq\/wp-json\/wp\/v2\/posts"}],"about":[{"href":"https:\/\/autoshow.ch\/sq\/wp-json\/wp\/v2\/types\/post"}],"author":[{"embeddable":true,"href":"https:\/\/autoshow.ch\/sq\/wp-json\/wp\/v2\/users\/31"}],"replies":[{"embeddable":true,"href":"https:\/\/autoshow.ch\/sq\/wp-json\/wp\/v2\/comments?post=226580"}],"version-history":[{"count":1,"href":"https:\/\/autoshow.ch\/sq\/wp-json\/wp\/v2\/posts\/226580\/revisions"}],"predecessor-version":[{"id":226582,"href":"https:\/\/autoshow.ch\/sq\/wp-json\/wp\/v2\/posts\/226580\/revisions\/226582"}],"wp:featuredmedia":[{"embeddable":true,"href":"https:\/\/autoshow.ch\/sq\/wp-json\/wp\/v2\/media\/226581"}],"wp:attachment":[{"href":"https:\/\/autoshow.ch\/sq\/wp-json\/wp\/v2\/media?parent=226580"}],"wp:term":[{"taxonomy":"category","embeddable":true,"href":"https:\/\/autoshow.ch\/sq\/wp-json\/wp\/v2\/categories?post=226580"},{"taxonomy":"post_tag","embeddable":true,"href":"https:\/\/autoshow.ch\/sq\/wp-json\/wp\/v2\/tags?post=226580"}],"curies":[{"name":"wp","href":"https:\/\/api.w.org\/{rel}","templated":true}]}}