{"id":226382,"date":"2020-02-29T18:43:27","date_gmt":"2020-02-29T17:43:27","guid":{"rendered":"https:\/\/autoshow.ch\/news\/drejtor-i-ri-ekzekutiv\/"},"modified":"2026-04-10T10:13:39","modified_gmt":"2026-04-10T08:13:39","slug":"drejtor-i-ri-ekzekutiv","status":"publish","type":"post","link":"https:\/\/autoshow.ch\/sq\/news\/drejtor-i-ri-ekzekutiv\/","title":{"rendered":"Drejtor i ri ekzekutiv"},"content":{"rendered":"\n<p><strong>N\u00eb fund t\u00eb tetorit 2019, Patrick Liechti mori pozi\u00adcionin e drej\u00adtorit ekzeku\u00adtiv.<\/strong><\/p>\n\n<div class=\"wp-block-media-text alignwide\"><figure class=\"wp-block-media-text__media\"><img decoding=\"async\" src=\"https:\/\/autoshow.ch\/wp-content\/uploads\/2025\/12\/patrick-liechti-autoshow-2.jpg\" alt=\"Patrick Liechti - Autoshow Aathal AG 1\" class=\"wp-image-29642\"><\/figure><div class=\"wp-block-media-text__content\">\n<p class=\"has-normal-font-size\">P\u00ebr\u00adpara funk\u00adsion\u00adit t\u00eb tij t\u00eb ri, <a href=\"https:\/\/autoshow.ch\/unternehmen\/team\/\">Patrick Liechti<\/a> ishte aktiv pran\u00eb markave smart dhe Mer\u00adcedes, ku punoi p\u00ebr m\u00eb shum\u00eb se 16 vjet n\u00eb funk\u00adsione t\u00eb ndryshme drejtuese n\u00eb shit\u00adje dhe shp\u00ebrn\u00addar\u00adje. S\u00eb fund\u00admi, si drejtues i Sales Con\u00adtrol\u00adling pran\u00eb mark\u00ebs Renault, ai grum\u00adbul\u00adloi njo\u00adhuri t\u00eb m\u00ebte\u00adjshme n\u00eb k\u00ebt\u00eb sek\u00adtor. <\/p>\n<\/div><\/div>\n\n<div style=\"height:20px\" aria-hidden=\"true\" class=\"wp-block-spacer\"><\/div>\n\n<p>N\u00eb detyr\u00ebn e tij t\u00eb re si drej\u00adtor ekzeku\u00adtiv, Patrick Liechti do t\u00eb for\u00adm\u00eb\u00adso\u00adj\u00eb dhe zhvil\u00adlo\u00adj\u00eb m\u00eb tej Autoshow Aathal n\u00eb p\u00ebr\u00adputh\u00adje me objek\u00adti\u00advat strategjik\u00eb dhe oper\u00ada\u00adtiv\u00eb. Ai \u00ebsht\u00eb nj\u00eb per\u00adson i kual\u00adi\u00adfikuar, i motivuar dhe komu\u00adnikues, i cili i kush\u00adton r\u00ebnd\u00ebsi t\u00eb mad\u00adhe ori\u00aden\u00adtim\u00adit ndaj sh\u00ebr\u00adbim\u00adit dhe cil\u00eb\u00adsis\u00eb. Kjo syn\u00ado\u00adhet t\u00eb p\u00ebr\u00adcil\u00adlet jasht\u00eb te klien\u00adtela, por gjithash\u00adtu t\u00eb ket\u00eb nj\u00eb ndikim poz\u00adi\u00adtiv n\u00eb kul\u00adtur\u00ebn e nd\u00ebr\u00admar\u00adrjes p\u00ebr punon\u00adj\u00ebsit. Kjo nga ana tjet\u00ebr ka nj\u00eb ndikim poz\u00adi\u00adtiv n\u00eb per\u00adcep\u00adti\u00admin e kom\u00adpanis\u00eb son\u00eb.   <\/p>\n\n<p>S\u00eb bashku me ofer\u00adtat tona t\u00eb autom\u00adjeteve me \u00e7mime vazhdimisht t\u00eb favor\u00adshme, do t\u00eb jet\u00eb e mundur q\u00eb Autoshow Aathal t\u00eb vazh\u00addo\u00adj\u00eb t\u00eb pozi\u00adciono\u00adhet me suk\u00adses.<\/p>\n","protected":false},"excerpt":{"rendered":"<p>N\u00eb fund t\u00eb tetorit 2019, Patrick Liechti mori pozi\u00adcionin e drej\u00adtorit ekzeku\u00adtiv.\u2026<\/p>\n","protected":false},"author":31,"featured_media":226383,"comment_status":"closed","ping_status":"closed","sticky":false,"template":"","format":"standard","meta":{"_acf_changed":false,"inline_featured_image":false,"wp_typography_post_enhancements_disabled":false,"footnotes":""},"categories":[628],"tags":[],"class_list":["post-226382","post","type-post","status-publish","format-standard","has-post-thumbnail","hentry","category-lajme"],"acf":[],"yoast_head":"<!-- This site is optimized with the Yoast SEO plugin v27.4 - https:\/\/yoast.com\/product\/yoast-seo-wordpress\/ -->\n<title>Drejtor i ri ekzekutiv | Autoshow Aathal AG<\/title>\n<meta name=\"description\" content=\"N\u00eb fund t\u00eb tetorit 2019, Patrick Liechti mori pozicionin e drejtorit ekzekutiv. P\u00ebrpara funksionit t\u00eb tij t\u00eb ri, Patrick Liechti ishte aktiv pran\u00eb markave\" \/>\n<meta name=\"robots\" content=\"index, follow, max-snippet:-1, max-image-preview:large, max-video-preview:-1\" \/>\n<link rel=\"canonical\" href=\"https:\/\/autoshow.ch\/sq\/news\/drejtor-i-ri-ekzekutiv\/\" \/>\n<meta property=\"og:locale\" content=\"sq_AL\" \/>\n<meta property=\"og:type\" content=\"article\" \/>\n<meta property=\"og:title\" content=\"Drejtor i ri ekzekutiv | Autoshow Aathal AG\" \/>\n<meta property=\"og:description\" content=\"N\u00eb fund t\u00eb tetorit 2019, Patrick Liechti mori pozicionin e drejtorit ekzekutiv. P\u00ebrpara funksionit t\u00eb tij t\u00eb ri, Patrick Liechti ishte aktiv pran\u00eb markave\" \/>\n<meta property=\"og:url\" content=\"https:\/\/autoshow.ch\/sq\/news\/drejtor-i-ri-ekzekutiv\/\" \/>\n<meta property=\"og:site_name\" content=\"Autoshow Aathal AG\" \/>\n<meta property=\"article:publisher\" content=\"https:\/\/www.facebook.com\/autoshow.ch\" \/>\n<meta property=\"article:published_time\" content=\"2020-02-29T17:43:27+00:00\" \/>\n<meta property=\"article:modified_time\" content=\"2026-04-10T08:13:39+00:00\" \/>\n<meta property=\"og:image\" content=\"https:\/\/autoshow.ch\/wp-content\/uploads\/2025\/12\/neuer-geschaeftsfuehrer-autoshow.jpg\" \/>\n\t<meta property=\"og:image:width\" content=\"1535\" \/>\n\t<meta property=\"og:image:height\" content=\"864\" \/>\n\t<meta property=\"og:image:type\" content=\"image\/jpeg\" \/>\n<meta name=\"author\" content=\"Marketing Autoshow\" \/>\n<meta name=\"twitter:card\" content=\"summary_large_image\" \/>\n<!-- \/ Yoast SEO plugin. -->","yoast_head_json":{"title":"Drejtor i ri ekzekutiv | Autoshow Aathal AG","description":"N\u00eb fund t\u00eb tetorit 2019, Patrick Liechti mori pozicionin e drejtorit ekzekutiv. P\u00ebrpara funksionit t\u00eb tij t\u00eb ri, Patrick Liechti ishte aktiv pran\u00eb markave","robots":{"index":"index","follow":"follow","max-snippet":"max-snippet:-1","max-image-preview":"max-image-preview:large","max-video-preview":"max-video-preview:-1"},"canonical":"https:\/\/autoshow.ch\/sq\/news\/drejtor-i-ri-ekzekutiv\/","og_locale":"sq_AL","og_type":"article","og_title":"Drejtor i ri ekzekutiv | Autoshow Aathal AG","og_description":"N\u00eb fund t\u00eb tetorit 2019, Patrick Liechti mori pozicionin e drejtorit ekzekutiv. P\u00ebrpara funksionit t\u00eb tij t\u00eb ri, Patrick Liechti ishte aktiv pran\u00eb markave","og_url":"https:\/\/autoshow.ch\/sq\/news\/drejtor-i-ri-ekzekutiv\/","og_site_name":"Autoshow Aathal AG","article_publisher":"https:\/\/www.facebook.com\/autoshow.ch","article_published_time":"2020-02-29T17:43:27+00:00","article_modified_time":"2026-04-10T08:13:39+00:00","og_image":[{"width":1535,"height":864,"url":"https:\/\/autoshow.ch\/wp-content\/uploads\/2025\/12\/neuer-geschaeftsfuehrer-autoshow.jpg","type":"image\/jpeg"}],"author":"Marketing Autoshow","twitter_card":"summary_large_image","schema":{"@context":"https:\/\/schema.org","@graph":[{"@type":["Article","BlogPosting"],"@id":"https:\/\/autoshow.ch\/sq\/news\/drejtor-i-ri-ekzekutiv\/#article","isPartOf":{"@id":"https:\/\/autoshow.ch\/sq\/news\/drejtor-i-ri-ekzekutiv\/"},"author":{"name":"Marketing Autoshow","@id":"https:\/\/autoshow.ch\/sq\/#\/schema\/person\/0fc96e1a12fbe3a05e1059e7b26ca148"},"headline":"Drejtor i ri ekzekutiv","datePublished":"2020-02-29T17:43:27+00:00","dateModified":"2026-04-10T08:13:39+00:00","mainEntityOfPage":{"@id":"https:\/\/autoshow.ch\/sq\/news\/drejtor-i-ri-ekzekutiv\/"},"wordCount":191,"publisher":{"@id":"https:\/\/autoshow.ch\/sq\/#organization"},"image":{"@id":"https:\/\/autoshow.ch\/sq\/news\/drejtor-i-ri-ekzekutiv\/#primaryimage"},"thumbnailUrl":"https:\/\/autoshow.ch\/wp-content\/uploads\/2025\/12\/neuer-geschaeftsfuehrer-autoshow.jpg","articleSection":["Lajme"],"inLanguage":"sq"},{"@type":"WebPage","@id":"https:\/\/autoshow.ch\/sq\/news\/drejtor-i-ri-ekzekutiv\/","url":"https:\/\/autoshow.ch\/sq\/news\/drejtor-i-ri-ekzekutiv\/","name":"Drejtor i ri ekzekutiv | Autoshow Aathal AG","isPartOf":{"@id":"https:\/\/autoshow.ch\/sq\/#website"},"primaryImageOfPage":{"@id":"https:\/\/autoshow.ch\/sq\/news\/drejtor-i-ri-ekzekutiv\/#primaryimage"},"image":{"@id":"https:\/\/autoshow.ch\/sq\/news\/drejtor-i-ri-ekzekutiv\/#primaryimage"},"thumbnailUrl":"https:\/\/autoshow.ch\/wp-content\/uploads\/2025\/12\/neuer-geschaeftsfuehrer-autoshow.jpg","datePublished":"2020-02-29T17:43:27+00:00","dateModified":"2026-04-10T08:13:39+00:00","description":"N\u00eb fund t\u00eb tetorit 2019, Patrick Liechti mori pozicionin e drejtorit ekzekutiv. P\u00ebrpara funksionit t\u00eb tij t\u00eb ri, Patrick Liechti ishte aktiv pran\u00eb markave","breadcrumb":{"@id":"https:\/\/autoshow.ch\/sq\/news\/drejtor-i-ri-ekzekutiv\/#breadcrumb"},"inLanguage":"sq","potentialAction":[{"@type":"ReadAction","target":["https:\/\/autoshow.ch\/sq\/news\/drejtor-i-ri-ekzekutiv\/"]}]},{"@type":"ImageObject","inLanguage":"sq","@id":"https:\/\/autoshow.ch\/sq\/news\/drejtor-i-ri-ekzekutiv\/#primaryimage","url":"https:\/\/autoshow.ch\/wp-content\/uploads\/2025\/12\/neuer-geschaeftsfuehrer-autoshow.jpg","contentUrl":"https:\/\/autoshow.ch\/wp-content\/uploads\/2025\/12\/neuer-geschaeftsfuehrer-autoshow.jpg","width":1535,"height":864,"caption":"Drejtor i ri ekzekutiv - Autoshow Aathal AG pran\u00eb Uster ofron makina t\u00eb p\u00ebrdorura dhe t\u00eb reja me \u00e7mime t\u00eb favorshme 1"},{"@type":"BreadcrumbList","@id":"https:\/\/autoshow.ch\/sq\/news\/drejtor-i-ri-ekzekutiv\/#breadcrumb","itemListElement":[{"@type":"ListItem","position":1,"name":"Startseite","item":"https:\/\/autoshow.ch\/sq\/"},{"@type":"ListItem","position":2,"name":"Drejtor i ri ekzekutiv"}]},{"@type":"WebSite","@id":"https:\/\/autoshow.ch\/sq\/#website","url":"https:\/\/autoshow.ch\/sq\/","name":"Autoshow Aathal AG","description":"bei Uster bietet g\u00fcnstige Occasionen und Neuwagen","publisher":{"@id":"https:\/\/autoshow.ch\/sq\/#organization"},"alternateName":"Autoshow","potentialAction":[{"@type":"SearchAction","target":{"@type":"EntryPoint","urlTemplate":"https:\/\/autoshow.ch\/sq\/?s={search_term_string}"},"query-input":{"@type":"PropertyValueSpecification","valueRequired":true,"valueName":"search_term_string"}}],"inLanguage":"sq"},{"@type":"Organization","@id":"https:\/\/autoshow.ch\/sq\/#organization","name":"Autoshow Aathal AG","alternateName":"Autoshow","url":"https:\/\/autoshow.ch\/sq\/","logo":{"@type":"ImageObject","inLanguage":"sq","@id":"https:\/\/autoshow.ch\/sq\/#\/schema\/logo\/image\/","url":"https:\/\/autoshow.ch\/wp-content\/uploads\/2025\/12\/autoshow-aathal-ag-logo@696x696.png","contentUrl":"https:\/\/autoshow.ch\/wp-content\/uploads\/2025\/12\/autoshow-aathal-ag-logo@696x696.png","width":696,"height":696,"caption":"Autoshow Aathal AG"},"image":{"@id":"https:\/\/autoshow.ch\/sq\/#\/schema\/logo\/image\/"},"sameAs":["https:\/\/www.facebook.com\/autoshow.ch","https:\/\/www.instagram.com\/autoshow_aathal\/","https:\/\/www.linkedin.com\/company\/autoshow-aathal-ag","https:\/\/www.youtube.com\/user\/AutoshowAathal"]},{"@type":"Person","@id":"https:\/\/autoshow.ch\/sq\/#\/schema\/person\/0fc96e1a12fbe3a05e1059e7b26ca148","name":"Marketing Autoshow","image":{"@type":"ImageObject","inLanguage":"sq","@id":"https:\/\/autoshow.ch\/wp-content\/litespeed\/avatar\/46547ed71fe40fb39a471b2711fab529.jpg?ver=1776774629","url":"https:\/\/autoshow.ch\/wp-content\/litespeed\/avatar\/46547ed71fe40fb39a471b2711fab529.jpg?ver=1776774629","contentUrl":"https:\/\/autoshow.ch\/wp-content\/litespeed\/avatar\/46547ed71fe40fb39a471b2711fab529.jpg?ver=1776774629","caption":"Marketing Autoshow"},"sameAs":["https:\/\/autoshow.ch"]}]}},"_links":{"self":[{"href":"https:\/\/autoshow.ch\/sq\/wp-json\/wp\/v2\/posts\/226382","targetHints":{"allow":["GET"]}}],"collection":[{"href":"https:\/\/autoshow.ch\/sq\/wp-json\/wp\/v2\/posts"}],"about":[{"href":"https:\/\/autoshow.ch\/sq\/wp-json\/wp\/v2\/types\/post"}],"author":[{"embeddable":true,"href":"https:\/\/autoshow.ch\/sq\/wp-json\/wp\/v2\/users\/31"}],"replies":[{"embeddable":true,"href":"https:\/\/autoshow.ch\/sq\/wp-json\/wp\/v2\/comments?post=226382"}],"version-history":[{"count":1,"href":"https:\/\/autoshow.ch\/sq\/wp-json\/wp\/v2\/posts\/226382\/revisions"}],"predecessor-version":[{"id":226384,"href":"https:\/\/autoshow.ch\/sq\/wp-json\/wp\/v2\/posts\/226382\/revisions\/226384"}],"wp:featuredmedia":[{"embeddable":true,"href":"https:\/\/autoshow.ch\/sq\/wp-json\/wp\/v2\/media\/226383"}],"wp:attachment":[{"href":"https:\/\/autoshow.ch\/sq\/wp-json\/wp\/v2\/media?parent=226382"}],"wp:term":[{"taxonomy":"category","embeddable":true,"href":"https:\/\/autoshow.ch\/sq\/wp-json\/wp\/v2\/categories?post=226382"},{"taxonomy":"post_tag","embeddable":true,"href":"https:\/\/autoshow.ch\/sq\/wp-json\/wp\/v2\/tags?post=226382"}],"curies":[{"name":"wp","href":"https:\/\/api.w.org\/{rel}","templated":true}]}}