{"id":225513,"date":"2021-11-17T12:50:05","date_gmt":"2021-11-17T11:50:05","guid":{"rendered":"https:\/\/autoshow.ch\/news\/tele-z-per-vizite-ne-aathal\/"},"modified":"2026-04-10T10:05:08","modified_gmt":"2026-04-10T08:05:08","slug":"tele-z-per-vizite-ne-aathal","status":"publish","type":"post","link":"https:\/\/autoshow.ch\/sq\/news\/tele-z-per-vizite-ne-aathal\/","title":{"rendered":"Tele Z p\u00ebr vizit\u00eb n\u00eb Aathal"},"content":{"rendered":"\n<h2 class=\"wp-block-heading\">\u201cHype\u201d rreth veturave t\u00eb p\u00ebrdorura n\u00eb Zvic\u00ebr<\/h2>\n\n<p><strong>Tele Z rapor\u00adton p\u00ebr k\u00ebrkes\u00ebn e lart\u00eb p\u00ebr vetu\u00adra t\u00eb p\u00ebr\u00addoru\u00adra n\u00eb tregt\u00adin\u00eb zvicer\u00adane t\u00eb auto\u00admo\u00adbilave.<\/strong> <strong>Mund ta shikoni <a href=\"https:\/\/www.telez.ch\/tele-z-aktuell-beitrag-16-11-2021-b3-2-2-3_28860\/\">online k\u00ebtu<\/a> n\u00eb edi\u00adcionin e 16 n\u00ebn\u00adtorit 2021.<\/strong><\/p>\n\n<p>Pavar\u00eb\u00adsisht sit\u00adu\u00adat\u00ebs aktuale t\u00eb tregut, n\u00eb Autoshow Aathal kemi n\u00eb stok rreth 400 vetu\u00adra nga 30 mar\u00adka, t\u00eb cilat jan\u00eb men\u00adj\u00ebher\u00eb t\u00eb disponueshme. Ne nuk ofro\u00adjm\u00eb vet\u00ebm \u00e7mime t\u00eb ul\u00eb\u00adta, por mbi t\u00eb gjitha afate shum\u00eb t\u00eb shkur\u00adtra dor\u00ebz\u00adi\u00admi. Tek ne do t\u00eb gjeni, nga 400 vetu\u00adra n\u00eb stok, autom\u00adjetin tuaj t\u00eb d\u00ebshiru\u00adar me \u00e7mime t\u00eb p\u00ebrher\u00adshme t\u00eb favor\u00adshme n\u00eb mbar\u00eb Zvi\u00adcr\u00ebn. Qoft\u00eb pyet\u00adje rreth bler\u00adjes s\u00eb vetur\u00ebs, leas\u00ading-ut t\u00eb vetur\u00ebs apo financim\u00adit t\u00eb vetur\u00ebs. T\u00eb gjitha autom\u00adjetet tona dor\u00eb\u00adzo\u00adhen direkt nga stoku. Thjesht ven\u00addos\u00adni, bli\u00adni dhe mer\u00adreni me vete. Ne gje\u00adjm\u00eb zgjid\u00adhjen e duhur p\u00ebr \u00e7do bux\u00adhet. Tek ne, nga 400 autom\u00adjete, me sig\u00aduri do t\u00eb gjeni <a href=\"https:\/\/autoshow.ch\/autos\/\">vetur\u00ebn e \u00ebndr\u00adrave<\/a> me \u00e7mime t\u00eb p\u00ebrher\u00adshme t\u00eb favor\u00adshme n\u00eb mbar\u00eb Zvi\u00adcr\u00ebn.         <\/p>\n\n<figure class=\"wp-block-image\"><img decoding=\"async\" src=\"https:\/\/autoshow.ch\/wp-content\/uploads\/2025\/12\/Bildschirmfoto-2021-11-17-um-13.49.00.jpg\" alt=\"  class=\" wp-image-110181><\/figure>\n\n<p>Tek ne do t\u00eb gjeni gjithash\u00adtu pro\u00adduk\u00adte garan\u00adcie bind\u00ebse dhe p\u00ebr\u00admir\u00ebsime sh\u00ebr\u00adbi\u00admi, n\u00eb m\u00ebnyr\u00eb q\u00eb t\u00eb p\u00ebr\u00adfi\u00adtoni nga nj\u00eb paket\u00eb e plot\u00eb pa shqet\u00ebsime p\u00ebr <a href=\"https:\/\/autoshow.ch\/autos\/\">autom\u00adjetin tuaj t\u00eb d\u00ebshiru\u00adar<\/a>. Dhe, sig\u00adur\u00adisht, mund t\u2019ju ofro\u00adjm\u00eb ofer\u00adta t\u00eb shk\u00eblqy\u00adera p\u00ebr sig\u00adurim\u00adin e vetur\u00ebs nga part\u00adner\u00eb t\u00eb ndrysh\u00ebm sig\u00aduri\u00admi. Na pyesni gjithash\u00adtu p\u00ebr rro\u00adta dim\u00ebrore, ne ju ofro\u00adjm\u00eb \u00e7mimet m\u00eb t\u00eb mira p\u00ebr to. P\u00ebr k\u00ebnaq\u00ebsi mak\u00adsi\u00admale me mak\u00adin\u00ebn tuaj t\u00eb re.<\/p>\n\n<figure class=\"wp-block-gallery columns-3 is-cropped wp-block-gallery-1 is-layout-flex wp-block-gallery-is-layout-flex\"><ul class=\"blocks-gallery-grid\"><li class=\"blocks-gallery-item\"><figure><img decoding=\"async\" src=\"https:\/\/autoshow.ch\/wp-content\/uploads\/2025\/12\/herbstrauschen-autoshow-2.jpg\" alt=\"Zhurma e vjesht\u00ebs \u2013 Autoshow Aathal AG 1\" data-id=\"88213\" data-full-url=\"https:\/\/autoshow.ch\/wp-content\/uploads\/2025\/12\/herbstrauschen-autoshow-2.jpg\" data-link=\"https:\/\/autoshow.ch\/?attachment_id=88213\" class=\"wp-image-88213\"><\/figure><\/li><li class=\"blocks-gallery-item\"><figure><img decoding=\"async\" src=\"https:\/\/autoshow.ch\/wp-content\/uploads\/2025\/12\/home-autoshow-19.jpeg\" alt=\"Ballina - Autoshow Aathal AG 43\" data-id=\"84807\" data-full-url=\"https:\/\/autoshow.ch\/wp-content\/uploads\/2025\/12\/home-autoshow-19.jpeg\" data-link=\"https:\/\/autoshow.ch\/home\/home-autoshow-19\/\" class=\"wp-image-84807\"><\/figure><\/li><li class=\"blocks-gallery-item\"><figure><img decoding=\"async\" src=\"https:\/\/autoshow.ch\/wp-content\/uploads\/2025\/12\/home-autoshow-23.jpeg\" alt=\"Ballina - Autoshow Aathal AG 47\" data-id=\"84815\" data-full-url=\"https:\/\/autoshow.ch\/wp-content\/uploads\/2025\/12\/home-autoshow-23.jpeg\" data-link=\"https:\/\/autoshow.ch\/home\/home-autoshow-23\/\" class=\"wp-image-84815\"><\/figure><\/li><li class=\"blocks-gallery-item\"><figure><img decoding=\"async\" src=\"https:\/\/autoshow.ch\/wp-content\/uploads\/2025\/12\/home-autoshow-21.jpeg\" alt=\"Ballina - Autoshow Aathal AG 45\" data-id=\"84811\" data-full-url=\"https:\/\/autoshow.ch\/wp-content\/uploads\/2025\/12\/home-autoshow-21.jpeg\" data-link=\"https:\/\/autoshow.ch\/home\/home-autoshow-21\/\" class=\"wp-image-84811\"><\/figure><\/li><li class=\"blocks-gallery-item\"><figure><img decoding=\"async\" src=\"https:\/\/autoshow.ch\/wp-content\/uploads\/2025\/12\/image0.jpeg\" alt=\"Oferta speciale me \u00e7mime t\u00eb pakrahasueshme - Autoshow Aathal AG 9\" data-id=\"83334\" data-full-url=\"https:\/\/autoshow.ch\/wp-content\/uploads\/2025\/12\/image0.jpeg\" data-link=\"https:\/\/autoshow.ch\/?attachment_id=83334\" class=\"wp-image-83334\"><\/figure><\/li><li class=\"blocks-gallery-item\"><figure><img decoding=\"async\" src=\"https:\/\/autoshow.ch\/wp-content\/uploads\/2025\/12\/image1.jpeg\" alt=\"Oferta speciale me \u00e7mime t\u00eb pakonkurrueshme \u2013 Autoshow Aathal AG 8\" data-id=\"83335\" data-full-url=\"https:\/\/autoshow.ch\/wp-content\/uploads\/2025\/12\/image1.jpeg\" data-link=\"https:\/\/autoshow.ch\/?attachment_id=83335\" class=\"wp-image-83335\"><\/figure><\/li><li class=\"blocks-gallery-item\"><figure><img decoding=\"async\" src=\"https:\/\/autoshow.ch\/wp-content\/uploads\/2025\/12\/image2.jpeg\" alt=\"Oferta speciale me \u00e7mime t\u00eb pakonkurrueshme \u2013 Autoshow Aathal AG 7\" data-id=\"83336\" data-full-url=\"https:\/\/autoshow.ch\/wp-content\/uploads\/2025\/12\/image2.jpeg\" data-link=\"https:\/\/autoshow.ch\/?attachment_id=83336\" class=\"wp-image-83336\"><\/figure><\/li><\/ul><\/figure>\n\n<p><strong>Masat mbro\u00adjt\u00ebse kund\u00ebr Covid-19 n\u00eb Autoshow Aathal<\/strong><\/p>\n\n<p>Meqen\u00ebse sh\u00ebn\u00adde\u00adti i klien\u00adt\u00ebve dhe i punon\u00adj\u00ebsve tan\u00eb \u00ebsht\u00eb pri\u00ador\u00aditeti yn\u00eb krye\u00adsor, ne vazh\u00addo\u00adjm\u00eb t\u2019u p\u00ebrm\u00adba\u00adhe\u00admi masave mbro\u00adjt\u00ebse kund\u00ebr Covid-19 t\u00eb Kon\u00adfed\u00ader\u00adat\u00ebs, kan\u00adtonit si dhe BAG. P\u00ebr m\u00eb tep\u00ebr, zba\u00adto\u00adjm\u00eb n\u00eb m\u00ebnyr\u00eb kon\u00adsekuente kon\u00adceptet dhe strategjit\u00eb e shoqatave tona t\u00eb indus\u00adtris\u00eb. Nj\u00eb tjet\u00ebr avan\u00adtazh \u00ebsht\u00eb se t\u00eb gjitha autom\u00adjetet tona ndod\u00adhen n\u00eb hap\u00ebsir\u00ebn ton\u00eb t\u00eb ekspozim\u00adit prej 5\u2019000 m2 n\u00eb ambi\u00adent t\u00eb hapur. Ne nuk kemi show\u00adroom. N\u00eb vendet tona t\u00eb pun\u00ebs p\u00ebr shit\u00adje jeni t\u00eb mbro\u00adj\u00adtur n\u00eb m\u00ebnyr\u00eb opti\u00admale fal\u00eb dez\u00adin\u00adfek\u00adtue\u00adsit t\u00eb duarve, maskave mbro\u00adjt\u00ebse si dhe nj\u00eb ndar\u00ebse\u00adje prej plek\u00adsi\u00adglasi.    <\/p>\n","protected":false},"excerpt":{"rendered":"<p>K\u00ebrkes\u00eb e mad\u00adhe p\u00ebr vetu\u00adra n\u00eb stok \u2013 \u201chype\u201d n\u00eb tre\u00adgun e vetu\u00adrave t\u00eb p\u00ebr\u00addoru\u00adra\u2026<\/p>\n","protected":false},"author":31,"featured_media":225514,"comment_status":"closed","ping_status":"closed","sticky":false,"template":"","format":"standard","meta":{"_acf_changed":false,"inline_featured_image":false,"wp_typography_post_enhancements_disabled":false,"footnotes":""},"categories":[628],"tags":[],"class_list":["post-225513","post","type-post","status-publish","format-standard","has-post-thumbnail","hentry","category-lajme"],"acf":[],"yoast_head":"<!-- This site is optimized with the Yoast SEO plugin v27.5 - https:\/\/yoast.com\/product\/yoast-seo-wordpress\/ -->\n<title>Tele Z p\u00ebr vizit\u00eb n\u00eb Aathal | Autoshow Aathal AG<\/title>\n<meta name=\"description\" content=\"K\u00ebrkes\u00eb e madhe p\u00ebr vetura n\u00eb stok \u2013 \u201chype\u201d n\u00eb tregun e veturave t\u00eb p\u00ebrdorura\" \/>\n<meta name=\"robots\" content=\"index, follow, max-snippet:-1, max-image-preview:large, max-video-preview:-1\" \/>\n<link rel=\"canonical\" href=\"https:\/\/autoshow.ch\/sq\/news\/tele-z-per-vizite-ne-aathal\/\" \/>\n<meta property=\"og:locale\" content=\"sq_AL\" \/>\n<meta property=\"og:type\" content=\"article\" \/>\n<meta property=\"og:title\" content=\"Tele Z p\u00ebr vizit\u00eb n\u00eb Aathal | Autoshow Aathal AG\" \/>\n<meta property=\"og:description\" content=\"K\u00ebrkes\u00eb e madhe p\u00ebr vetura n\u00eb stok \u2013 \u201chype\u201d n\u00eb tregun e veturave t\u00eb p\u00ebrdorura\" \/>\n<meta property=\"og:url\" content=\"https:\/\/autoshow.ch\/sq\/news\/tele-z-per-vizite-ne-aathal\/\" \/>\n<meta property=\"og:site_name\" content=\"Autoshow Aathal AG\" \/>\n<meta property=\"article:publisher\" content=\"https:\/\/www.facebook.com\/autoshow.ch\" \/>\n<meta property=\"article:published_time\" content=\"2021-11-17T11:50:05+00:00\" \/>\n<meta property=\"article:modified_time\" content=\"2026-04-10T08:05:08+00:00\" \/>\n<meta property=\"og:image\" content=\"https:\/\/autoshow.ch\/wp-content\/uploads\/2025\/12\/hype-auf-dem-occasionsmarkt-autoshow.jpg\" \/>\n\t<meta property=\"og:image:width\" content=\"540\" \/>\n\t<meta property=\"og:image:height\" content=\"317\" \/>\n\t<meta property=\"og:image:type\" content=\"image\/jpeg\" \/>\n<meta name=\"author\" content=\"Marketing Autoshow\" \/>\n<meta name=\"twitter:card\" content=\"summary_large_image\" \/>\n<!-- \/ Yoast SEO plugin. -->","yoast_head_json":{"title":"Tele Z p\u00ebr vizit\u00eb n\u00eb Aathal | Autoshow Aathal AG","description":"K\u00ebrkes\u00eb e madhe p\u00ebr vetura n\u00eb stok \u2013 \u201chype\u201d n\u00eb tregun e veturave t\u00eb p\u00ebrdorura","robots":{"index":"index","follow":"follow","max-snippet":"max-snippet:-1","max-image-preview":"max-image-preview:large","max-video-preview":"max-video-preview:-1"},"canonical":"https:\/\/autoshow.ch\/sq\/news\/tele-z-per-vizite-ne-aathal\/","og_locale":"sq_AL","og_type":"article","og_title":"Tele Z p\u00ebr vizit\u00eb n\u00eb Aathal | Autoshow Aathal AG","og_description":"K\u00ebrkes\u00eb e madhe p\u00ebr vetura n\u00eb stok \u2013 \u201chype\u201d n\u00eb tregun e veturave t\u00eb p\u00ebrdorura","og_url":"https:\/\/autoshow.ch\/sq\/news\/tele-z-per-vizite-ne-aathal\/","og_site_name":"Autoshow Aathal AG","article_publisher":"https:\/\/www.facebook.com\/autoshow.ch","article_published_time":"2021-11-17T11:50:05+00:00","article_modified_time":"2026-04-10T08:05:08+00:00","og_image":[{"width":540,"height":317,"url":"https:\/\/autoshow.ch\/wp-content\/uploads\/2025\/12\/hype-auf-dem-occasionsmarkt-autoshow.jpg","type":"image\/jpeg"}],"author":"Marketing Autoshow","twitter_card":"summary_large_image","schema":{"@context":"https:\/\/schema.org","@graph":[{"@type":["Article","BlogPosting"],"@id":"https:\/\/autoshow.ch\/sq\/news\/tele-z-per-vizite-ne-aathal\/#article","isPartOf":{"@id":"https:\/\/autoshow.ch\/sq\/news\/tele-z-per-vizite-ne-aathal\/"},"author":{"name":"Marketing Autoshow","@id":"https:\/\/autoshow.ch\/sq\/#\/schema\/person\/0fc96e1a12fbe3a05e1059e7b26ca148"},"headline":"Tele Z p\u00ebr vizit\u00eb n\u00eb Aathal","datePublished":"2021-11-17T11:50:05+00:00","dateModified":"2026-04-10T08:05:08+00:00","mainEntityOfPage":{"@id":"https:\/\/autoshow.ch\/sq\/news\/tele-z-per-vizite-ne-aathal\/"},"wordCount":391,"publisher":{"@id":"https:\/\/autoshow.ch\/sq\/#organization"},"image":{"@id":"https:\/\/autoshow.ch\/sq\/news\/tele-z-per-vizite-ne-aathal\/#primaryimage"},"thumbnailUrl":"https:\/\/autoshow.ch\/wp-content\/uploads\/2025\/12\/hype-auf-dem-occasionsmarkt-autoshow.jpg","articleSection":["Lajme"],"inLanguage":"sq"},{"@type":"WebPage","@id":"https:\/\/autoshow.ch\/sq\/news\/tele-z-per-vizite-ne-aathal\/","url":"https:\/\/autoshow.ch\/sq\/news\/tele-z-per-vizite-ne-aathal\/","name":"Tele Z p\u00ebr vizit\u00eb n\u00eb Aathal | Autoshow Aathal AG","isPartOf":{"@id":"https:\/\/autoshow.ch\/sq\/#website"},"primaryImageOfPage":{"@id":"https:\/\/autoshow.ch\/sq\/news\/tele-z-per-vizite-ne-aathal\/#primaryimage"},"image":{"@id":"https:\/\/autoshow.ch\/sq\/news\/tele-z-per-vizite-ne-aathal\/#primaryimage"},"thumbnailUrl":"https:\/\/autoshow.ch\/wp-content\/uploads\/2025\/12\/hype-auf-dem-occasionsmarkt-autoshow.jpg","datePublished":"2021-11-17T11:50:05+00:00","dateModified":"2026-04-10T08:05:08+00:00","description":"K\u00ebrkes\u00eb e madhe p\u00ebr vetura n\u00eb stok \u2013 \u201chype\u201d n\u00eb tregun e veturave t\u00eb p\u00ebrdorura","breadcrumb":{"@id":"https:\/\/autoshow.ch\/sq\/news\/tele-z-per-vizite-ne-aathal\/#breadcrumb"},"inLanguage":"sq","potentialAction":[{"@type":"ReadAction","target":["https:\/\/autoshow.ch\/sq\/news\/tele-z-per-vizite-ne-aathal\/"]}]},{"@type":"ImageObject","inLanguage":"sq","@id":"https:\/\/autoshow.ch\/sq\/news\/tele-z-per-vizite-ne-aathal\/#primaryimage","url":"https:\/\/autoshow.ch\/wp-content\/uploads\/2025\/12\/hype-auf-dem-occasionsmarkt-autoshow.jpg","contentUrl":"https:\/\/autoshow.ch\/wp-content\/uploads\/2025\/12\/hype-auf-dem-occasionsmarkt-autoshow.jpg","width":540,"height":317,"caption":"Tele Z p\u00ebr vizit\u00eb n\u00eb Aathal \u2013 Autoshow Aathal AG pran\u00eb Uster ofron vetura t\u00eb p\u00ebrdorura dhe t\u00eb reja me \u00e7mime t\u00eb favorshme 1"},{"@type":"BreadcrumbList","@id":"https:\/\/autoshow.ch\/sq\/news\/tele-z-per-vizite-ne-aathal\/#breadcrumb","itemListElement":[{"@type":"ListItem","position":1,"name":"Startseite","item":"https:\/\/autoshow.ch\/sq\/"},{"@type":"ListItem","position":2,"name":"Tele Z p\u00ebr vizit\u00eb n\u00eb Aathal"}]},{"@type":"WebSite","@id":"https:\/\/autoshow.ch\/sq\/#website","url":"https:\/\/autoshow.ch\/sq\/","name":"Autoshow Aathal AG","description":"bei Uster bietet g\u00fcnstige Occasionen und Neuwagen","publisher":{"@id":"https:\/\/autoshow.ch\/sq\/#organization"},"alternateName":"Autoshow","potentialAction":[{"@type":"SearchAction","target":{"@type":"EntryPoint","urlTemplate":"https:\/\/autoshow.ch\/sq\/?s={search_term_string}"},"query-input":{"@type":"PropertyValueSpecification","valueRequired":true,"valueName":"search_term_string"}}],"inLanguage":"sq"},{"@type":"Organization","@id":"https:\/\/autoshow.ch\/sq\/#organization","name":"Autoshow Aathal AG","alternateName":"Autoshow","url":"https:\/\/autoshow.ch\/sq\/","logo":{"@type":"ImageObject","inLanguage":"sq","@id":"https:\/\/autoshow.ch\/sq\/#\/schema\/logo\/image\/","url":"https:\/\/autoshow.ch\/wp-content\/uploads\/2025\/12\/autoshow-aathal-ag-logo@696x696.png","contentUrl":"https:\/\/autoshow.ch\/wp-content\/uploads\/2025\/12\/autoshow-aathal-ag-logo@696x696.png","width":696,"height":696,"caption":"Autoshow Aathal AG"},"image":{"@id":"https:\/\/autoshow.ch\/sq\/#\/schema\/logo\/image\/"},"sameAs":["https:\/\/www.facebook.com\/autoshow.ch","https:\/\/www.instagram.com\/autoshow_aathal\/","https:\/\/www.linkedin.com\/company\/autoshow-aathal-ag","https:\/\/www.youtube.com\/user\/AutoshowAathal"]},{"@type":"Person","@id":"https:\/\/autoshow.ch\/sq\/#\/schema\/person\/0fc96e1a12fbe3a05e1059e7b26ca148","name":"Marketing Autoshow","image":{"@type":"ImageObject","inLanguage":"sq","@id":"https:\/\/autoshow.ch\/wp-content\/litespeed\/avatar\/46547ed71fe40fb39a471b2711fab529.jpg?ver=1776774629","url":"https:\/\/autoshow.ch\/wp-content\/litespeed\/avatar\/46547ed71fe40fb39a471b2711fab529.jpg?ver=1776774629","contentUrl":"https:\/\/autoshow.ch\/wp-content\/litespeed\/avatar\/46547ed71fe40fb39a471b2711fab529.jpg?ver=1776774629","caption":"Marketing Autoshow"},"sameAs":["https:\/\/autoshow.ch"]}]}},"_links":{"self":[{"href":"https:\/\/autoshow.ch\/sq\/wp-json\/wp\/v2\/posts\/225513","targetHints":{"allow":["GET"]}}],"collection":[{"href":"https:\/\/autoshow.ch\/sq\/wp-json\/wp\/v2\/posts"}],"about":[{"href":"https:\/\/autoshow.ch\/sq\/wp-json\/wp\/v2\/types\/post"}],"author":[{"embeddable":true,"href":"https:\/\/autoshow.ch\/sq\/wp-json\/wp\/v2\/users\/31"}],"replies":[{"embeddable":true,"href":"https:\/\/autoshow.ch\/sq\/wp-json\/wp\/v2\/comments?post=225513"}],"version-history":[{"count":1,"href":"https:\/\/autoshow.ch\/sq\/wp-json\/wp\/v2\/posts\/225513\/revisions"}],"predecessor-version":[{"id":225515,"href":"https:\/\/autoshow.ch\/sq\/wp-json\/wp\/v2\/posts\/225513\/revisions\/225515"}],"wp:featuredmedia":[{"embeddable":true,"href":"https:\/\/autoshow.ch\/sq\/wp-json\/wp\/v2\/media\/225514"}],"wp:attachment":[{"href":"https:\/\/autoshow.ch\/sq\/wp-json\/wp\/v2\/media?parent=225513"}],"wp:term":[{"taxonomy":"category","embeddable":true,"href":"https:\/\/autoshow.ch\/sq\/wp-json\/wp\/v2\/categories?post=225513"},{"taxonomy":"post_tag","embeddable":true,"href":"https:\/\/autoshow.ch\/sq\/wp-json\/wp\/v2\/tags?post=225513"}],"curies":[{"name":"wp","href":"https:\/\/api.w.org\/{rel}","templated":true}]}}