{"id":225498,"date":"2021-10-01T06:30:00","date_gmt":"2021-10-01T04:30:00","guid":{"rendered":"https:\/\/autoshow.ch\/news\/ne-e-bejme-te-mundur-mobilitetin-elektrik\/"},"modified":"2026-04-10T10:04:59","modified_gmt":"2026-04-10T08:04:59","slug":"ne-e-bejme-te-mundur-mobilitetin-elektrik","status":"publish","type":"post","link":"https:\/\/autoshow.ch\/sq\/news\/ne-e-bejme-te-mundur-mobilitetin-elektrik\/","title":{"rendered":"Ne e b\u00ebjm\u00eb t\u00eb mundur mobilitetin elektrik"},"content":{"rendered":"\n<h2 class=\"wp-block-heading\">\u00c7mime t\u00eb pap\u00ebrs\u00ebritshme p\u00ebr automjetet tona miq\u00ebsore ndaj CO2<\/h2>\n\n<p><strong>K\u00ebrkoni nj\u00eb alter\u00adna\u00adtiv\u00eb pak m\u00eb ndryshe? Tek ne do t\u00eb gjeni nj\u00eb num\u00ebr t\u00eb madh autom\u00adjetesh elek\u00adtrike dhe hib\u00adride q\u00eb jan\u00eb ve\u00e7an\u00ebr\u00adisht t\u00eb favor\u00adshme n\u00eb bilancin e CO2. <\/strong><\/p>\n\n<p>Zgjidhni <a href=\"https:\/\/autoshow.ch\/autos\/co2-freundlich\/\">autom\u00adjetet tona miq\u00eb\u00adsore ndaj CO2<\/a> dhe kurseni jo vet\u00ebm kar\u00adbu\u00adrant n\u00eb mir\u00ebm\u00adba\u00adjt\u00adje, por mbi t\u00eb gjitha edhe para n\u00eb bler\u00adje.<br>T\u00eb gjitha autom\u00adjetet tona t\u00eb reja, autom\u00adjetet nj\u00eb vje\u00e7are dhe autom\u00adjetet e p\u00ebr\u00addoru\u00adra miq\u00eb\u00adsore ndaj CO2 i kemi reduk\u00adtu\u00adar masivisht n\u00eb \u00e7mimet e shit\u00adjes. P\u00ebr\u00adfi\u00adtoni tani nga k\u00ebto <a href=\"https:\/\/autoshow.ch\/autos\/co2-freundlich\/\">ofer\u00adta spe\u00adciale<\/a> t\u00eb pap\u00ebrs\u00ebrit\u00adshme. <\/p>\n\n<figure class=\"wp-block-image\"><img decoding=\"async\" src=\"https:\/\/autoshow.ch\/wp-content\/uploads\/2025\/12\/wir-machen-elektromobilitaet-moeglich-autoshow.jpeg\" alt=\"Ne e b\u00ebjm\u00eb t\u00eb mundur mobilitetin elektrik - Autoshow Aathal AG 13\" class=\"wp-image-97943\"><\/figure>\n\n<p>A nuk \u00ebsht\u00eb e nj\u00ebjt\u00eb n\u00ebse bli\u00adni nj\u00eb autom\u00adjet elek\u00adtrik apo nj\u00eb autom\u00adjet hib\u00adrid? P\u00ebr shum\u00eb t\u00eb intere\u00adsuar \u00ebsht\u00eb e qart\u00eb se d\u00ebshi\u00adro\u00adjn\u00eb nj\u00eb sis\u00adtem propul\u00adsioni alter\u00adna\u00adtiv, por ku q\u00ebn\u00addro\u00adjn\u00eb sak\u00adt\u00eb\u00adsisht dal\u00adlimet midis dy llo\u00adjeve t\u00eb propul\u00adsion\u00adit dhe si ndiko\u00adjn\u00eb k\u00ebto n\u00eb jet\u00ebn e p\u00ebrdit\u00adshme? <\/p>\n\n<p>N\u00ebse d\u00ebshi\u00adroni t\u00eb udh\u00eb\u00adtoni m\u00eb shpesh me mak\u00adin\u00eb n\u00eb pushime, at\u00ebher\u00eb nj\u00eb hib\u00adrid Plug-in \u00ebsht\u00eb zgjed\u00adh\u00adja m\u00eb e mir\u00eb. Ai \u00ebsht\u00eb i p\u00ebr\u00adsh\u00adtat\u00adsh\u00ebm p\u00ebr dis\u00adtan\u00adca t\u00eb gja\u00adta, fal\u00eb dy sis\u00adte\u00admeve t\u00eb propul\u00adsion\u00adit nuk keni nevo\u00adj\u00eb t\u00eb keni frik\u00eb nga autono\u00admia. <\/p>\n\n<p>P\u00ebr dis\u00adtan\u00adca t\u00eb rreg\u00adull\u00adta dhe t\u00eb plan\u00adi\u00adfikueshme t\u00eb udh\u00eb\u00adtim\u00adit me infra\u00adstruk\u00adtur\u00eb ngarki\u00admi t\u00eb disponueshme, autom\u00adjeti elek\u00adtrik \u00ebsht\u00eb shoq\u00ebrue\u00adsi ide\u00adal. <\/p>\n\n<figure class=\"wp-block-gallery columns-3 is-cropped wp-block-gallery-1 is-layout-flex wp-block-gallery-is-layout-flex\"><ul class=\"blocks-gallery-grid\"><li class=\"blocks-gallery-item\"><figure><img decoding=\"async\" src=\"https:\/\/autoshow.ch\/wp-content\/uploads\/2025\/12\/Bildschirmfoto-2021-02-17-um-10.06.03.jpg\" alt=\"  data-id=\" data-full-url=\"https:\/\/autoshow.ch\/wp-content\/uploads\/2025\/12\/Bildschirmfoto-2021-02-17-um-10.06.03.jpg\" data-link=\"https:\/\/autoshow.ch\/news\/sparen-sie-treibstoff-und-geld\/bildschirmfoto-2021-02-17-um-10-06-03\/\" class=\"wp-image-96520\"><\/figure><\/li><li class=\"blocks-gallery-item\"><figure><img decoding=\"async\" src=\"https:\/\/autoshow.ch\/wp-content\/uploads\/2025\/12\/Bildschirmfoto-2021-02-17-um-10.06.22.jpg\" alt=\"  data-id=\" data-full-url=\"https:\/\/autoshow.ch\/wp-content\/uploads\/2025\/12\/Bildschirmfoto-2021-02-17-um-10.06.22.jpg\" data-link=\"https:\/\/autoshow.ch\/news\/sparen-sie-treibstoff-und-geld\/bildschirmfoto-2021-02-17-um-10-06-22\/\" class=\"wp-image-96521\"><\/figure><\/li><li class=\"blocks-gallery-item\"><figure><img decoding=\"async\" src=\"https:\/\/autoshow.ch\/wp-content\/uploads\/2025\/12\/Bildschirmfoto-2021-02-17-um-10.06.37.jpg\" alt=\"  data-id=\" data-full-url=\"https:\/\/autoshow.ch\/wp-content\/uploads\/2025\/12\/Bildschirmfoto-2021-02-17-um-10.06.37.jpg\" data-link=\"https:\/\/autoshow.ch\/news\/sparen-sie-treibstoff-und-geld\/bildschirmfoto-2021-02-17-um-10-06-37\/\" class=\"wp-image-96522\"><\/figure><\/li><li class=\"blocks-gallery-item\"><figure><img decoding=\"async\" src=\"https:\/\/autoshow.ch\/wp-content\/uploads\/2025\/12\/Bildschirmfoto-2021-02-17-um-10.07.10.jpg\" alt=\"  data-id=\" data-full-url=\"https:\/\/autoshow.ch\/wp-content\/uploads\/2025\/12\/Bildschirmfoto-2021-02-17-um-10.07.10.jpg\" data-link=\"https:\/\/autoshow.ch\/news\/sparen-sie-treibstoff-und-geld\/bildschirmfoto-2021-02-17-um-10-07-10\/\" class=\"wp-image-96523\"><\/figure><\/li><li class=\"blocks-gallery-item\"><figure><img decoding=\"async\" src=\"https:\/\/autoshow.ch\/wp-content\/uploads\/2025\/12\/Bildschirmfoto-2021-02-17-um-10.08.30.jpg\" alt=\"  data-id=\" data-full-url=\"https:\/\/autoshow.ch\/wp-content\/uploads\/2025\/12\/Bildschirmfoto-2021-02-17-um-10.08.30.jpg\" data-link=\"https:\/\/autoshow.ch\/news\/sparen-sie-treibstoff-und-geld\/bildschirmfoto-2021-02-17-um-10-08-30\/\" class=\"wp-image-96524\"><\/figure><\/li><li class=\"blocks-gallery-item\"><figure><img decoding=\"async\" src=\"https:\/\/autoshow.ch\/wp-content\/uploads\/2025\/12\/Bildschirmfoto-2021-02-17-um-10.09.03.jpg\" alt=\"  data-id=\" data-full-url=\"https:\/\/autoshow.ch\/wp-content\/uploads\/2025\/12\/Bildschirmfoto-2021-02-17-um-10.09.03.jpg\" data-link=\"https:\/\/autoshow.ch\/news\/sparen-sie-treibstoff-und-geld\/bildschirmfoto-2021-02-17-um-10-09-03\/\" class=\"wp-image-96526\"><\/figure><\/li><li class=\"blocks-gallery-item\"><figure><img decoding=\"async\" src=\"https:\/\/autoshow.ch\/wp-content\/uploads\/2025\/12\/Bildschirmfoto-2021-02-17-um-10.09.26.jpg\" alt=\"  data-id=\" data-full-url=\"https:\/\/autoshow.ch\/wp-content\/uploads\/2025\/12\/Bildschirmfoto-2021-02-17-um-10.09.26.jpg\" data-link=\"https:\/\/autoshow.ch\/news\/sparen-sie-treibstoff-und-geld\/bildschirmfoto-2021-02-17-um-10-09-26\/\" class=\"wp-image-96527\"><\/figure><\/li><li class=\"blocks-gallery-item\"><figure><img decoding=\"async\" src=\"https:\/\/autoshow.ch\/wp-content\/uploads\/2025\/12\/Bildschirmfoto-2021-02-17-um-10.09.36.jpg\" alt=\"  data-id=\" data-full-url=\"https:\/\/autoshow.ch\/wp-content\/uploads\/2025\/12\/Bildschirmfoto-2021-02-17-um-10.09.36.jpg\" data-link=\"https:\/\/autoshow.ch\/news\/sparen-sie-treibstoff-und-geld\/bildschirmfoto-2021-02-17-um-10-09-36\/\" class=\"wp-image-96528\"><\/figure><\/li><li class=\"blocks-gallery-item\"><figure><img decoding=\"async\" src=\"https:\/\/autoshow.ch\/wp-content\/uploads\/2025\/12\/Bildschirmfoto-2021-02-17-um-10.09.49.jpg\" alt=\"  data-id=\" data-full-url=\"https:\/\/autoshow.ch\/wp-content\/uploads\/2025\/12\/Bildschirmfoto-2021-02-17-um-10.09.49.jpg\" data-link=\"https:\/\/autoshow.ch\/news\/sparen-sie-treibstoff-und-geld\/bildschirmfoto-2021-02-17-um-10-09-49\/\" class=\"wp-image-96529\"><\/figure><\/li><li class=\"blocks-gallery-item\"><figure><img decoding=\"async\" src=\"https:\/\/autoshow.ch\/wp-content\/uploads\/2025\/12\/Bildschirmfoto-2021-02-17-um-10.10.02.jpg\" alt=\"  data-id=\" data-full-url=\"https:\/\/autoshow.ch\/wp-content\/uploads\/2025\/12\/Bildschirmfoto-2021-02-17-um-10.10.02.jpg\" data-link=\"https:\/\/autoshow.ch\/news\/sparen-sie-treibstoff-und-geld\/bildschirmfoto-2021-02-17-um-10-10-02\/\" class=\"wp-image-96530\"><\/figure><\/li><li class=\"blocks-gallery-item\"><figure><img decoding=\"async\" src=\"https:\/\/autoshow.ch\/wp-content\/uploads\/2025\/12\/Bildschirmfoto-2021-02-17-um-10.10.15.jpg\" alt=\"  data-id=\" data-full-url=\"https:\/\/autoshow.ch\/wp-content\/uploads\/2025\/12\/Bildschirmfoto-2021-02-17-um-10.10.15.jpg\" data-link=\"https:\/\/autoshow.ch\/news\/sparen-sie-treibstoff-und-geld\/bildschirmfoto-2021-02-17-um-10-10-15\/\" class=\"wp-image-96531\"><\/figure><\/li><li class=\"blocks-gallery-item\"><figure><img decoding=\"async\" src=\"https:\/\/autoshow.ch\/wp-content\/uploads\/2025\/12\/Bildschirmfoto-2021-02-17-um-10.10.27.jpg\" alt=\"  data-id=\" data-full-url=\"https:\/\/autoshow.ch\/wp-content\/uploads\/2025\/12\/Bildschirmfoto-2021-02-17-um-10.10.27.jpg\" data-link=\"https:\/\/autoshow.ch\/news\/sparen-sie-treibstoff-und-geld\/bildschirmfoto-2021-02-17-um-10-10-27\/\" class=\"wp-image-96532\"><\/figure><\/li><li class=\"blocks-gallery-item\"><figure><img decoding=\"async\" src=\"https:\/\/autoshow.ch\/wp-content\/uploads\/2025\/12\/Bildschirmfoto-2021-02-17-um-10.10.37.jpg\" alt=\"  data-id=\" data-full-url=\"https:\/\/autoshow.ch\/wp-content\/uploads\/2025\/12\/Bildschirmfoto-2021-02-17-um-10.10.37.jpg\" data-link=\"https:\/\/autoshow.ch\/news\/sparen-sie-treibstoff-und-geld\/bildschirmfoto-2021-02-17-um-10-10-37\/\" class=\"wp-image-96533\"><\/figure><\/li><\/ul><\/figure>\n\n<p>Regjistrimet e reja t\u00eb autom\u00adjeteve me spin\u00eb arri\u00adjn\u00eb n\u00eb Zvic\u00ebr nj\u00eb reko\u00adrd t\u00eb ri vit pas viti. Rru\u00adga drejt nj\u00eb t\u00eb ardhme\u00adje elek\u00adtrike \u00ebsht\u00eb e p\u00ebr\u00adcak\u00adtu\u00adar. Nd\u00ebr\u00adti\u00admi dhe zgjer\u00adi\u00admi i infra\u00adstruk\u00adtu\u00adrave t\u00eb ngarkim\u00adit po p\u00ebr\u00adparon me hapa t\u00eb m\u00ebd\u00adhenj. Prod\u00adhue\u00adsit e autom\u00adjeteve po investo\u00adjn\u00eb mil\u00adiar\u00adda n\u00eb zhvil\u00adlim\u00adin e mobilitetit elek\u00adtrik. Europa dhe Zvi\u00adcra jan\u00eb tash\u00adm\u00eb mbi mesa\u00adtaren glob\u00adale.    <\/p>\n\n<p>Keni nevo\u00adj\u00eb p\u00ebr <a href=\"https:\/\/autoshow.ch\/dienstleistungen\/elektro-ladestation\/\">sta\u00adcionin e ngarkim\u00adit<\/a> t\u00eb duhur p\u00ebr n\u00eb sht\u00ebpi ose p\u00ebr biz\u00adnesin tuaj? S\u00eb bashku me <a href=\"https:\/\/autoshow.ch\/dienstleistungen\/elektro-ladestation\/\">part\u00adner\u00adin<\/a> ton\u00eb do t\u2019ju tre\u00adgo\u00adjm\u00eb pa detyrim se cila \u00ebsht\u00eb zgjid\u00adh\u00adja e duhur p\u00ebr ju dhe sa kush\u00adton. <\/p>\n\n<p>\u00c7far\u00eb <a href=\"https:\/\/autoshow.ch\/dienstleistungen\/elektro-ratgeber\/\">llo\u00adji ngarki\u00admi<\/a> jam un\u00eb dhe \u00e7far\u00eb <a href=\"https:\/\/autoshow.ch\/dienstleistungen\/elektro-ratgeber\/\">llo\u00adjesh spinash<\/a> ekzis\u00adto\u00adjn\u00eb? Zbu\u00adlo\u00adjeni n\u00eb <a href=\"https:\/\/autoshow.ch\/dienstleistungen\/elektro-ratgeber\/\">k\u00ebshill\u00adtarin ton\u00eb elek\u00adtrik<\/a>. <\/p>\n","protected":false},"excerpt":{"rendered":"<p>\u00c7mime t\u00eb pap\u00ebrs\u00ebrit\u00adshme p\u00ebr autom\u00adjetet tona miq\u00eb\u00adsore ndaj CO2: kurseni kar\u00adbu\u00adrant dh\u2026<\/p>\n","protected":false},"author":31,"featured_media":225499,"comment_status":"closed","ping_status":"closed","sticky":false,"template":"","format":"standard","meta":{"_acf_changed":false,"inline_featured_image":false,"wp_typography_post_enhancements_disabled":false,"footnotes":""},"categories":[665],"tags":[],"class_list":["post-225498","post","type-post","status-publish","format-standard","has-post-thumbnail","hentry","category-aksion"],"acf":[],"yoast_head":"<!-- This site is optimized with the Yoast SEO plugin v27.4 - https:\/\/yoast.com\/product\/yoast-seo-wordpress\/ -->\n<title>Ne e b\u00ebjm\u00eb t\u00eb mundur mobilitetin elektrik | Autoshow Aathal AG<\/title>\n<meta name=\"description\" content=\"\u00c7mime t\u00eb pap\u00ebrs\u00ebritshme p\u00ebr automjetet tona miq\u00ebsore ndaj CO2: kurseni karburant dhe mbi t\u00eb gjitha para.\" \/>\n<meta name=\"robots\" content=\"index, follow, max-snippet:-1, max-image-preview:large, max-video-preview:-1\" \/>\n<link rel=\"canonical\" href=\"https:\/\/autoshow.ch\/sq\/news\/ne-e-bejme-te-mundur-mobilitetin-elektrik\/\" \/>\n<meta property=\"og:locale\" content=\"sq_AL\" \/>\n<meta property=\"og:type\" content=\"article\" \/>\n<meta property=\"og:title\" content=\"Ne e b\u00ebjm\u00eb t\u00eb mundur mobilitetin elektrik | Autoshow Aathal AG\" \/>\n<meta property=\"og:description\" content=\"\u00c7mime t\u00eb pap\u00ebrs\u00ebritshme p\u00ebr automjetet tona miq\u00ebsore ndaj CO2: kurseni karburant dhe mbi t\u00eb gjitha para.\" \/>\n<meta property=\"og:url\" content=\"https:\/\/autoshow.ch\/sq\/news\/ne-e-bejme-te-mundur-mobilitetin-elektrik\/\" \/>\n<meta property=\"og:site_name\" content=\"Autoshow Aathal AG\" \/>\n<meta property=\"article:publisher\" content=\"https:\/\/www.facebook.com\/autoshow.ch\" \/>\n<meta property=\"article:published_time\" content=\"2021-10-01T04:30:00+00:00\" \/>\n<meta property=\"article:modified_time\" content=\"2026-04-10T08:04:59+00:00\" \/>\n<meta property=\"og:image\" content=\"https:\/\/autoshow.ch\/wp-content\/uploads\/2025\/12\/wir-machen-elektromobilitaet-moeglich-autoshow.jpeg\" \/>\n\t<meta property=\"og:image:width\" content=\"960\" \/>\n\t<meta property=\"og:image:height\" content=\"960\" \/>\n\t<meta property=\"og:image:type\" content=\"image\/jpeg\" \/>\n<meta name=\"author\" content=\"Marketing Autoshow\" \/>\n<meta name=\"twitter:card\" content=\"summary_large_image\" \/>\n<!-- \/ Yoast SEO plugin. -->","yoast_head_json":{"title":"Ne e b\u00ebjm\u00eb t\u00eb mundur mobilitetin elektrik | Autoshow Aathal AG","description":"\u00c7mime t\u00eb pap\u00ebrs\u00ebritshme p\u00ebr automjetet tona miq\u00ebsore ndaj CO2: kurseni karburant dhe mbi t\u00eb gjitha para.","robots":{"index":"index","follow":"follow","max-snippet":"max-snippet:-1","max-image-preview":"max-image-preview:large","max-video-preview":"max-video-preview:-1"},"canonical":"https:\/\/autoshow.ch\/sq\/news\/ne-e-bejme-te-mundur-mobilitetin-elektrik\/","og_locale":"sq_AL","og_type":"article","og_title":"Ne e b\u00ebjm\u00eb t\u00eb mundur mobilitetin elektrik | Autoshow Aathal AG","og_description":"\u00c7mime t\u00eb pap\u00ebrs\u00ebritshme p\u00ebr automjetet tona miq\u00ebsore ndaj CO2: kurseni karburant dhe mbi t\u00eb gjitha para.","og_url":"https:\/\/autoshow.ch\/sq\/news\/ne-e-bejme-te-mundur-mobilitetin-elektrik\/","og_site_name":"Autoshow Aathal AG","article_publisher":"https:\/\/www.facebook.com\/autoshow.ch","article_published_time":"2021-10-01T04:30:00+00:00","article_modified_time":"2026-04-10T08:04:59+00:00","og_image":[{"width":960,"height":960,"url":"https:\/\/autoshow.ch\/wp-content\/uploads\/2025\/12\/wir-machen-elektromobilitaet-moeglich-autoshow.jpeg","type":"image\/jpeg"}],"author":"Marketing Autoshow","twitter_card":"summary_large_image","schema":{"@context":"https:\/\/schema.org","@graph":[{"@type":["Article","BlogPosting"],"@id":"https:\/\/autoshow.ch\/sq\/news\/ne-e-bejme-te-mundur-mobilitetin-elektrik\/#article","isPartOf":{"@id":"https:\/\/autoshow.ch\/sq\/news\/ne-e-bejme-te-mundur-mobilitetin-elektrik\/"},"author":{"name":"Marketing Autoshow","@id":"https:\/\/autoshow.ch\/sq\/#\/schema\/person\/0fc96e1a12fbe3a05e1059e7b26ca148"},"headline":"Ne e b\u00ebjm\u00eb t\u00eb mundur mobilitetin elektrik","datePublished":"2021-10-01T04:30:00+00:00","dateModified":"2026-04-10T08:04:59+00:00","mainEntityOfPage":{"@id":"https:\/\/autoshow.ch\/sq\/news\/ne-e-bejme-te-mundur-mobilitetin-elektrik\/"},"wordCount":360,"publisher":{"@id":"https:\/\/autoshow.ch\/sq\/#organization"},"image":{"@id":"https:\/\/autoshow.ch\/sq\/news\/ne-e-bejme-te-mundur-mobilitetin-elektrik\/#primaryimage"},"thumbnailUrl":"https:\/\/autoshow.ch\/wp-content\/uploads\/2025\/12\/wir-machen-elektromobilitaet-moeglich-autoshow.jpeg","articleSection":["AKSION"],"inLanguage":"sq"},{"@type":"WebPage","@id":"https:\/\/autoshow.ch\/sq\/news\/ne-e-bejme-te-mundur-mobilitetin-elektrik\/","url":"https:\/\/autoshow.ch\/sq\/news\/ne-e-bejme-te-mundur-mobilitetin-elektrik\/","name":"Ne e b\u00ebjm\u00eb t\u00eb mundur mobilitetin elektrik | Autoshow Aathal AG","isPartOf":{"@id":"https:\/\/autoshow.ch\/sq\/#website"},"primaryImageOfPage":{"@id":"https:\/\/autoshow.ch\/sq\/news\/ne-e-bejme-te-mundur-mobilitetin-elektrik\/#primaryimage"},"image":{"@id":"https:\/\/autoshow.ch\/sq\/news\/ne-e-bejme-te-mundur-mobilitetin-elektrik\/#primaryimage"},"thumbnailUrl":"https:\/\/autoshow.ch\/wp-content\/uploads\/2025\/12\/wir-machen-elektromobilitaet-moeglich-autoshow.jpeg","datePublished":"2021-10-01T04:30:00+00:00","dateModified":"2026-04-10T08:04:59+00:00","description":"\u00c7mime t\u00eb pap\u00ebrs\u00ebritshme p\u00ebr automjetet tona miq\u00ebsore ndaj CO2: kurseni karburant dhe mbi t\u00eb gjitha para.","breadcrumb":{"@id":"https:\/\/autoshow.ch\/sq\/news\/ne-e-bejme-te-mundur-mobilitetin-elektrik\/#breadcrumb"},"inLanguage":"sq","potentialAction":[{"@type":"ReadAction","target":["https:\/\/autoshow.ch\/sq\/news\/ne-e-bejme-te-mundur-mobilitetin-elektrik\/"]}]},{"@type":"ImageObject","inLanguage":"sq","@id":"https:\/\/autoshow.ch\/sq\/news\/ne-e-bejme-te-mundur-mobilitetin-elektrik\/#primaryimage","url":"https:\/\/autoshow.ch\/wp-content\/uploads\/2025\/12\/wir-machen-elektromobilitaet-moeglich-autoshow.jpeg","contentUrl":"https:\/\/autoshow.ch\/wp-content\/uploads\/2025\/12\/wir-machen-elektromobilitaet-moeglich-autoshow.jpeg","width":960,"height":960,"caption":"Ne e b\u00ebjm\u00eb t\u00eb mundur mobilitetin elektrik - Autoshow Aathal AG pran\u00eb Uster ofron automjete t\u00eb p\u00ebrdorura dhe t\u00eb reja me \u00e7mime t\u00eb favorshme 13"},{"@type":"BreadcrumbList","@id":"https:\/\/autoshow.ch\/sq\/news\/ne-e-bejme-te-mundur-mobilitetin-elektrik\/#breadcrumb","itemListElement":[{"@type":"ListItem","position":1,"name":"Startseite","item":"https:\/\/autoshow.ch\/sq\/"},{"@type":"ListItem","position":2,"name":"Ne e b\u00ebjm\u00eb t\u00eb mundur mobilitetin elektrik"}]},{"@type":"WebSite","@id":"https:\/\/autoshow.ch\/sq\/#website","url":"https:\/\/autoshow.ch\/sq\/","name":"Autoshow Aathal AG","description":"bei Uster bietet g\u00fcnstige Occasionen und Neuwagen","publisher":{"@id":"https:\/\/autoshow.ch\/sq\/#organization"},"alternateName":"Autoshow","potentialAction":[{"@type":"SearchAction","target":{"@type":"EntryPoint","urlTemplate":"https:\/\/autoshow.ch\/sq\/?s={search_term_string}"},"query-input":{"@type":"PropertyValueSpecification","valueRequired":true,"valueName":"search_term_string"}}],"inLanguage":"sq"},{"@type":"Organization","@id":"https:\/\/autoshow.ch\/sq\/#organization","name":"Autoshow Aathal AG","alternateName":"Autoshow","url":"https:\/\/autoshow.ch\/sq\/","logo":{"@type":"ImageObject","inLanguage":"sq","@id":"https:\/\/autoshow.ch\/sq\/#\/schema\/logo\/image\/","url":"https:\/\/autoshow.ch\/wp-content\/uploads\/2025\/12\/autoshow-aathal-ag-logo@696x696.png","contentUrl":"https:\/\/autoshow.ch\/wp-content\/uploads\/2025\/12\/autoshow-aathal-ag-logo@696x696.png","width":696,"height":696,"caption":"Autoshow Aathal AG"},"image":{"@id":"https:\/\/autoshow.ch\/sq\/#\/schema\/logo\/image\/"},"sameAs":["https:\/\/www.facebook.com\/autoshow.ch","https:\/\/www.instagram.com\/autoshow_aathal\/","https:\/\/www.linkedin.com\/company\/autoshow-aathal-ag","https:\/\/www.youtube.com\/user\/AutoshowAathal"]},{"@type":"Person","@id":"https:\/\/autoshow.ch\/sq\/#\/schema\/person\/0fc96e1a12fbe3a05e1059e7b26ca148","name":"Marketing Autoshow","image":{"@type":"ImageObject","inLanguage":"sq","@id":"https:\/\/autoshow.ch\/wp-content\/litespeed\/avatar\/46547ed71fe40fb39a471b2711fab529.jpg?ver=1776774629","url":"https:\/\/autoshow.ch\/wp-content\/litespeed\/avatar\/46547ed71fe40fb39a471b2711fab529.jpg?ver=1776774629","contentUrl":"https:\/\/autoshow.ch\/wp-content\/litespeed\/avatar\/46547ed71fe40fb39a471b2711fab529.jpg?ver=1776774629","caption":"Marketing Autoshow"},"sameAs":["https:\/\/autoshow.ch"]}]}},"_links":{"self":[{"href":"https:\/\/autoshow.ch\/sq\/wp-json\/wp\/v2\/posts\/225498","targetHints":{"allow":["GET"]}}],"collection":[{"href":"https:\/\/autoshow.ch\/sq\/wp-json\/wp\/v2\/posts"}],"about":[{"href":"https:\/\/autoshow.ch\/sq\/wp-json\/wp\/v2\/types\/post"}],"author":[{"embeddable":true,"href":"https:\/\/autoshow.ch\/sq\/wp-json\/wp\/v2\/users\/31"}],"replies":[{"embeddable":true,"href":"https:\/\/autoshow.ch\/sq\/wp-json\/wp\/v2\/comments?post=225498"}],"version-history":[{"count":1,"href":"https:\/\/autoshow.ch\/sq\/wp-json\/wp\/v2\/posts\/225498\/revisions"}],"predecessor-version":[{"id":225500,"href":"https:\/\/autoshow.ch\/sq\/wp-json\/wp\/v2\/posts\/225498\/revisions\/225500"}],"wp:featuredmedia":[{"embeddable":true,"href":"https:\/\/autoshow.ch\/sq\/wp-json\/wp\/v2\/media\/225499"}],"wp:attachment":[{"href":"https:\/\/autoshow.ch\/sq\/wp-json\/wp\/v2\/media?parent=225498"}],"wp:term":[{"taxonomy":"category","embeddable":true,"href":"https:\/\/autoshow.ch\/sq\/wp-json\/wp\/v2\/categories?post=225498"},{"taxonomy":"post_tag","embeddable":true,"href":"https:\/\/autoshow.ch\/sq\/wp-json\/wp\/v2\/tags?post=225498"}],"curies":[{"name":"wp","href":"https:\/\/api.w.org\/{rel}","templated":true}]}}