{"id":227818,"date":"2021-10-01T06:30:00","date_gmt":"2021-10-01T04:30:00","guid":{"rendered":"https:\/\/autoshow.ch\/news\/tornamos-a-eletromobilidade-possivel\/"},"modified":"2026-04-10T10:35:38","modified_gmt":"2026-04-10T08:35:38","slug":"tornamos-a-eletromobilidade-possivel","status":"publish","type":"post","link":"https:\/\/autoshow.ch\/pt-pt\/news\/tornamos-a-eletromobilidade-possivel\/","title":{"rendered":"Tornamos a eletromobilidade poss\u00edvel"},"content":{"rendered":"\n<h2 class=\"wp-block-heading\">Pre\u00e7os imbat\u00edveis nos nossos ve\u00edculos amigos do CO2<\/h2>\n\n<p><strong>Procuras uma alter\u00adna\u00adti\u00adva difer\u00adente? Connosco encon\u00adtras in\u00fameras motor\u00adiza\u00ad\u00e7\u00f5es el\u00e9tri\u00adc\u00adas e h\u00edbri\u00addas que se desta\u00adcam par\u00adtic\u00adu\u00adlar\u00admente na pega\u00adda de CO2. <\/strong><\/p>\n\n<p>Escol\u00adhe os nos\u00adsos <a href=\"https:\/\/autoshow.ch\/autos\/co2-freundlich\/\">ve\u00edcu\u00adlos ami\u00adgos do CO2<\/a> e poupa n\u00e3o s\u00f3 com\u00adbust\u00edv\u00adel na manuten\u00e7\u00e3o, mas aci\u00adma de tudo din\u00adheiro na aquisi\u00e7\u00e3o.<br>Reduz\u00adi\u00admos mas\u00adsi\u00adva\u00admente os pre\u00e7os de ven\u00adda de todos os nos\u00adsos car\u00adros novos, semi\u00adnovos e usa\u00addos ami\u00adgos do CO2. Aprovei\u00adta ago\u00adra estas <a href=\"https:\/\/autoshow.ch\/autos\/co2-freundlich\/\">ofer\u00adtas espe\u00adci\u00adais<\/a> imbat\u00ad\u00edveis. <\/p>\n\n<figure class=\"wp-block-image\"><img decoding=\"async\" src=\"https:\/\/autoshow.ch\/wp-content\/uploads\/2025\/12\/wir-machen-elektromobilitaet-moeglich-autoshow.jpeg\" alt=\"Tornamos a eletromobilidade poss\u00edvel - Autoshow Aathal AG 13\" class=\"wp-image-97943\"><\/figure>\n\n<p>N\u00e3o \u00e9 indifer\u00adente com\u00adprar um car\u00adro el\u00e9tri\u00adco ou um car\u00adro h\u00edbri\u00addo? Para muitos inter\u00ades\u00adsa\u00addos est\u00e1 deci\u00addi\u00addo que querem uma motor\u00adiza\u00ad\u00e7\u00e3o alter\u00adna\u00adti\u00adva, mas onde est\u00e3o exata\u00admente as difer\u00aden\u00e7as entre os dois tipos de motor\u00adiza\u00ad\u00e7\u00e3o e como se fazem notar no dia a dia? <\/p>\n\n<p>Se queres via\u00adjar de car\u00adro de f\u00e9rias com fre\u00adqu\u00ean\u00adcia, ent\u00e3o um h\u00edbri\u00addo plug-in \u00e9 a mel\u00adhor escol\u00adha. \u00c9 ade\u00adqua\u00addo para lon\u00adgas dis\u00adt\u00e2n\u00adcias e, gra\u00e7as aos dois motores, n\u00e3o pre\u00adcisas de ter receio da autono\u00admia. <\/p>\n\n<p>Para tra\u00adje\u00adtos pen\u00addu\u00adlares reg\u00adu\u00adlares e pre\u00advis\u00edveis com infraestru\u00adtu\u00adra de car\u00adrega\u00admen\u00adto dispon\u00edv\u00adel, o car\u00adro el\u00e9tri\u00adco \u00e9 o com\u00adpan\u00adheiro ide\u00adal. <\/p>\n\n<figure class=\"wp-block-gallery columns-3 is-cropped wp-block-gallery-1 is-layout-flex wp-block-gallery-is-layout-flex\"><ul class=\"blocks-gallery-grid\"><li class=\"blocks-gallery-item\"><figure><img decoding=\"async\" src=\"https:\/\/autoshow.ch\/wp-content\/uploads\/2025\/12\/Bildschirmfoto-2021-02-17-um-10.06.03.jpg\" alt=\"  data-id=\" data-full-url=\"https:\/\/autoshow.ch\/wp-content\/uploads\/2025\/12\/Bildschirmfoto-2021-02-17-um-10.06.03.jpg\" data-link=\"https:\/\/autoshow.ch\/news\/sparen-sie-treibstoff-und-geld\/bildschirmfoto-2021-02-17-um-10-06-03\/\" class=\"wp-image-96520\"><\/figure><\/li><li class=\"blocks-gallery-item\"><figure><img decoding=\"async\" src=\"https:\/\/autoshow.ch\/wp-content\/uploads\/2025\/12\/Bildschirmfoto-2021-02-17-um-10.06.22.jpg\" alt=\"  data-id=\" data-full-url=\"https:\/\/autoshow.ch\/wp-content\/uploads\/2025\/12\/Bildschirmfoto-2021-02-17-um-10.06.22.jpg\" data-link=\"https:\/\/autoshow.ch\/news\/sparen-sie-treibstoff-und-geld\/bildschirmfoto-2021-02-17-um-10-06-22\/\" class=\"wp-image-96521\"><\/figure><\/li><li class=\"blocks-gallery-item\"><figure><img decoding=\"async\" src=\"https:\/\/autoshow.ch\/wp-content\/uploads\/2025\/12\/Bildschirmfoto-2021-02-17-um-10.06.37.jpg\" alt=\"  data-id=\" data-full-url=\"https:\/\/autoshow.ch\/wp-content\/uploads\/2025\/12\/Bildschirmfoto-2021-02-17-um-10.06.37.jpg\" data-link=\"https:\/\/autoshow.ch\/news\/sparen-sie-treibstoff-und-geld\/bildschirmfoto-2021-02-17-um-10-06-37\/\" class=\"wp-image-96522\"><\/figure><\/li><li class=\"blocks-gallery-item\"><figure><img decoding=\"async\" src=\"https:\/\/autoshow.ch\/wp-content\/uploads\/2025\/12\/Bildschirmfoto-2021-02-17-um-10.07.10.jpg\" alt=\"  data-id=\" data-full-url=\"https:\/\/autoshow.ch\/wp-content\/uploads\/2025\/12\/Bildschirmfoto-2021-02-17-um-10.07.10.jpg\" data-link=\"https:\/\/autoshow.ch\/news\/sparen-sie-treibstoff-und-geld\/bildschirmfoto-2021-02-17-um-10-07-10\/\" class=\"wp-image-96523\"><\/figure><\/li><li class=\"blocks-gallery-item\"><figure><img decoding=\"async\" src=\"https:\/\/autoshow.ch\/wp-content\/uploads\/2025\/12\/Bildschirmfoto-2021-02-17-um-10.08.30.jpg\" alt=\"  data-id=\" data-full-url=\"https:\/\/autoshow.ch\/wp-content\/uploads\/2025\/12\/Bildschirmfoto-2021-02-17-um-10.08.30.jpg\" data-link=\"https:\/\/autoshow.ch\/news\/sparen-sie-treibstoff-und-geld\/bildschirmfoto-2021-02-17-um-10-08-30\/\" class=\"wp-image-96524\"><\/figure><\/li><li class=\"blocks-gallery-item\"><figure><img decoding=\"async\" src=\"https:\/\/autoshow.ch\/wp-content\/uploads\/2025\/12\/Bildschirmfoto-2021-02-17-um-10.09.03.jpg\" alt=\"  data-id=\" data-full-url=\"https:\/\/autoshow.ch\/wp-content\/uploads\/2025\/12\/Bildschirmfoto-2021-02-17-um-10.09.03.jpg\" data-link=\"https:\/\/autoshow.ch\/news\/sparen-sie-treibstoff-und-geld\/bildschirmfoto-2021-02-17-um-10-09-03\/\" class=\"wp-image-96526\"><\/figure><\/li><li class=\"blocks-gallery-item\"><figure><img decoding=\"async\" src=\"https:\/\/autoshow.ch\/wp-content\/uploads\/2025\/12\/Bildschirmfoto-2021-02-17-um-10.09.26.jpg\" alt=\"  data-id=\" data-full-url=\"https:\/\/autoshow.ch\/wp-content\/uploads\/2025\/12\/Bildschirmfoto-2021-02-17-um-10.09.26.jpg\" data-link=\"https:\/\/autoshow.ch\/news\/sparen-sie-treibstoff-und-geld\/bildschirmfoto-2021-02-17-um-10-09-26\/\" class=\"wp-image-96527\"><\/figure><\/li><li class=\"blocks-gallery-item\"><figure><img decoding=\"async\" src=\"https:\/\/autoshow.ch\/wp-content\/uploads\/2025\/12\/Bildschirmfoto-2021-02-17-um-10.09.36.jpg\" alt=\"  data-id=\" data-full-url=\"https:\/\/autoshow.ch\/wp-content\/uploads\/2025\/12\/Bildschirmfoto-2021-02-17-um-10.09.36.jpg\" data-link=\"https:\/\/autoshow.ch\/news\/sparen-sie-treibstoff-und-geld\/bildschirmfoto-2021-02-17-um-10-09-36\/\" class=\"wp-image-96528\"><\/figure><\/li><li class=\"blocks-gallery-item\"><figure><img decoding=\"async\" src=\"https:\/\/autoshow.ch\/wp-content\/uploads\/2025\/12\/Bildschirmfoto-2021-02-17-um-10.09.49.jpg\" alt=\"  data-id=\" data-full-url=\"https:\/\/autoshow.ch\/wp-content\/uploads\/2025\/12\/Bildschirmfoto-2021-02-17-um-10.09.49.jpg\" data-link=\"https:\/\/autoshow.ch\/news\/sparen-sie-treibstoff-und-geld\/bildschirmfoto-2021-02-17-um-10-09-49\/\" class=\"wp-image-96529\"><\/figure><\/li><li class=\"blocks-gallery-item\"><figure><img decoding=\"async\" src=\"https:\/\/autoshow.ch\/wp-content\/uploads\/2025\/12\/Bildschirmfoto-2021-02-17-um-10.10.02.jpg\" alt=\"  data-id=\" data-full-url=\"https:\/\/autoshow.ch\/wp-content\/uploads\/2025\/12\/Bildschirmfoto-2021-02-17-um-10.10.02.jpg\" data-link=\"https:\/\/autoshow.ch\/news\/sparen-sie-treibstoff-und-geld\/bildschirmfoto-2021-02-17-um-10-10-02\/\" class=\"wp-image-96530\"><\/figure><\/li><li class=\"blocks-gallery-item\"><figure><img decoding=\"async\" src=\"https:\/\/autoshow.ch\/wp-content\/uploads\/2025\/12\/Bildschirmfoto-2021-02-17-um-10.10.15.jpg\" alt=\"  data-id=\" data-full-url=\"https:\/\/autoshow.ch\/wp-content\/uploads\/2025\/12\/Bildschirmfoto-2021-02-17-um-10.10.15.jpg\" data-link=\"https:\/\/autoshow.ch\/news\/sparen-sie-treibstoff-und-geld\/bildschirmfoto-2021-02-17-um-10-10-15\/\" class=\"wp-image-96531\"><\/figure><\/li><li class=\"blocks-gallery-item\"><figure><img decoding=\"async\" src=\"https:\/\/autoshow.ch\/wp-content\/uploads\/2025\/12\/Bildschirmfoto-2021-02-17-um-10.10.27.jpg\" alt=\"  data-id=\" data-full-url=\"https:\/\/autoshow.ch\/wp-content\/uploads\/2025\/12\/Bildschirmfoto-2021-02-17-um-10.10.27.jpg\" data-link=\"https:\/\/autoshow.ch\/news\/sparen-sie-treibstoff-und-geld\/bildschirmfoto-2021-02-17-um-10-10-27\/\" class=\"wp-image-96532\"><\/figure><\/li><li class=\"blocks-gallery-item\"><figure><img decoding=\"async\" src=\"https:\/\/autoshow.ch\/wp-content\/uploads\/2025\/12\/Bildschirmfoto-2021-02-17-um-10.10.37.jpg\" alt=\"  data-id=\" data-full-url=\"https:\/\/autoshow.ch\/wp-content\/uploads\/2025\/12\/Bildschirmfoto-2021-02-17-um-10.10.37.jpg\" data-link=\"https:\/\/autoshow.ch\/news\/sparen-sie-treibstoff-und-geld\/bildschirmfoto-2021-02-17-um-10-10-37\/\" class=\"wp-image-96533\"><\/figure><\/li><\/ul><\/figure>\n\n<p>As matr\u00edcu\u00adlas de car\u00adros el\u00e9tri\u00adcos atingem na Su\u00ed\u00e7a um novo recorde ano ap\u00f3s ano. O cam\u00adin\u00adho para um futuro el\u00e9tri\u00adco est\u00e1 tra\u00e7a\u00addo. A con\u00adstru\u00e7\u00e3o e expan\u00ads\u00e3o das infraestru\u00adturas de car\u00adrega\u00admen\u00adto avan\u00e7a a pas\u00adsos lar\u00adgos. Os fab\u00adri\u00adcantes de autom\u00f3veis investem mil\u00adhares de mil\u00adh\u00f5es no desen\u00advolvi\u00admen\u00adto da eletro\u00admo\u00adbil\u00adi\u00addade. A Europa e a Su\u00ed\u00e7a j\u00e1 est\u00e3o aci\u00adma da m\u00e9dia glob\u00adal.    <\/p>\n\n<p>Pre\u00adcisas da <a href=\"https:\/\/autoshow.ch\/dienstleistungen\/elektro-ladestation\/\">esta\u00e7\u00e3o de car\u00adrega\u00admen\u00adto<\/a> cer\u00adta para casa ou para a tua empre\u00adsa? Jun\u00adta\u00admente com o nos\u00adso <a href=\"https:\/\/autoshow.ch\/dienstleistungen\/elektro-ladestation\/\">par\u00adceiro<\/a>, mostramos-te sem com\u00adpro\u00admis\u00adso qual \u00e9 a solu\u00e7\u00e3o cer\u00adta para ti e quan\u00adto cus\u00adta. <\/p>\n\n<p>Que <a href=\"https:\/\/autoshow.ch\/dienstleistungen\/elektro-ratgeber\/\">tipo de car\u00adrega\u00admen\u00adto<\/a> sou eu afi\u00adnal e que <a href=\"https:\/\/autoshow.ch\/dienstleistungen\/elektro-ratgeber\/\">tipos de fichas<\/a> exis\u00adtem? Desco\u00adbre no nos\u00adso <a href=\"https:\/\/autoshow.ch\/dienstleistungen\/elektro-ratgeber\/\">guia el\u00e9tri\u00adco<\/a>. <\/p>\n","protected":false},"excerpt":{"rendered":"<p>Pre\u00e7os imbat\u00ad\u00edveis nos nos\u00adsos ve\u00edcu\u00adlos ami\u00adgos do CO2: poupa com\u00adbust\u00edv\u00adel e, aci\u00adma de\u2026<\/p>\n","protected":false},"author":31,"featured_media":227819,"comment_status":"closed","ping_status":"closed","sticky":false,"template":"","format":"standard","meta":{"_acf_changed":false,"inline_featured_image":false,"wp_typography_post_enhancements_disabled":false,"footnotes":""},"categories":[666],"tags":[],"class_list":["post-227818","post","type-post","status-publish","format-standard","has-post-thumbnail","hentry","category-promocao"],"acf":[],"yoast_head":"<!-- This site is optimized with the Yoast SEO plugin v27.4 - https:\/\/yoast.com\/product\/yoast-seo-wordpress\/ -->\n<title>Tornamos a eletromobilidade poss\u00edvel | Autoshow Aathal AG<\/title>\n<meta name=\"description\" content=\"Pre\u00e7os imbat\u00edveis nos nossos ve\u00edculos amigos do CO2: poupa combust\u00edvel e, acima de tudo, dinheiro.\" \/>\n<meta name=\"robots\" content=\"index, follow, max-snippet:-1, max-image-preview:large, max-video-preview:-1\" \/>\n<link rel=\"canonical\" href=\"https:\/\/autoshow.ch\/pt-pt\/news\/tornamos-a-eletromobilidade-possivel\/\" \/>\n<meta property=\"og:locale\" content=\"pt_PT\" \/>\n<meta property=\"og:type\" content=\"article\" \/>\n<meta property=\"og:title\" content=\"Tornamos a eletromobilidade poss\u00edvel | Autoshow Aathal AG\" \/>\n<meta property=\"og:description\" content=\"Pre\u00e7os imbat\u00edveis nos nossos ve\u00edculos amigos do CO2: poupa combust\u00edvel e, acima de tudo, dinheiro.\" \/>\n<meta property=\"og:url\" content=\"https:\/\/autoshow.ch\/pt-pt\/news\/tornamos-a-eletromobilidade-possivel\/\" \/>\n<meta property=\"og:site_name\" content=\"Autoshow Aathal AG\" \/>\n<meta property=\"article:publisher\" content=\"https:\/\/www.facebook.com\/autoshow.ch\" \/>\n<meta property=\"article:published_time\" content=\"2021-10-01T04:30:00+00:00\" \/>\n<meta property=\"article:modified_time\" content=\"2026-04-10T08:35:38+00:00\" \/>\n<meta property=\"og:image\" content=\"https:\/\/autoshow.ch\/wp-content\/uploads\/2025\/12\/wir-machen-elektromobilitaet-moeglich-autoshow.jpeg\" \/>\n\t<meta property=\"og:image:width\" content=\"960\" \/>\n\t<meta property=\"og:image:height\" content=\"960\" \/>\n\t<meta property=\"og:image:type\" content=\"image\/jpeg\" \/>\n<meta name=\"author\" content=\"Marketing Autoshow\" \/>\n<meta name=\"twitter:card\" content=\"summary_large_image\" \/>\n<!-- \/ Yoast SEO plugin. -->","yoast_head_json":{"title":"Tornamos a eletromobilidade poss\u00edvel | Autoshow Aathal AG","description":"Pre\u00e7os imbat\u00edveis nos nossos ve\u00edculos amigos do CO2: poupa combust\u00edvel e, acima de tudo, dinheiro.","robots":{"index":"index","follow":"follow","max-snippet":"max-snippet:-1","max-image-preview":"max-image-preview:large","max-video-preview":"max-video-preview:-1"},"canonical":"https:\/\/autoshow.ch\/pt-pt\/news\/tornamos-a-eletromobilidade-possivel\/","og_locale":"pt_PT","og_type":"article","og_title":"Tornamos a eletromobilidade poss\u00edvel | Autoshow Aathal AG","og_description":"Pre\u00e7os imbat\u00edveis nos nossos ve\u00edculos amigos do CO2: poupa combust\u00edvel e, acima de tudo, dinheiro.","og_url":"https:\/\/autoshow.ch\/pt-pt\/news\/tornamos-a-eletromobilidade-possivel\/","og_site_name":"Autoshow Aathal AG","article_publisher":"https:\/\/www.facebook.com\/autoshow.ch","article_published_time":"2021-10-01T04:30:00+00:00","article_modified_time":"2026-04-10T08:35:38+00:00","og_image":[{"width":960,"height":960,"url":"https:\/\/autoshow.ch\/wp-content\/uploads\/2025\/12\/wir-machen-elektromobilitaet-moeglich-autoshow.jpeg","type":"image\/jpeg"}],"author":"Marketing Autoshow","twitter_card":"summary_large_image","schema":{"@context":"https:\/\/schema.org","@graph":[{"@type":["Article","BlogPosting"],"@id":"https:\/\/autoshow.ch\/pt-pt\/news\/tornamos-a-eletromobilidade-possivel\/#article","isPartOf":{"@id":"https:\/\/autoshow.ch\/pt-pt\/news\/tornamos-a-eletromobilidade-possivel\/"},"author":{"name":"Marketing Autoshow","@id":"https:\/\/autoshow.ch\/pt-pt\/#\/schema\/person\/0fc96e1a12fbe3a05e1059e7b26ca148"},"headline":"Tornamos a eletromobilidade poss\u00edvel","datePublished":"2021-10-01T04:30:00+00:00","dateModified":"2026-04-10T08:35:38+00:00","mainEntityOfPage":{"@id":"https:\/\/autoshow.ch\/pt-pt\/news\/tornamos-a-eletromobilidade-possivel\/"},"wordCount":320,"publisher":{"@id":"https:\/\/autoshow.ch\/pt-pt\/#organization"},"image":{"@id":"https:\/\/autoshow.ch\/pt-pt\/news\/tornamos-a-eletromobilidade-possivel\/#primaryimage"},"thumbnailUrl":"https:\/\/autoshow.ch\/wp-content\/uploads\/2025\/12\/wir-machen-elektromobilitaet-moeglich-autoshow.jpeg","articleSection":["PROMO\u00c7\u00c3O"],"inLanguage":"pt-PT"},{"@type":"WebPage","@id":"https:\/\/autoshow.ch\/pt-pt\/news\/tornamos-a-eletromobilidade-possivel\/","url":"https:\/\/autoshow.ch\/pt-pt\/news\/tornamos-a-eletromobilidade-possivel\/","name":"Tornamos a eletromobilidade poss\u00edvel | Autoshow Aathal AG","isPartOf":{"@id":"https:\/\/autoshow.ch\/pt-pt\/#website"},"primaryImageOfPage":{"@id":"https:\/\/autoshow.ch\/pt-pt\/news\/tornamos-a-eletromobilidade-possivel\/#primaryimage"},"image":{"@id":"https:\/\/autoshow.ch\/pt-pt\/news\/tornamos-a-eletromobilidade-possivel\/#primaryimage"},"thumbnailUrl":"https:\/\/autoshow.ch\/wp-content\/uploads\/2025\/12\/wir-machen-elektromobilitaet-moeglich-autoshow.jpeg","datePublished":"2021-10-01T04:30:00+00:00","dateModified":"2026-04-10T08:35:38+00:00","description":"Pre\u00e7os imbat\u00edveis nos nossos ve\u00edculos amigos do CO2: poupa combust\u00edvel e, acima de tudo, dinheiro.","breadcrumb":{"@id":"https:\/\/autoshow.ch\/pt-pt\/news\/tornamos-a-eletromobilidade-possivel\/#breadcrumb"},"inLanguage":"pt-PT","potentialAction":[{"@type":"ReadAction","target":["https:\/\/autoshow.ch\/pt-pt\/news\/tornamos-a-eletromobilidade-possivel\/"]}]},{"@type":"ImageObject","inLanguage":"pt-PT","@id":"https:\/\/autoshow.ch\/pt-pt\/news\/tornamos-a-eletromobilidade-possivel\/#primaryimage","url":"https:\/\/autoshow.ch\/wp-content\/uploads\/2025\/12\/wir-machen-elektromobilitaet-moeglich-autoshow.jpeg","contentUrl":"https:\/\/autoshow.ch\/wp-content\/uploads\/2025\/12\/wir-machen-elektromobilitaet-moeglich-autoshow.jpeg","width":960,"height":960,"caption":"Tornamos a eletromobilidade poss\u00edvel - Autoshow Aathal AG perto de Uster oferece carros usados e novos a pre\u00e7os acess\u00edveis 13"},{"@type":"BreadcrumbList","@id":"https:\/\/autoshow.ch\/pt-pt\/news\/tornamos-a-eletromobilidade-possivel\/#breadcrumb","itemListElement":[{"@type":"ListItem","position":1,"name":"Startseite","item":"https:\/\/autoshow.ch\/pt-pt\/"},{"@type":"ListItem","position":2,"name":"Tornamos a eletromobilidade poss\u00edvel"}]},{"@type":"WebSite","@id":"https:\/\/autoshow.ch\/pt-pt\/#website","url":"https:\/\/autoshow.ch\/pt-pt\/","name":"Autoshow Aathal AG","description":"bei Uster bietet g\u00fcnstige Occasionen und Neuwagen","publisher":{"@id":"https:\/\/autoshow.ch\/pt-pt\/#organization"},"alternateName":"Autoshow","potentialAction":[{"@type":"SearchAction","target":{"@type":"EntryPoint","urlTemplate":"https:\/\/autoshow.ch\/pt-pt\/?s={search_term_string}"},"query-input":{"@type":"PropertyValueSpecification","valueRequired":true,"valueName":"search_term_string"}}],"inLanguage":"pt-PT"},{"@type":"Organization","@id":"https:\/\/autoshow.ch\/pt-pt\/#organization","name":"Autoshow Aathal AG","alternateName":"Autoshow","url":"https:\/\/autoshow.ch\/pt-pt\/","logo":{"@type":"ImageObject","inLanguage":"pt-PT","@id":"https:\/\/autoshow.ch\/pt-pt\/#\/schema\/logo\/image\/","url":"https:\/\/autoshow.ch\/wp-content\/uploads\/2025\/12\/autoshow-aathal-ag-logo@696x696.png","contentUrl":"https:\/\/autoshow.ch\/wp-content\/uploads\/2025\/12\/autoshow-aathal-ag-logo@696x696.png","width":696,"height":696,"caption":"Autoshow Aathal AG"},"image":{"@id":"https:\/\/autoshow.ch\/pt-pt\/#\/schema\/logo\/image\/"},"sameAs":["https:\/\/www.facebook.com\/autoshow.ch","https:\/\/www.instagram.com\/autoshow_aathal\/","https:\/\/www.linkedin.com\/company\/autoshow-aathal-ag","https:\/\/www.youtube.com\/user\/AutoshowAathal"]},{"@type":"Person","@id":"https:\/\/autoshow.ch\/pt-pt\/#\/schema\/person\/0fc96e1a12fbe3a05e1059e7b26ca148","name":"Marketing Autoshow","image":{"@type":"ImageObject","inLanguage":"pt-PT","@id":"https:\/\/autoshow.ch\/wp-content\/litespeed\/avatar\/46547ed71fe40fb39a471b2711fab529.jpg?ver=1776774629","url":"https:\/\/autoshow.ch\/wp-content\/litespeed\/avatar\/46547ed71fe40fb39a471b2711fab529.jpg?ver=1776774629","contentUrl":"https:\/\/autoshow.ch\/wp-content\/litespeed\/avatar\/46547ed71fe40fb39a471b2711fab529.jpg?ver=1776774629","caption":"Marketing Autoshow"},"sameAs":["https:\/\/autoshow.ch"]}]}},"_links":{"self":[{"href":"https:\/\/autoshow.ch\/pt-pt\/wp-json\/wp\/v2\/posts\/227818","targetHints":{"allow":["GET"]}}],"collection":[{"href":"https:\/\/autoshow.ch\/pt-pt\/wp-json\/wp\/v2\/posts"}],"about":[{"href":"https:\/\/autoshow.ch\/pt-pt\/wp-json\/wp\/v2\/types\/post"}],"author":[{"embeddable":true,"href":"https:\/\/autoshow.ch\/pt-pt\/wp-json\/wp\/v2\/users\/31"}],"replies":[{"embeddable":true,"href":"https:\/\/autoshow.ch\/pt-pt\/wp-json\/wp\/v2\/comments?post=227818"}],"version-history":[{"count":1,"href":"https:\/\/autoshow.ch\/pt-pt\/wp-json\/wp\/v2\/posts\/227818\/revisions"}],"predecessor-version":[{"id":227820,"href":"https:\/\/autoshow.ch\/pt-pt\/wp-json\/wp\/v2\/posts\/227818\/revisions\/227820"}],"wp:featuredmedia":[{"embeddable":true,"href":"https:\/\/autoshow.ch\/pt-pt\/wp-json\/wp\/v2\/media\/227819"}],"wp:attachment":[{"href":"https:\/\/autoshow.ch\/pt-pt\/wp-json\/wp\/v2\/media?parent=227818"}],"wp:term":[{"taxonomy":"category","embeddable":true,"href":"https:\/\/autoshow.ch\/pt-pt\/wp-json\/wp\/v2\/categories?post=227818"},{"taxonomy":"post_tag","embeddable":true,"href":"https:\/\/autoshow.ch\/pt-pt\/wp-json\/wp\/v2\/tags?post=227818"}],"curies":[{"name":"wp","href":"https:\/\/api.w.org\/{rel}","templated":true}]}}