{"id":227809,"date":"2021-03-01T17:07:00","date_gmt":"2021-03-01T16:07:00","guid":{"rendered":"https:\/\/autoshow.ch\/news\/vendas-abertas-a-partir-de-1-de-marco\/"},"modified":"2026-04-10T10:35:31","modified_gmt":"2026-04-10T08:35:31","slug":"vendas-abertas-a-partir-de-1-de-marco","status":"publish","type":"post","link":"https:\/\/autoshow.ch\/pt-pt\/news\/vendas-abertas-a-partir-de-1-de-marco\/","title":{"rendered":"Vendas abertas a partir de 1 de mar\u00e7o"},"content":{"rendered":"\n<h2 class=\"wp-block-heading\">A partir de 1 de mar\u00e7o, estamos novamente dispon\u00edveis para voc\u00eas. Estamos muito contentes! <\/h2>\n\n<p><strong>A par\u00adtir de segun\u00adda-feira, 1 de mar\u00e7o, as nos\u00adsas ven\u00addas est\u00e3o nova\u00admente aber\u00adtas para voc\u00eas. Esta\u00admos con\u00adtentes por vos poder rece\u00adber pes\u00adsoal\u00admente aqui em Aathal. Uma vez que a sa\u00fade dos nos\u00adsos clientes e colab\u00ado\u00adradores \u00e9 a nos\u00adsa prin\u00adci\u00adpal pri\u00ador\u00adi\u00addade, con\u00adtin\u00adu\u00adamos a cumprir as medi\u00addas do gov\u00ader\u00adno fed\u00ader\u00adal, do can\u00adt\u00e3o e do Gabi\u00adnete Fed\u00ader\u00adal de Sa\u00fade P\u00fabli\u00adca. Al\u00e9m dis\u00adso, imple\u00admen\u00adta\u00admos con\u00adsis\u00adten\u00adte\u00admente os con\u00adceitos e estrat\u00e9\u00adgias das nos\u00adsas asso\u00adci\u00ada\u00e7\u00f5es seto\u00adri\u00adais.    <\/strong><\/p>\n\n<p>Informem-se aqui sobre o nos\u00adso <a href=\"https:\/\/autoshow.ch\/unsere-schutzmassnahmen-im-verkaufsprozess\/\"><strong>con\u00adceito de pro\u00adte\u00e7\u00e3o<\/strong><\/a> na ven\u00adda de ve\u00edcu\u00adlos para garan\u00adtir a maior segu\u00adran\u00e7a pos\u00ads\u00edv\u00adel con\u00adtra a COVID-19 a todos os envolvi\u00addos neste proces\u00adso. Vejam tam\u00adb\u00e9m o nos\u00adso <a href=\"https:\/\/www.youtube.com\/watch?v=1Ky3LcIHu6c&amp;t=1s\"><strong>v\u00eddeo explica\u00adti\u00advo<\/strong><\/a> sobre como as medi\u00addas de pro\u00adte\u00e7\u00e3o s\u00e3o imple\u00admen\u00adtadas nas nos\u00adsas insta\u00adla\u00e7\u00f5es. <\/p>\n\n<figure class=\"wp-block-image\"><img decoding=\"async\" src=\"https:\/\/autoshow.ch\/wp-content\/uploads\/2025\/12\/verkauf-ab-1-maerz-offen-autoshow-2.jpeg\" alt=\"Vendas abertas a partir de 1 de mar\u00e7o - Autoshow Aathal AG 1\" class=\"wp-image-96937\"><\/figure>\n\n<div class=\"wp-block-button\"><a class=\"wp-block-button__link has-text-color has-very-light-gray-color has-background has-vivid-cyan-blue-background-color\" href=\"https:\/\/autoshow.ch\/unsere-schutzmassnahmen-im-verkaufsprozess\/\">Con\u00adceito de pro\u00adte\u00e7\u00e3o<\/a><\/div>\n\n<div class=\"wp-block-button\"><a class=\"wp-block-button__link has-text-color has-very-light-gray-color has-background has-vivid-cyan-blue-background-color\" href=\"https:\/\/www.youtube.com\/watch?v=1Ky3LcIHu6c&amp;t=1s\">V\u00eddeo explica\u00adti\u00advo<\/a><\/div>\n","protected":false},"excerpt":{"rendered":"<p>Final\u00admente! Chegou o momen\u00adto \u2013 a par\u00adtir de 1 de mar\u00e7o, esta\u00admos nova\u00admente di\u2026<\/p>\n","protected":false},"author":31,"featured_media":227810,"comment_status":"closed","ping_status":"closed","sticky":false,"template":"","format":"standard","meta":{"_acf_changed":false,"inline_featured_image":false,"wp_typography_post_enhancements_disabled":false,"footnotes":""},"categories":[631],"tags":[],"class_list":["post-227809","post","type-post","status-publish","format-standard","has-post-thumbnail","hentry","category-noticias"],"acf":[],"yoast_head":"<!-- This site is optimized with the Yoast SEO plugin v27.4 - https:\/\/yoast.com\/product\/yoast-seo-wordpress\/ -->\n<title>Vendas abertas a partir de 1 de mar\u00e7o | Autoshow Aathal AG<\/title>\n<meta name=\"description\" content=\"Finalmente! Chegou o momento \u2013 a partir de 1 de mar\u00e7o, estamos novamente dispon\u00edveis para voc\u00eas. Estamos muito contentes!\" \/>\n<meta name=\"robots\" content=\"index, follow, max-snippet:-1, max-image-preview:large, max-video-preview:-1\" \/>\n<link rel=\"canonical\" href=\"https:\/\/autoshow.ch\/pt-pt\/news\/vendas-abertas-a-partir-de-1-de-marco\/\" \/>\n<meta property=\"og:locale\" content=\"pt_PT\" \/>\n<meta property=\"og:type\" content=\"article\" \/>\n<meta property=\"og:title\" content=\"Vendas abertas a partir de 1 de mar\u00e7o | Autoshow Aathal AG\" \/>\n<meta property=\"og:description\" content=\"Finalmente! Chegou o momento \u2013 a partir de 1 de mar\u00e7o, estamos novamente dispon\u00edveis para voc\u00eas. Estamos muito contentes!\" \/>\n<meta property=\"og:url\" content=\"https:\/\/autoshow.ch\/pt-pt\/news\/vendas-abertas-a-partir-de-1-de-marco\/\" \/>\n<meta property=\"og:site_name\" content=\"Autoshow Aathal AG\" \/>\n<meta property=\"article:publisher\" content=\"https:\/\/www.facebook.com\/autoshow.ch\" \/>\n<meta property=\"article:published_time\" content=\"2021-03-01T16:07:00+00:00\" \/>\n<meta property=\"article:modified_time\" content=\"2026-04-10T08:35:31+00:00\" \/>\n<meta property=\"og:image\" content=\"https:\/\/autoshow.ch\/wp-content\/uploads\/2025\/12\/verkauf-ab-1-maerz-offen-autoshow-3.jpeg\" \/>\n\t<meta property=\"og:image:width\" content=\"960\" \/>\n\t<meta property=\"og:image:height\" content=\"960\" \/>\n\t<meta property=\"og:image:type\" content=\"image\/jpeg\" \/>\n<meta name=\"author\" content=\"Marketing Autoshow\" \/>\n<meta name=\"twitter:card\" content=\"summary_large_image\" \/>\n<!-- \/ Yoast SEO plugin. -->","yoast_head_json":{"title":"Vendas abertas a partir de 1 de mar\u00e7o | Autoshow Aathal AG","description":"Finalmente! Chegou o momento \u2013 a partir de 1 de mar\u00e7o, estamos novamente dispon\u00edveis para voc\u00eas. Estamos muito contentes!","robots":{"index":"index","follow":"follow","max-snippet":"max-snippet:-1","max-image-preview":"max-image-preview:large","max-video-preview":"max-video-preview:-1"},"canonical":"https:\/\/autoshow.ch\/pt-pt\/news\/vendas-abertas-a-partir-de-1-de-marco\/","og_locale":"pt_PT","og_type":"article","og_title":"Vendas abertas a partir de 1 de mar\u00e7o | Autoshow Aathal AG","og_description":"Finalmente! Chegou o momento \u2013 a partir de 1 de mar\u00e7o, estamos novamente dispon\u00edveis para voc\u00eas. Estamos muito contentes!","og_url":"https:\/\/autoshow.ch\/pt-pt\/news\/vendas-abertas-a-partir-de-1-de-marco\/","og_site_name":"Autoshow Aathal AG","article_publisher":"https:\/\/www.facebook.com\/autoshow.ch","article_published_time":"2021-03-01T16:07:00+00:00","article_modified_time":"2026-04-10T08:35:31+00:00","og_image":[{"width":960,"height":960,"url":"https:\/\/autoshow.ch\/wp-content\/uploads\/2025\/12\/verkauf-ab-1-maerz-offen-autoshow-3.jpeg","type":"image\/jpeg"}],"author":"Marketing Autoshow","twitter_card":"summary_large_image","schema":{"@context":"https:\/\/schema.org","@graph":[{"@type":["Article","BlogPosting"],"@id":"https:\/\/autoshow.ch\/pt-pt\/news\/vendas-abertas-a-partir-de-1-de-marco\/#article","isPartOf":{"@id":"https:\/\/autoshow.ch\/pt-pt\/news\/vendas-abertas-a-partir-de-1-de-marco\/"},"author":{"name":"Marketing Autoshow","@id":"https:\/\/autoshow.ch\/pt-pt\/#\/schema\/person\/0fc96e1a12fbe3a05e1059e7b26ca148"},"headline":"Vendas abertas a partir de 1 de mar\u00e7o","datePublished":"2021-03-01T16:07:00+00:00","dateModified":"2026-04-10T08:35:31+00:00","mainEntityOfPage":{"@id":"https:\/\/autoshow.ch\/pt-pt\/news\/vendas-abertas-a-partir-de-1-de-marco\/"},"wordCount":161,"publisher":{"@id":"https:\/\/autoshow.ch\/pt-pt\/#organization"},"image":{"@id":"https:\/\/autoshow.ch\/pt-pt\/news\/vendas-abertas-a-partir-de-1-de-marco\/#primaryimage"},"thumbnailUrl":"https:\/\/autoshow.ch\/wp-content\/uploads\/2025\/12\/verkauf-ab-1-maerz-offen-autoshow-3.jpeg","articleSection":["Not\u00edcias"],"inLanguage":"pt-PT"},{"@type":"WebPage","@id":"https:\/\/autoshow.ch\/pt-pt\/news\/vendas-abertas-a-partir-de-1-de-marco\/","url":"https:\/\/autoshow.ch\/pt-pt\/news\/vendas-abertas-a-partir-de-1-de-marco\/","name":"Vendas abertas a partir de 1 de mar\u00e7o | Autoshow Aathal AG","isPartOf":{"@id":"https:\/\/autoshow.ch\/pt-pt\/#website"},"primaryImageOfPage":{"@id":"https:\/\/autoshow.ch\/pt-pt\/news\/vendas-abertas-a-partir-de-1-de-marco\/#primaryimage"},"image":{"@id":"https:\/\/autoshow.ch\/pt-pt\/news\/vendas-abertas-a-partir-de-1-de-marco\/#primaryimage"},"thumbnailUrl":"https:\/\/autoshow.ch\/wp-content\/uploads\/2025\/12\/verkauf-ab-1-maerz-offen-autoshow-3.jpeg","datePublished":"2021-03-01T16:07:00+00:00","dateModified":"2026-04-10T08:35:31+00:00","description":"Finalmente! Chegou o momento \u2013 a partir de 1 de mar\u00e7o, estamos novamente dispon\u00edveis para voc\u00eas. Estamos muito contentes!","breadcrumb":{"@id":"https:\/\/autoshow.ch\/pt-pt\/news\/vendas-abertas-a-partir-de-1-de-marco\/#breadcrumb"},"inLanguage":"pt-PT","potentialAction":[{"@type":"ReadAction","target":["https:\/\/autoshow.ch\/pt-pt\/news\/vendas-abertas-a-partir-de-1-de-marco\/"]}]},{"@type":"ImageObject","inLanguage":"pt-PT","@id":"https:\/\/autoshow.ch\/pt-pt\/news\/vendas-abertas-a-partir-de-1-de-marco\/#primaryimage","url":"https:\/\/autoshow.ch\/wp-content\/uploads\/2025\/12\/verkauf-ab-1-maerz-offen-autoshow-3.jpeg","contentUrl":"https:\/\/autoshow.ch\/wp-content\/uploads\/2025\/12\/verkauf-ab-1-maerz-offen-autoshow-3.jpeg","width":960,"height":960,"caption":"Vendas abertas a partir de 1 de mar\u00e7o - Autoshow Aathal AG perto de Uster oferece carros usados e novos a pre\u00e7os acess\u00edveis 1"},{"@type":"BreadcrumbList","@id":"https:\/\/autoshow.ch\/pt-pt\/news\/vendas-abertas-a-partir-de-1-de-marco\/#breadcrumb","itemListElement":[{"@type":"ListItem","position":1,"name":"Startseite","item":"https:\/\/autoshow.ch\/pt-pt\/"},{"@type":"ListItem","position":2,"name":"Vendas abertas a partir de 1 de mar\u00e7o"}]},{"@type":"WebSite","@id":"https:\/\/autoshow.ch\/pt-pt\/#website","url":"https:\/\/autoshow.ch\/pt-pt\/","name":"Autoshow Aathal AG","description":"bei Uster bietet g\u00fcnstige Occasionen und Neuwagen","publisher":{"@id":"https:\/\/autoshow.ch\/pt-pt\/#organization"},"alternateName":"Autoshow","potentialAction":[{"@type":"SearchAction","target":{"@type":"EntryPoint","urlTemplate":"https:\/\/autoshow.ch\/pt-pt\/?s={search_term_string}"},"query-input":{"@type":"PropertyValueSpecification","valueRequired":true,"valueName":"search_term_string"}}],"inLanguage":"pt-PT"},{"@type":"Organization","@id":"https:\/\/autoshow.ch\/pt-pt\/#organization","name":"Autoshow Aathal AG","alternateName":"Autoshow","url":"https:\/\/autoshow.ch\/pt-pt\/","logo":{"@type":"ImageObject","inLanguage":"pt-PT","@id":"https:\/\/autoshow.ch\/pt-pt\/#\/schema\/logo\/image\/","url":"https:\/\/autoshow.ch\/wp-content\/uploads\/2025\/12\/autoshow-aathal-ag-logo@696x696.png","contentUrl":"https:\/\/autoshow.ch\/wp-content\/uploads\/2025\/12\/autoshow-aathal-ag-logo@696x696.png","width":696,"height":696,"caption":"Autoshow Aathal AG"},"image":{"@id":"https:\/\/autoshow.ch\/pt-pt\/#\/schema\/logo\/image\/"},"sameAs":["https:\/\/www.facebook.com\/autoshow.ch","https:\/\/www.instagram.com\/autoshow_aathal\/","https:\/\/www.linkedin.com\/company\/autoshow-aathal-ag","https:\/\/www.youtube.com\/user\/AutoshowAathal"]},{"@type":"Person","@id":"https:\/\/autoshow.ch\/pt-pt\/#\/schema\/person\/0fc96e1a12fbe3a05e1059e7b26ca148","name":"Marketing Autoshow","image":{"@type":"ImageObject","inLanguage":"pt-PT","@id":"https:\/\/autoshow.ch\/wp-content\/litespeed\/avatar\/46547ed71fe40fb39a471b2711fab529.jpg?ver=1776774629","url":"https:\/\/autoshow.ch\/wp-content\/litespeed\/avatar\/46547ed71fe40fb39a471b2711fab529.jpg?ver=1776774629","contentUrl":"https:\/\/autoshow.ch\/wp-content\/litespeed\/avatar\/46547ed71fe40fb39a471b2711fab529.jpg?ver=1776774629","caption":"Marketing Autoshow"},"sameAs":["https:\/\/autoshow.ch"]}]}},"_links":{"self":[{"href":"https:\/\/autoshow.ch\/pt-pt\/wp-json\/wp\/v2\/posts\/227809","targetHints":{"allow":["GET"]}}],"collection":[{"href":"https:\/\/autoshow.ch\/pt-pt\/wp-json\/wp\/v2\/posts"}],"about":[{"href":"https:\/\/autoshow.ch\/pt-pt\/wp-json\/wp\/v2\/types\/post"}],"author":[{"embeddable":true,"href":"https:\/\/autoshow.ch\/pt-pt\/wp-json\/wp\/v2\/users\/31"}],"replies":[{"embeddable":true,"href":"https:\/\/autoshow.ch\/pt-pt\/wp-json\/wp\/v2\/comments?post=227809"}],"version-history":[{"count":1,"href":"https:\/\/autoshow.ch\/pt-pt\/wp-json\/wp\/v2\/posts\/227809\/revisions"}],"predecessor-version":[{"id":227811,"href":"https:\/\/autoshow.ch\/pt-pt\/wp-json\/wp\/v2\/posts\/227809\/revisions\/227811"}],"wp:featuredmedia":[{"embeddable":true,"href":"https:\/\/autoshow.ch\/pt-pt\/wp-json\/wp\/v2\/media\/227810"}],"wp:attachment":[{"href":"https:\/\/autoshow.ch\/pt-pt\/wp-json\/wp\/v2\/media?parent=227809"}],"wp:term":[{"taxonomy":"category","embeddable":true,"href":"https:\/\/autoshow.ch\/pt-pt\/wp-json\/wp\/v2\/categories?post=227809"},{"taxonomy":"post_tag","embeddable":true,"href":"https:\/\/autoshow.ch\/pt-pt\/wp-json\/wp\/v2\/tags?post=227809"}],"curies":[{"name":"wp","href":"https:\/\/api.w.org\/{rel}","templated":true}]}}