{"id":226571,"date":"2020-03-14T11:27:39","date_gmt":"2020-03-14T10:27:39","guid":{"rendered":"https:\/\/autoshow.ch\/news\/novidades-automoveis-online\/"},"modified":"2026-04-10T10:16:43","modified_gmt":"2026-04-10T08:16:43","slug":"novidades-automoveis-online","status":"publish","type":"post","link":"https:\/\/autoshow.ch\/pt-pt\/news\/novidades-automoveis-online\/","title":{"rendered":"Novidades Autom\u00f3veis Online"},"content":{"rendered":"\n<h2 class=\"wp-block-heading\">Exposi\u00e7\u00e3o de Primavera de mar\u00e7o cancelada<\/h2>\n\n<p><strong>Dev\u00adi\u00addo \u00e0s medi\u00addas mais rig\u00adorosas impostas pelo Con\u00adsel\u00adho Fed\u00ader\u00adal para toda a Su\u00ed\u00e7a con\u00adtra a propa\u00adga\u00e7\u00e3o do coro\u00adn\u00adav\u00edrus, a grande e tradi\u00adcional Exposi\u00e7\u00e3o de Pri\u00admav\u00adera da Autoshow Aathal n\u00e3o se realizar\u00e1 em mar\u00e7o. <\/strong><\/p>\n\n<p>Em vez dis\u00adso, encon\u00adtre online na nos\u00adsa p\u00e1gi\u00adna ini\u00adcial (recomen\u00addamos que vis\u00adite o nos\u00adso grande e aber\u00adto espa\u00e7o de exposi\u00e7\u00e3o ape\u00adnas depois de o Con\u00adsel\u00adho Fed\u00ader\u00adal ter lev\u00adan\u00adta\u00addo as medi\u00addas atual\u00admente mais rig\u00adorosas) novi\u00addades atraentes, car\u00adros anu\u00adais com\u00adpro\u00adva\u00addos e ve\u00edcu\u00adlos usa\u00addos de primeira qual\u00adi\u00addade.<\/p>\n\n<div class=\"wp-block-group\"><div class=\"wp-block-group__inner-container is-layout-flow wp-block-group-is-layout-flow\">\n<div class=\"wp-block-group\"><div class=\"wp-block-group__inner-container is-layout-flow wp-block-group-is-layout-flow\">\n<figure class=\"wp-block-image\"><img decoding=\"async\" src=\"https:\/\/autoshow.ch\/wp-content\/uploads\/2025\/12\/home-autoshow-11-scaled.jpg\" alt=\"In\u00edcio - Autoshow Aathal AG 23\" class=\"wp-image-36116\"><\/figure>\n<\/div><\/div>\n<\/div><\/div>\n\n<p>Como se con\u00adduz um car\u00adro hoje em dia? El\u00e9tri\u00adco ou h\u00edbri\u00addo, ou pref\u00adere o cl\u00e1s\u00adsi\u00adco a gasoli\u00adna ou diesel? Tra\u00e7\u00e3o dianteira, tra\u00adseira ou inte\u00adgral? Citadi\u00adno, mono\u00advol\u00adume famil\u00adiar, SUV desporti\u00advo ou uma grande pick-up? Deci\u00adda! Connosco, encon\u00adtrar\u00e1 o seu car\u00adro de son\u00adho entre mais de 400 ve\u00edcu\u00adlos.     <\/p>\n\n<p>Aproveite tam\u00adb\u00e9m online, diari\u00ada\u00admente, os nos\u00adsos pre\u00e7os imbat\u00ad\u00edveis, ofer\u00adtas de leas\u00ading e finan\u00adcia\u00admen\u00adto atraentes, bem como servi\u00e7os e garan\u00adtias abrangentes! Para qual\u00adquer infor\u00adma\u00e7\u00e3o e acon\u00adsel\u00adhamen\u00adto de ven\u00addas, esta\u00admos \u00e0 sua dis\u00adposi\u00e7\u00e3o por tele\u00adfone ou online durante o nos\u00adso hor\u00e1rio de fun\u00adciona\u00admen\u00adto alter\u00adado. <br><\/p>\n\n<div class=\"wp-block-group\"><div class=\"wp-block-group__inner-container is-layout-flow wp-block-group-is-layout-flow\">\n<div class=\"wp-block-group\"><div class=\"wp-block-group__inner-container is-layout-flow wp-block-group-is-layout-flow\">\n<figure class=\"wp-block-image\"><img decoding=\"async\" src=\"https:\/\/autoshow.ch\/wp-content\/uploads\/2025\/12\/auto-marken-autoshow-3-scaled.jpg\" alt=\"Marcas de Carros - Autoshow Aathal AG 2\" class=\"wp-image-36363\"><\/figure>\n<\/div><\/div>\n<\/div><\/div>\n\n<h2 class=\"wp-block-heading\"><strong>Por favor, tenha em aten\u00e7\u00e3o o seguinte:<\/strong><\/h2>\n\n<h3 class=\"wp-block-heading\"><strong>Preven\u00e7\u00e3o do Coronav\u00edrus<\/strong> <strong>- as seguintes pessoas em risco devem evitar locais com muitas pessoas:<\/strong><\/h3>\n\n<ul class=\"wp-block-list\"><li>Pes\u00adsoas doentes e idosos com mais de 65 anos<\/li><li>Pes\u00adsoas que apre\u00adsen\u00adtem sin\u00adtomas de coro\u00adn\u00adav\u00edrus. Os sin\u00adtomas mais comuns de infe\u00e7\u00e3o por coro\u00adn\u00adav\u00edrus s\u00e3o febre, tosse e difi\u00adcul\u00addade em res\u00adpi\u00adrar. Estes sin\u00adtomas podem vari\u00adar em gravi\u00addade. Tam\u00adb\u00e9m s\u00e3o pos\u00ads\u00edveis com\u00adpli\u00adca\u00e7\u00f5es, como pneu\u00admo\u00adnia. Algu\u00admas pes\u00adsoas infe\u00adtadas tam\u00adb\u00e9m t\u00eam prob\u00adle\u00admas diges\u00adtivos ou ocu\u00adlares (con\u00adjun\u00adtivite)    <\/li><li>Pes\u00adsoas que via\u00adjaram para uma \u00e1rea afe\u00adta\u00adda (de acor\u00addo com o <a aria-label=\"BAG (opens in a new tab)\" href=\"https:\/\/www.bag.admin.ch\/bag\/de\/home\/krankheiten\/ausbrueche-epidemien-pandemien\/aktuelle-ausbrueche-epidemien\/novel-cov.html#-93412391\" target=\"_blank\" rel=\"noreferrer noopener\">BAG<\/a>) nos \u00falti\u00admos 14 dias.<\/li><\/ul>\n\n<div style=\"height:20px\" aria-hidden=\"true\" class=\"wp-block-spacer\"><\/div>\n\n<div class=\"wp-block-button\"><a class=\"wp-block-button__link has-background no-border-radius\" href=\"https:\/\/autoshow.ch\/app\/uploads\/2020\/03\/plakat_neues_coronavirus_so_schuetzen_wir_uns.pdf\" style=\"background-color:#2a499e\" target=\"_blank\" rel=\"noreferrer noopener\">\u00c9 assim que nos pro\u00adtege\u00admos<\/a><\/div>\n","protected":false},"excerpt":{"rendered":"<p>Novi\u00addades Autom\u00f3veis Online. Exposi\u00e7\u00e3o de Pri\u00admav\u00adera de mar\u00e7o can\u00adce\u00adla\u00adda.\u2026<\/p>\n","protected":false},"author":31,"featured_media":226572,"comment_status":"closed","ping_status":"closed","sticky":false,"template":"","format":"standard","meta":{"_acf_changed":false,"inline_featured_image":false,"wp_typography_post_enhancements_disabled":false,"footnotes":""},"categories":[674],"tags":[],"class_list":["post-226571","post","type-post","status-publish","format-standard","has-post-thumbnail","hentry","category-evento"],"acf":[],"yoast_head":"<!-- This site is optimized with the Yoast SEO plugin v27.4 - https:\/\/yoast.com\/product\/yoast-seo-wordpress\/ -->\n<title>Novidades Autom\u00f3veis Online | Autoshow Aathal AG<\/title>\n<meta name=\"description\" content=\"Novidades Autom\u00f3veis Online. Exposi\u00e7\u00e3o de Primavera de mar\u00e7o cancelada.\" \/>\n<meta name=\"robots\" content=\"index, follow, max-snippet:-1, max-image-preview:large, max-video-preview:-1\" \/>\n<link rel=\"canonical\" href=\"https:\/\/autoshow.ch\/pt-pt\/news\/novidades-automoveis-online\/\" \/>\n<meta property=\"og:locale\" content=\"pt_PT\" \/>\n<meta property=\"og:type\" content=\"article\" \/>\n<meta property=\"og:title\" content=\"Novidades Autom\u00f3veis Online | Autoshow Aathal AG\" \/>\n<meta property=\"og:description\" content=\"Novidades Autom\u00f3veis Online. Exposi\u00e7\u00e3o de Primavera de mar\u00e7o cancelada.\" \/>\n<meta property=\"og:url\" content=\"https:\/\/autoshow.ch\/pt-pt\/news\/novidades-automoveis-online\/\" \/>\n<meta property=\"og:site_name\" content=\"Autoshow Aathal AG\" \/>\n<meta property=\"article:publisher\" content=\"https:\/\/www.facebook.com\/autoshow.ch\" \/>\n<meta property=\"article:published_time\" content=\"2020-03-14T10:27:39+00:00\" \/>\n<meta property=\"article:modified_time\" content=\"2026-04-10T08:16:43+00:00\" \/>\n<meta property=\"og:image\" content=\"https:\/\/autoshow.ch\/wp-content\/uploads\/2025\/12\/Ausstellung-Sonntag-scaled-1.jpg\" \/>\n\t<meta property=\"og:image:width\" content=\"1536\" \/>\n\t<meta property=\"og:image:height\" content=\"1152\" \/>\n\t<meta property=\"og:image:type\" content=\"image\/jpeg\" \/>\n<meta name=\"author\" content=\"Marketing Autoshow\" \/>\n<meta name=\"twitter:card\" content=\"summary_large_image\" \/>\n<!-- \/ Yoast SEO plugin. -->","yoast_head_json":{"title":"Novidades Autom\u00f3veis Online | Autoshow Aathal AG","description":"Novidades Autom\u00f3veis Online. Exposi\u00e7\u00e3o de Primavera de mar\u00e7o cancelada.","robots":{"index":"index","follow":"follow","max-snippet":"max-snippet:-1","max-image-preview":"max-image-preview:large","max-video-preview":"max-video-preview:-1"},"canonical":"https:\/\/autoshow.ch\/pt-pt\/news\/novidades-automoveis-online\/","og_locale":"pt_PT","og_type":"article","og_title":"Novidades Autom\u00f3veis Online | Autoshow Aathal AG","og_description":"Novidades Autom\u00f3veis Online. Exposi\u00e7\u00e3o de Primavera de mar\u00e7o cancelada.","og_url":"https:\/\/autoshow.ch\/pt-pt\/news\/novidades-automoveis-online\/","og_site_name":"Autoshow Aathal AG","article_publisher":"https:\/\/www.facebook.com\/autoshow.ch","article_published_time":"2020-03-14T10:27:39+00:00","article_modified_time":"2026-04-10T08:16:43+00:00","og_image":[{"width":1536,"height":1152,"url":"https:\/\/autoshow.ch\/wp-content\/uploads\/2025\/12\/Ausstellung-Sonntag-scaled-1.jpg","type":"image\/jpeg"}],"author":"Marketing Autoshow","twitter_card":"summary_large_image","schema":{"@context":"https:\/\/schema.org","@graph":[{"@type":["Article","BlogPosting"],"@id":"https:\/\/autoshow.ch\/pt-pt\/news\/novidades-automoveis-online\/#article","isPartOf":{"@id":"https:\/\/autoshow.ch\/pt-pt\/news\/novidades-automoveis-online\/"},"author":{"name":"Marketing Autoshow","@id":"https:\/\/autoshow.ch\/pt-pt\/#\/schema\/person\/0fc96e1a12fbe3a05e1059e7b26ca148"},"headline":"Novidades Autom\u00f3veis Online","datePublished":"2020-03-14T10:27:39+00:00","dateModified":"2026-04-10T08:16:43+00:00","mainEntityOfPage":{"@id":"https:\/\/autoshow.ch\/pt-pt\/news\/novidades-automoveis-online\/"},"wordCount":302,"publisher":{"@id":"https:\/\/autoshow.ch\/pt-pt\/#organization"},"image":{"@id":"https:\/\/autoshow.ch\/pt-pt\/news\/novidades-automoveis-online\/#primaryimage"},"thumbnailUrl":"https:\/\/autoshow.ch\/wp-content\/uploads\/2025\/12\/Ausstellung-Sonntag-scaled-1.jpg","articleSection":["EVENTO"],"inLanguage":"pt-PT"},{"@type":"WebPage","@id":"https:\/\/autoshow.ch\/pt-pt\/news\/novidades-automoveis-online\/","url":"https:\/\/autoshow.ch\/pt-pt\/news\/novidades-automoveis-online\/","name":"Novidades Autom\u00f3veis Online | Autoshow Aathal AG","isPartOf":{"@id":"https:\/\/autoshow.ch\/pt-pt\/#website"},"primaryImageOfPage":{"@id":"https:\/\/autoshow.ch\/pt-pt\/news\/novidades-automoveis-online\/#primaryimage"},"image":{"@id":"https:\/\/autoshow.ch\/pt-pt\/news\/novidades-automoveis-online\/#primaryimage"},"thumbnailUrl":"https:\/\/autoshow.ch\/wp-content\/uploads\/2025\/12\/Ausstellung-Sonntag-scaled-1.jpg","datePublished":"2020-03-14T10:27:39+00:00","dateModified":"2026-04-10T08:16:43+00:00","description":"Novidades Autom\u00f3veis Online. Exposi\u00e7\u00e3o de Primavera de mar\u00e7o cancelada.","breadcrumb":{"@id":"https:\/\/autoshow.ch\/pt-pt\/news\/novidades-automoveis-online\/#breadcrumb"},"inLanguage":"pt-PT","potentialAction":[{"@type":"ReadAction","target":["https:\/\/autoshow.ch\/pt-pt\/news\/novidades-automoveis-online\/"]}]},{"@type":"ImageObject","inLanguage":"pt-PT","@id":"https:\/\/autoshow.ch\/pt-pt\/news\/novidades-automoveis-online\/#primaryimage","url":"https:\/\/autoshow.ch\/wp-content\/uploads\/2025\/12\/Ausstellung-Sonntag-scaled-1.jpg","contentUrl":"https:\/\/autoshow.ch\/wp-content\/uploads\/2025\/12\/Ausstellung-Sonntag-scaled-1.jpg","width":1536,"height":1152,"caption":"Novidades Autom\u00f3veis Online - Autoshow Aathal AG perto de Uster oferece ve\u00edculos usados e novos a pre\u00e7os acess\u00edveis 2"},{"@type":"BreadcrumbList","@id":"https:\/\/autoshow.ch\/pt-pt\/news\/novidades-automoveis-online\/#breadcrumb","itemListElement":[{"@type":"ListItem","position":1,"name":"Startseite","item":"https:\/\/autoshow.ch\/pt-pt\/"},{"@type":"ListItem","position":2,"name":"Novidades Autom\u00f3veis Online"}]},{"@type":"WebSite","@id":"https:\/\/autoshow.ch\/pt-pt\/#website","url":"https:\/\/autoshow.ch\/pt-pt\/","name":"Autoshow Aathal AG","description":"bei Uster bietet g\u00fcnstige Occasionen und Neuwagen","publisher":{"@id":"https:\/\/autoshow.ch\/pt-pt\/#organization"},"alternateName":"Autoshow","potentialAction":[{"@type":"SearchAction","target":{"@type":"EntryPoint","urlTemplate":"https:\/\/autoshow.ch\/pt-pt\/?s={search_term_string}"},"query-input":{"@type":"PropertyValueSpecification","valueRequired":true,"valueName":"search_term_string"}}],"inLanguage":"pt-PT"},{"@type":"Organization","@id":"https:\/\/autoshow.ch\/pt-pt\/#organization","name":"Autoshow Aathal AG","alternateName":"Autoshow","url":"https:\/\/autoshow.ch\/pt-pt\/","logo":{"@type":"ImageObject","inLanguage":"pt-PT","@id":"https:\/\/autoshow.ch\/pt-pt\/#\/schema\/logo\/image\/","url":"https:\/\/autoshow.ch\/wp-content\/uploads\/2025\/12\/autoshow-aathal-ag-logo@696x696.png","contentUrl":"https:\/\/autoshow.ch\/wp-content\/uploads\/2025\/12\/autoshow-aathal-ag-logo@696x696.png","width":696,"height":696,"caption":"Autoshow Aathal AG"},"image":{"@id":"https:\/\/autoshow.ch\/pt-pt\/#\/schema\/logo\/image\/"},"sameAs":["https:\/\/www.facebook.com\/autoshow.ch","https:\/\/www.instagram.com\/autoshow_aathal\/","https:\/\/www.linkedin.com\/company\/autoshow-aathal-ag","https:\/\/www.youtube.com\/user\/AutoshowAathal"]},{"@type":"Person","@id":"https:\/\/autoshow.ch\/pt-pt\/#\/schema\/person\/0fc96e1a12fbe3a05e1059e7b26ca148","name":"Marketing Autoshow","image":{"@type":"ImageObject","inLanguage":"pt-PT","@id":"https:\/\/autoshow.ch\/wp-content\/litespeed\/avatar\/46547ed71fe40fb39a471b2711fab529.jpg?ver=1776774629","url":"https:\/\/autoshow.ch\/wp-content\/litespeed\/avatar\/46547ed71fe40fb39a471b2711fab529.jpg?ver=1776774629","contentUrl":"https:\/\/autoshow.ch\/wp-content\/litespeed\/avatar\/46547ed71fe40fb39a471b2711fab529.jpg?ver=1776774629","caption":"Marketing Autoshow"},"sameAs":["https:\/\/autoshow.ch"]}]}},"_links":{"self":[{"href":"https:\/\/autoshow.ch\/pt-pt\/wp-json\/wp\/v2\/posts\/226571","targetHints":{"allow":["GET"]}}],"collection":[{"href":"https:\/\/autoshow.ch\/pt-pt\/wp-json\/wp\/v2\/posts"}],"about":[{"href":"https:\/\/autoshow.ch\/pt-pt\/wp-json\/wp\/v2\/types\/post"}],"author":[{"embeddable":true,"href":"https:\/\/autoshow.ch\/pt-pt\/wp-json\/wp\/v2\/users\/31"}],"replies":[{"embeddable":true,"href":"https:\/\/autoshow.ch\/pt-pt\/wp-json\/wp\/v2\/comments?post=226571"}],"version-history":[{"count":1,"href":"https:\/\/autoshow.ch\/pt-pt\/wp-json\/wp\/v2\/posts\/226571\/revisions"}],"predecessor-version":[{"id":226573,"href":"https:\/\/autoshow.ch\/pt-pt\/wp-json\/wp\/v2\/posts\/226571\/revisions\/226573"}],"wp:featuredmedia":[{"embeddable":true,"href":"https:\/\/autoshow.ch\/pt-pt\/wp-json\/wp\/v2\/media\/226572"}],"wp:attachment":[{"href":"https:\/\/autoshow.ch\/pt-pt\/wp-json\/wp\/v2\/media?parent=226571"}],"wp:term":[{"taxonomy":"category","embeddable":true,"href":"https:\/\/autoshow.ch\/pt-pt\/wp-json\/wp\/v2\/categories?post=226571"},{"taxonomy":"post_tag","embeddable":true,"href":"https:\/\/autoshow.ch\/pt-pt\/wp-json\/wp\/v2\/tags?post=226571"}],"curies":[{"name":"wp","href":"https:\/\/api.w.org\/{rel}","templated":true}]}}