{"id":226472,"date":"2025-09-13T09:53:23","date_gmt":"2025-09-13T07:53:23","guid":{"rendered":"https:\/\/autoshow.ch\/news\/mercedes-classe-t-7-lugares-disponivel-de-imediato-em-stock\/"},"modified":"2026-04-10T10:14:40","modified_gmt":"2026-04-10T08:14:40","slug":"mercedes-classe-t-7-lugares-disponivel-de-imediato-em-stock","status":"publish","type":"post","link":"https:\/\/autoshow.ch\/pt-pt\/news\/mercedes-classe-t-7-lugares-disponivel-de-imediato-em-stock\/","title":{"rendered":"Mercedes Classe T \u2014 7 lugares \u2014 dispon\u00edvel de imediato em stock"},"content":{"rendered":"\n<h2 class=\"wp-block-heading\">Viatura nova Classe T a partir de CHF 32\u2019900<\/h2>\n\n<p>A car\u00adrin\u00adha de tejadil\u00adho alto flex\u00edv\u00adel com estrela.<\/p>\n\n<p><a href=\"https:\/\/autoshow.ch\/autos\/?Make=MERCEDES-BENZ&amp;Model=T-CLASS&amp;Price-from=0&amp;Price-to=0\">Aqui chegas aos nos\u00adsos Classe T.<\/a><\/p>\n\n<p>Autom\u00e1ti\u00adca, 7 lugares com assen\u00adtos indi\u00advid\u00adu\u00adais, 2 por\u00adtas de cor\u00adrer, ele\u00adva\u00addo con\u00adfor\u00adto dos assen\u00adtos com muito espa\u00e7o para a cabe\u00e7a e per\u00adnas atr\u00e1s, ban\u00adcos em pele, Navi+, Full LED, ar condi\u00adciona\u00addo, c\u00e2mara tra\u00adseira, cruise con\u00adtrol, assis\u00adtente de faixa de rodagem e \u00e2ngu\u00adlo mor\u00adto, sen\u00adsores de esta\u00adciona\u00admen\u00adto tra\u00adseiros e dianteiros, Android Auto &amp; Apple Car Play, DAB+, 1,3 litros de cilin\u00addra\u00adda, 131 CV, gasoli\u00adna, tra\u00e7\u00e3o dianteira, entre out\u00adros.<\/p>\n\n<figure class=\"wp-block-gallery has-nested-images columns-default is-cropped wp-block-gallery-1 is-layout-flex wp-block-gallery-is-layout-flex\">\n<figure class=\"wp-block-image size-full\"><img decoding=\"async\" data-id=\"185613\" src=\"https:\/\/autoshow.ch\/wp-content\/uploads\/2025\/12\/mercedes-t-klasse-7-sitze-sofort-ab-lager-lieferbar-autoshow.jpg\" alt=\"Mercedes Classe T - 7 lugares - dispon\u00edvel de imediato em stock - Autoshow Aathal AG\" class=\"wp-image-185613\"><figcaption class=\"wp-element-caption\">Cap\u00adtura de ecr\u00e3<\/figcaption><\/figure>\n<\/figure>\n\n<figure class=\"wp-block-gallery has-nested-images columns-default is-cropped wp-block-gallery-2 is-layout-flex wp-block-gallery-is-layout-flex\">\n<figure class=\"wp-block-image size-large\"><img decoding=\"async\" data-id=\"185614\" src=\"https:\/\/autoshow.ch\/wp-content\/uploads\/2025\/12\/Bringing-the-shine-back.-1284-x-779-px.jpg\" alt=\"  class=\" wp-image-185614><\/figure>\n<\/figure>\n","protected":false},"excerpt":{"rendered":"<p>Mer\u00adcedes Classe T \/ 7 lugares \/ Viatu\u00adra nova \/ a par\u00adtir de CHF\u2026<\/p>\n","protected":false},"author":31,"featured_media":226473,"comment_status":"closed","ping_status":"closed","sticky":false,"template":"","format":"standard","meta":{"_acf_changed":false,"inline_featured_image":false,"wp_typography_post_enhancements_disabled":false,"footnotes":""},"categories":[666],"tags":[],"class_list":["post-226472","post","type-post","status-publish","format-standard","has-post-thumbnail","hentry","category-promocao"],"acf":[],"yoast_head":"<!-- This site is optimized with the Yoast SEO plugin v27.4 - https:\/\/yoast.com\/product\/yoast-seo-wordpress\/ -->\n<title>Mercedes Classe T - 7 lugares - dispon\u00edvel de imediato em stock | Autoshow Aathal AG<\/title>\n<meta name=\"description\" content=\"Mercedes Classe T \/ 7 lugares \/ Viatura nova \/ a partir de CHF 32&#039;900\" \/>\n<meta name=\"robots\" content=\"index, follow, max-snippet:-1, max-image-preview:large, max-video-preview:-1\" \/>\n<link rel=\"canonical\" href=\"https:\/\/autoshow.ch\/pt-pt\/news\/mercedes-classe-t-7-lugares-disponivel-de-imediato-em-stock\/\" \/>\n<meta property=\"og:locale\" content=\"pt_PT\" \/>\n<meta property=\"og:type\" content=\"article\" \/>\n<meta property=\"og:title\" content=\"Mercedes Classe T - 7 lugares - dispon\u00edvel de imediato em stock | Autoshow Aathal AG\" \/>\n<meta property=\"og:description\" content=\"Mercedes Classe T \/ 7 lugares \/ Viatura nova \/ a partir de CHF 32&#039;900\" \/>\n<meta property=\"og:url\" content=\"https:\/\/autoshow.ch\/pt-pt\/news\/mercedes-classe-t-7-lugares-disponivel-de-imediato-em-stock\/\" \/>\n<meta property=\"og:site_name\" content=\"Autoshow Aathal AG\" \/>\n<meta property=\"article:publisher\" content=\"https:\/\/www.facebook.com\/autoshow.ch\" \/>\n<meta property=\"article:published_time\" content=\"2025-09-13T07:53:23+00:00\" \/>\n<meta property=\"article:modified_time\" content=\"2026-04-10T08:14:40+00:00\" \/>\n<meta property=\"og:image\" content=\"https:\/\/autoshow.ch\/wp-content\/uploads\/2025\/12\/mercedes-t-klasse-7-sitze-sofort-ab-lager-lieferbar-autoshow-3.jpg\" \/>\n\t<meta property=\"og:image:width\" content=\"620\" \/>\n\t<meta property=\"og:image:height\" content=\"459\" \/>\n\t<meta property=\"og:image:type\" content=\"image\/jpeg\" \/>\n<meta name=\"author\" content=\"Marketing Autoshow\" \/>\n<meta name=\"twitter:card\" content=\"summary_large_image\" \/>\n<!-- \/ Yoast SEO plugin. -->","yoast_head_json":{"title":"Mercedes Classe T - 7 lugares - dispon\u00edvel de imediato em stock | Autoshow Aathal AG","description":"Mercedes Classe T \/ 7 lugares \/ Viatura nova \/ a partir de CHF 32'900","robots":{"index":"index","follow":"follow","max-snippet":"max-snippet:-1","max-image-preview":"max-image-preview:large","max-video-preview":"max-video-preview:-1"},"canonical":"https:\/\/autoshow.ch\/pt-pt\/news\/mercedes-classe-t-7-lugares-disponivel-de-imediato-em-stock\/","og_locale":"pt_PT","og_type":"article","og_title":"Mercedes Classe T - 7 lugares - dispon\u00edvel de imediato em stock | Autoshow Aathal AG","og_description":"Mercedes Classe T \/ 7 lugares \/ Viatura nova \/ a partir de CHF 32'900","og_url":"https:\/\/autoshow.ch\/pt-pt\/news\/mercedes-classe-t-7-lugares-disponivel-de-imediato-em-stock\/","og_site_name":"Autoshow Aathal AG","article_publisher":"https:\/\/www.facebook.com\/autoshow.ch","article_published_time":"2025-09-13T07:53:23+00:00","article_modified_time":"2026-04-10T08:14:40+00:00","og_image":[{"width":620,"height":459,"url":"https:\/\/autoshow.ch\/wp-content\/uploads\/2025\/12\/mercedes-t-klasse-7-sitze-sofort-ab-lager-lieferbar-autoshow-3.jpg","type":"image\/jpeg"}],"author":"Marketing Autoshow","twitter_card":"summary_large_image","schema":{"@context":"https:\/\/schema.org","@graph":[{"@type":["Article","BlogPosting"],"@id":"https:\/\/autoshow.ch\/pt-pt\/news\/mercedes-classe-t-7-lugares-disponivel-de-imediato-em-stock\/#article","isPartOf":{"@id":"https:\/\/autoshow.ch\/pt-pt\/news\/mercedes-classe-t-7-lugares-disponivel-de-imediato-em-stock\/"},"author":{"name":"Marketing Autoshow","@id":"https:\/\/autoshow.ch\/pt-pt\/#\/schema\/person\/0fc96e1a12fbe3a05e1059e7b26ca148"},"headline":"Mercedes Classe T \u2014 7 lugares \u2014 dispon\u00edvel de imediato em stock","datePublished":"2025-09-13T07:53:23+00:00","dateModified":"2026-04-10T08:14:40+00:00","mainEntityOfPage":{"@id":"https:\/\/autoshow.ch\/pt-pt\/news\/mercedes-classe-t-7-lugares-disponivel-de-imediato-em-stock\/"},"wordCount":107,"publisher":{"@id":"https:\/\/autoshow.ch\/pt-pt\/#organization"},"image":{"@id":"https:\/\/autoshow.ch\/pt-pt\/news\/mercedes-classe-t-7-lugares-disponivel-de-imediato-em-stock\/#primaryimage"},"thumbnailUrl":"https:\/\/autoshow.ch\/wp-content\/uploads\/2025\/12\/mercedes-t-klasse-7-sitze-sofort-ab-lager-lieferbar-autoshow-3.jpg","articleSection":["PROMO\u00c7\u00c3O"],"inLanguage":"pt-PT"},{"@type":"WebPage","@id":"https:\/\/autoshow.ch\/pt-pt\/news\/mercedes-classe-t-7-lugares-disponivel-de-imediato-em-stock\/","url":"https:\/\/autoshow.ch\/pt-pt\/news\/mercedes-classe-t-7-lugares-disponivel-de-imediato-em-stock\/","name":"Mercedes Classe T - 7 lugares - dispon\u00edvel de imediato em stock | Autoshow Aathal AG","isPartOf":{"@id":"https:\/\/autoshow.ch\/pt-pt\/#website"},"primaryImageOfPage":{"@id":"https:\/\/autoshow.ch\/pt-pt\/news\/mercedes-classe-t-7-lugares-disponivel-de-imediato-em-stock\/#primaryimage"},"image":{"@id":"https:\/\/autoshow.ch\/pt-pt\/news\/mercedes-classe-t-7-lugares-disponivel-de-imediato-em-stock\/#primaryimage"},"thumbnailUrl":"https:\/\/autoshow.ch\/wp-content\/uploads\/2025\/12\/mercedes-t-klasse-7-sitze-sofort-ab-lager-lieferbar-autoshow-3.jpg","datePublished":"2025-09-13T07:53:23+00:00","dateModified":"2026-04-10T08:14:40+00:00","description":"Mercedes Classe T \/ 7 lugares \/ Viatura nova \/ a partir de CHF 32'900","breadcrumb":{"@id":"https:\/\/autoshow.ch\/pt-pt\/news\/mercedes-classe-t-7-lugares-disponivel-de-imediato-em-stock\/#breadcrumb"},"inLanguage":"pt-PT","potentialAction":[{"@type":"ReadAction","target":["https:\/\/autoshow.ch\/pt-pt\/news\/mercedes-classe-t-7-lugares-disponivel-de-imediato-em-stock\/"]}]},{"@type":"ImageObject","inLanguage":"pt-PT","@id":"https:\/\/autoshow.ch\/pt-pt\/news\/mercedes-classe-t-7-lugares-disponivel-de-imediato-em-stock\/#primaryimage","url":"https:\/\/autoshow.ch\/wp-content\/uploads\/2025\/12\/mercedes-t-klasse-7-sitze-sofort-ab-lager-lieferbar-autoshow-3.jpg","contentUrl":"https:\/\/autoshow.ch\/wp-content\/uploads\/2025\/12\/mercedes-t-klasse-7-sitze-sofort-ab-lager-lieferbar-autoshow-3.jpg","width":620,"height":459,"caption":"Mercedes Classe T - 7 lugares - dispon\u00edvel de imediato em stock - Autoshow Aathal AG perto de Uster oferece viaturas usadas e novas a pre\u00e7os acess\u00edveis 2"},{"@type":"BreadcrumbList","@id":"https:\/\/autoshow.ch\/pt-pt\/news\/mercedes-classe-t-7-lugares-disponivel-de-imediato-em-stock\/#breadcrumb","itemListElement":[{"@type":"ListItem","position":1,"name":"Startseite","item":"https:\/\/autoshow.ch\/pt-pt\/"},{"@type":"ListItem","position":2,"name":"Mercedes Classe T \u2014 7 lugares \u2014 dispon\u00edvel de imediato em stock"}]},{"@type":"WebSite","@id":"https:\/\/autoshow.ch\/pt-pt\/#website","url":"https:\/\/autoshow.ch\/pt-pt\/","name":"Autoshow Aathal AG","description":"bei Uster bietet g\u00fcnstige Occasionen und Neuwagen","publisher":{"@id":"https:\/\/autoshow.ch\/pt-pt\/#organization"},"alternateName":"Autoshow","potentialAction":[{"@type":"SearchAction","target":{"@type":"EntryPoint","urlTemplate":"https:\/\/autoshow.ch\/pt-pt\/?s={search_term_string}"},"query-input":{"@type":"PropertyValueSpecification","valueRequired":true,"valueName":"search_term_string"}}],"inLanguage":"pt-PT"},{"@type":"Organization","@id":"https:\/\/autoshow.ch\/pt-pt\/#organization","name":"Autoshow Aathal AG","alternateName":"Autoshow","url":"https:\/\/autoshow.ch\/pt-pt\/","logo":{"@type":"ImageObject","inLanguage":"pt-PT","@id":"https:\/\/autoshow.ch\/pt-pt\/#\/schema\/logo\/image\/","url":"https:\/\/autoshow.ch\/wp-content\/uploads\/2025\/12\/autoshow-aathal-ag-logo@696x696.png","contentUrl":"https:\/\/autoshow.ch\/wp-content\/uploads\/2025\/12\/autoshow-aathal-ag-logo@696x696.png","width":696,"height":696,"caption":"Autoshow Aathal AG"},"image":{"@id":"https:\/\/autoshow.ch\/pt-pt\/#\/schema\/logo\/image\/"},"sameAs":["https:\/\/www.facebook.com\/autoshow.ch","https:\/\/www.instagram.com\/autoshow_aathal\/","https:\/\/www.linkedin.com\/company\/autoshow-aathal-ag","https:\/\/www.youtube.com\/user\/AutoshowAathal"]},{"@type":"Person","@id":"https:\/\/autoshow.ch\/pt-pt\/#\/schema\/person\/0fc96e1a12fbe3a05e1059e7b26ca148","name":"Marketing Autoshow","image":{"@type":"ImageObject","inLanguage":"pt-PT","@id":"https:\/\/autoshow.ch\/wp-content\/litespeed\/avatar\/46547ed71fe40fb39a471b2711fab529.jpg?ver=1776774629","url":"https:\/\/autoshow.ch\/wp-content\/litespeed\/avatar\/46547ed71fe40fb39a471b2711fab529.jpg?ver=1776774629","contentUrl":"https:\/\/autoshow.ch\/wp-content\/litespeed\/avatar\/46547ed71fe40fb39a471b2711fab529.jpg?ver=1776774629","caption":"Marketing Autoshow"},"sameAs":["https:\/\/autoshow.ch"]}]}},"_links":{"self":[{"href":"https:\/\/autoshow.ch\/pt-pt\/wp-json\/wp\/v2\/posts\/226472","targetHints":{"allow":["GET"]}}],"collection":[{"href":"https:\/\/autoshow.ch\/pt-pt\/wp-json\/wp\/v2\/posts"}],"about":[{"href":"https:\/\/autoshow.ch\/pt-pt\/wp-json\/wp\/v2\/types\/post"}],"author":[{"embeddable":true,"href":"https:\/\/autoshow.ch\/pt-pt\/wp-json\/wp\/v2\/users\/31"}],"replies":[{"embeddable":true,"href":"https:\/\/autoshow.ch\/pt-pt\/wp-json\/wp\/v2\/comments?post=226472"}],"version-history":[{"count":1,"href":"https:\/\/autoshow.ch\/pt-pt\/wp-json\/wp\/v2\/posts\/226472\/revisions"}],"predecessor-version":[{"id":226474,"href":"https:\/\/autoshow.ch\/pt-pt\/wp-json\/wp\/v2\/posts\/226472\/revisions\/226474"}],"wp:featuredmedia":[{"embeddable":true,"href":"https:\/\/autoshow.ch\/pt-pt\/wp-json\/wp\/v2\/media\/226473"}],"wp:attachment":[{"href":"https:\/\/autoshow.ch\/pt-pt\/wp-json\/wp\/v2\/media?parent=226472"}],"wp:term":[{"taxonomy":"category","embeddable":true,"href":"https:\/\/autoshow.ch\/pt-pt\/wp-json\/wp\/v2\/categories?post=226472"},{"taxonomy":"post_tag","embeddable":true,"href":"https:\/\/autoshow.ch\/pt-pt\/wp-json\/wp\/v2\/tags?post=226472"}],"curies":[{"name":"wp","href":"https:\/\/api.w.org\/{rel}","templated":true}]}}