{"id":226385,"date":"2022-02-28T11:05:00","date_gmt":"2022-02-28T10:05:00","guid":{"rendered":"https:\/\/autoshow.ch\/news\/vw-golf-r-line-em-stock\/"},"modified":"2026-04-10T10:13:39","modified_gmt":"2026-04-10T08:13:39","slug":"vw-golf-r-line-em-stock","status":"publish","type":"post","link":"https:\/\/autoshow.ch\/pt-pt\/news\/vw-golf-r-line-em-stock\/","title":{"rendered":"VW Golf R\u2011Line em stock"},"content":{"rendered":"\n<h2 class=\"wp-block-heading\">Carro novo Golf 1.5 eTSI R\u2011Line<br>por apenas CHF 38\u2019700<\/h2>\n\n<p><strong>Garan\u00adti\u00admos 8 car\u00adros novos Golf 1.5 eTSI R\u2011Line para o nos\u00adso stock. Equipa\u00admen\u00adto de topo a pre\u00e7o de topo, tu ben\u00ade\u00adfi\u00adcias.<\/strong> <strong>Os ve\u00edcu\u00adlos sem matr\u00edcu\u00adla est\u00e3o dispon\u00edveis ime\u00addi\u00adata\u00admente em stock.<\/strong> <strong>Por ape\u00adnas CHF 36\u2019700.<\/strong><\/p>\n\n<p>Como as nos\u00adsas \u00falti\u00admas encomen\u00addas de VW Golf 8 esgo\u00adtaram num instante, con\u00adseguimos garan\u00adtir nova\u00admente <a href=\"https:\/\/autoshow.ch\/autos\/?orderby=make-asc&amp;Make=VW&amp;Model=GOLF&amp;BodyColor=&amp;Price-from=&amp;Price-to=&amp;FirstRegYear-from=&amp;FirstRegYear-to=&amp;Km-from=&amp;Km-to=1000&amp;TransmissionType=&amp;FuelType=&amp;BodyType=&amp;CarNumber=&amp;ConditionType=&amp;Doors-from=&amp;Doors-to=&amp;Seats-from=&amp;Seats-to=&amp;ConsumptionTotal=&amp;ConsumptionRating=&amp;Hp=&amp;Cylinders=&amp;DriveType=&amp;extended-search=0\">um pacote de oito Golf 1.5 eTSI R\u2011Line<\/a>. Os ve\u00edcu\u00adlos ain\u00adda n\u00e3o t\u00eam matr\u00edcu\u00adla, zero quil\u00f3met\u00adros no con\u00adta-quil\u00f3met\u00adros e equipa\u00admen\u00adto de topo. Todos os ve\u00edcu\u00adlos est\u00e3o dispon\u00edveis ime\u00addi\u00adata\u00admente em stock.  <\/p>\n\n<p><strong>Por CHF 36\u2019700 ou men\u00adsalmente a par\u00adtir de CHF 418<\/strong> incluin\u00addo: caixa DSG, equipa\u00admen\u00adto R\u2011Line, nave\u00adg\u00ada\u00e7\u00e3o, LED, jantes em liga leve, cruise con\u00adtrol com reg\u00adu\u00adla\u00e7\u00e3o de dis\u00adt\u00e2n\u00adcia, aque\u00adc\u00adi\u00admen\u00adto dos ban\u00adcos, aque\u00adc\u00adi\u00admen\u00adto do volante, sen\u00adsores de esta\u00adciona\u00admen\u00adto, c\u00e2mara de mar\u00adcha-atr\u00e1s, assis\u00adtente de faixa de rodagem e \u00e2ngu\u00adlo mor\u00adto, inte\u00adgra\u00e7\u00e3o de smart\u00adphone, cli\u00adma\u00adtron\u00adic, ilu\u00admi\u00adna\u00e7\u00e3o ambi\u00adente, Dig\u00adi\u00adtal Cock\u00adpit, ban\u00adcos desportivos, etc. <\/p>\n\n<figure class=\"wp-block-gallery columns-3 is-cropped wp-block-gallery-1 is-layout-flex wp-block-gallery-is-layout-flex\"><ul class=\"blocks-gallery-grid\"><li class=\"blocks-gallery-item\"><figure><img decoding=\"async\" src=\"https:\/\/autoshow.ch\/wp-content\/uploads\/2025\/12\/Unknown-18.jpeg\" alt=\"  data-id=\" data-full-url=\"https:\/\/autoshow.ch\/wp-content\/uploads\/2025\/12\/Unknown-18.jpeg\" data-link=\"https:\/\/autoshow.ch\/?attachment_id=110360\" class=\"wp-image-110360\"><\/figure><\/li><li class=\"blocks-gallery-item\"><figure><img decoding=\"async\" src=\"https:\/\/autoshow.ch\/wp-content\/uploads\/2025\/12\/Unknown-1-1-2.jpeg\" alt=\"  data-id=\" data-link=\"https:\/\/autoshow.ch\/?attachment_id=110350\" class=\"wp-image-110350\"><\/figure><\/li><li class=\"blocks-gallery-item\"><figure><img decoding=\"async\" src=\"https:\/\/autoshow.ch\/wp-content\/uploads\/2025\/12\/Unknown-4-1.jpeg\" alt=\"  data-id=\" data-link=\"https:\/\/autoshow.ch\/?attachment_id=110339\" class=\"wp-image-110339\"><\/figure><\/li><\/ul><\/figure>\n\n<p>O mild hybrid gasolina\/el\u00e9trico tem a con\u00adheci\u00adda caixa DSG da VW que acciona as rodas dianteiras, 1.5 litros com 150 CV na ficha t\u00e9c\u00adni\u00adca e orgul\u00adha-se da efi\u00adci\u00ean\u00adcia energ\u00e9ti\u00adca A.<\/p>\n\n<figure class=\"wp-block-gallery columns-3 is-cropped wp-block-gallery-2 is-layout-flex wp-block-gallery-is-layout-flex\"><ul class=\"blocks-gallery-grid\"><li class=\"blocks-gallery-item\"><figure><img decoding=\"async\" src=\"https:\/\/autoshow.ch\/wp-content\/uploads\/2025\/12\/Unknown-1-2.jpeg\" alt=\"  data-id=\" data-full-url=\"https:\/\/autoshow.ch\/wp-content\/uploads\/2025\/12\/Unknown-1-2.jpeg\" data-link=\"https:\/\/autoshow.ch\/?attachment_id=110340\" class=\"wp-image-110340\"><\/figure><\/li><li class=\"blocks-gallery-item\"><figure><img decoding=\"async\" src=\"https:\/\/autoshow.ch\/wp-content\/uploads\/2025\/12\/Unknown-2-1.jpeg\" alt=\"  data-id=\" data-full-url=\"https:\/\/autoshow.ch\/wp-content\/uploads\/2025\/12\/Unknown-2-1.jpeg\" data-link=\"https:\/\/autoshow.ch\/?attachment_id=110341\" class=\"wp-image-110341\"><\/figure><\/li><li class=\"blocks-gallery-item\"><figure><img decoding=\"async\" src=\"https:\/\/autoshow.ch\/wp-content\/uploads\/2025\/12\/Unknown-3-1.jpeg\" alt=\"  data-id=\" data-full-url=\"https:\/\/autoshow.ch\/wp-content\/uploads\/2025\/12\/Unknown-3-1.jpeg\" data-link=\"https:\/\/autoshow.ch\/?attachment_id=110342\" class=\"wp-image-110342\"><\/figure><\/li><li class=\"blocks-gallery-item\"><figure><img decoding=\"async\" src=\"https:\/\/autoshow.ch\/wp-content\/uploads\/2025\/12\/Unknown-4-1-1.jpeg\" alt=\"  data-id=\" data-full-url=\"https:\/\/autoshow.ch\/wp-content\/uploads\/2025\/12\/Unknown-4-1-1.jpeg\" data-link=\"https:\/\/autoshow.ch\/?attachment_id=110343\" class=\"wp-image-110343\"><\/figure><\/li><li class=\"blocks-gallery-item\"><figure><img decoding=\"async\" src=\"https:\/\/autoshow.ch\/wp-content\/uploads\/2025\/12\/Unknown-5-1.jpeg\" alt=\"  data-id=\" data-full-url=\"https:\/\/autoshow.ch\/wp-content\/uploads\/2025\/12\/Unknown-5-1.jpeg\" data-link=\"https:\/\/autoshow.ch\/?attachment_id=110344\" class=\"wp-image-110344\"><\/figure><\/li><li class=\"blocks-gallery-item\"><figure><img decoding=\"async\" src=\"https:\/\/autoshow.ch\/wp-content\/uploads\/2025\/12\/Unknown-6-1.jpeg\" alt=\"  data-id=\" data-full-url=\"https:\/\/autoshow.ch\/wp-content\/uploads\/2025\/12\/Unknown-6-1.jpeg\" data-link=\"https:\/\/autoshow.ch\/?attachment_id=110345\" class=\"wp-image-110345\"><\/figure><\/li><li class=\"blocks-gallery-item\"><figure><img decoding=\"async\" src=\"https:\/\/autoshow.ch\/wp-content\/uploads\/2025\/12\/Unknown-7-1.jpeg\" alt=\"  data-id=\" data-full-url=\"https:\/\/autoshow.ch\/wp-content\/uploads\/2025\/12\/Unknown-7-1.jpeg\" data-link=\"https:\/\/autoshow.ch\/?attachment_id=110346\" class=\"wp-image-110346\"><\/figure><\/li><li class=\"blocks-gallery-item\"><figure><img decoding=\"async\" src=\"https:\/\/autoshow.ch\/wp-content\/uploads\/2025\/12\/Unknown-8.jpeg\" alt=\"  data-id=\" data-full-url=\"https:\/\/autoshow.ch\/wp-content\/uploads\/2025\/12\/Unknown-8.jpeg\" data-link=\"https:\/\/autoshow.ch\/?attachment_id=110347\" class=\"wp-image-110347\"><\/figure><\/li><li class=\"blocks-gallery-item\"><figure><img decoding=\"async\" src=\"https:\/\/autoshow.ch\/wp-content\/uploads\/2025\/12\/Unknown-9.jpeg\" alt=\"  data-id=\" data-full-url=\"https:\/\/autoshow.ch\/wp-content\/uploads\/2025\/12\/Unknown-9.jpeg\" data-link=\"https:\/\/autoshow.ch\/?attachment_id=110348\" class=\"wp-image-110348\"><\/figure><\/li><li class=\"blocks-gallery-item\"><figure><img decoding=\"async\" src=\"https:\/\/autoshow.ch\/wp-content\/uploads\/2025\/12\/Unknown-10.jpeg\" alt=\"  data-id=\" data-full-url=\"https:\/\/autoshow.ch\/wp-content\/uploads\/2025\/12\/Unknown-10.jpeg\" data-link=\"https:\/\/autoshow.ch\/?attachment_id=110351\" class=\"wp-image-110351\"><\/figure><\/li><li class=\"blocks-gallery-item\"><figure><img decoding=\"async\" src=\"https:\/\/autoshow.ch\/wp-content\/uploads\/2025\/12\/Unknown-11.jpeg\" alt=\"  data-id=\" data-full-url=\"https:\/\/autoshow.ch\/wp-content\/uploads\/2025\/12\/Unknown-11.jpeg\" data-link=\"https:\/\/autoshow.ch\/?attachment_id=110352\" class=\"wp-image-110352\"><\/figure><\/li><li class=\"blocks-gallery-item\"><figure><img decoding=\"async\" src=\"https:\/\/autoshow.ch\/wp-content\/uploads\/2025\/12\/Unknown-12.jpeg\" alt=\"  data-id=\" data-full-url=\"https:\/\/autoshow.ch\/wp-content\/uploads\/2025\/12\/Unknown-12.jpeg\" data-link=\"https:\/\/autoshow.ch\/?attachment_id=110353\" class=\"wp-image-110353\"><\/figure><\/li><li class=\"blocks-gallery-item\"><figure><img decoding=\"async\" src=\"https:\/\/autoshow.ch\/wp-content\/uploads\/2025\/12\/Unknown-13.jpeg\" alt=\"  data-id=\" data-full-url=\"https:\/\/autoshow.ch\/wp-content\/uploads\/2025\/12\/Unknown-13.jpeg\" data-link=\"https:\/\/autoshow.ch\/?attachment_id=110354\" class=\"wp-image-110354\"><\/figure><\/li><li class=\"blocks-gallery-item\"><figure><img decoding=\"async\" src=\"https:\/\/autoshow.ch\/wp-content\/uploads\/2025\/12\/Unknown-14.jpeg\" alt=\"  data-id=\" data-full-url=\"https:\/\/autoshow.ch\/wp-content\/uploads\/2025\/12\/Unknown-14.jpeg\" data-link=\"https:\/\/autoshow.ch\/?attachment_id=110355\" class=\"wp-image-110355\"><\/figure><\/li><li class=\"blocks-gallery-item\"><figure><img decoding=\"async\" src=\"https:\/\/autoshow.ch\/wp-content\/uploads\/2025\/12\/Unknown-15.jpeg\" alt=\"  data-id=\" data-full-url=\"https:\/\/autoshow.ch\/wp-content\/uploads\/2025\/12\/Unknown-15.jpeg\" data-link=\"https:\/\/autoshow.ch\/?attachment_id=110356\" class=\"wp-image-110356\"><\/figure><\/li><li class=\"blocks-gallery-item\"><figure><img decoding=\"async\" src=\"https:\/\/autoshow.ch\/wp-content\/uploads\/2025\/12\/Unknown-16-1.jpeg\" alt=\"  data-id=\" data-full-url=\"https:\/\/autoshow.ch\/wp-content\/uploads\/2025\/12\/Unknown-16-1.jpeg\" data-link=\"https:\/\/autoshow.ch\/?attachment_id=110357\" class=\"wp-image-110357\"><\/figure><\/li><li class=\"blocks-gallery-item\"><figure><img decoding=\"async\" src=\"https:\/\/autoshow.ch\/wp-content\/uploads\/2025\/12\/Unknown-17.jpeg\" alt=\"  data-id=\" data-full-url=\"https:\/\/autoshow.ch\/wp-content\/uploads\/2025\/12\/Unknown-17.jpeg\" data-link=\"https:\/\/autoshow.ch\/?attachment_id=110358\" class=\"wp-image-110358\"><\/figure><\/li><li class=\"blocks-gallery-item\"><figure><img decoding=\"async\" src=\"https:\/\/autoshow.ch\/wp-content\/uploads\/2025\/12\/Unknown-16.jpeg\" alt=\"  data-id=\" data-full-url=\"https:\/\/autoshow.ch\/wp-content\/uploads\/2025\/12\/Unknown-16.jpeg\" data-link=\"https:\/\/autoshow.ch\/?attachment_id=110359\" class=\"wp-image-110359\"><\/figure><\/li><\/ul><\/figure>\n","protected":false},"excerpt":{"rendered":"<p>VW Golf 1.5 eTSI R\u2011Line DSG \u2014 8 unidades dispon\u00edveis em stock por ape\u00adnas CHF\u2026<\/p>\n","protected":false},"author":31,"featured_media":226386,"comment_status":"closed","ping_status":"closed","sticky":false,"template":"","format":"standard","meta":{"_acf_changed":false,"inline_featured_image":false,"wp_typography_post_enhancements_disabled":false,"footnotes":""},"categories":[666],"tags":[],"class_list":["post-226385","post","type-post","status-publish","format-standard","has-post-thumbnail","hentry","category-promocao"],"acf":[],"yoast_head":"<!-- This site is optimized with the Yoast SEO plugin v27.4 - https:\/\/yoast.com\/product\/yoast-seo-wordpress\/ -->\n<title>VW Golf R-Line em stock | Autoshow Aathal AG<\/title>\n<meta name=\"description\" content=\"VW Golf 1.5 eTSI R-Line DSG - 8 unidades dispon\u00edveis em stock por apenas CHF 38&#039;700 ou mensalmente a partir de CHF 441\" \/>\n<meta name=\"robots\" content=\"index, follow, max-snippet:-1, max-image-preview:large, max-video-preview:-1\" \/>\n<link rel=\"canonical\" href=\"https:\/\/autoshow.ch\/pt-pt\/news\/vw-golf-r-line-em-stock\/\" \/>\n<meta property=\"og:locale\" content=\"pt_PT\" \/>\n<meta property=\"og:type\" content=\"article\" \/>\n<meta property=\"og:title\" content=\"VW Golf R-Line em stock | Autoshow Aathal AG\" \/>\n<meta property=\"og:description\" content=\"VW Golf 1.5 eTSI R-Line DSG - 8 unidades dispon\u00edveis em stock por apenas CHF 38&#039;700 ou mensalmente a partir de CHF 441\" \/>\n<meta property=\"og:url\" content=\"https:\/\/autoshow.ch\/pt-pt\/news\/vw-golf-r-line-em-stock\/\" \/>\n<meta property=\"og:site_name\" content=\"Autoshow Aathal AG\" \/>\n<meta property=\"article:publisher\" content=\"https:\/\/www.facebook.com\/autoshow.ch\" \/>\n<meta property=\"article:published_time\" content=\"2022-02-28T10:05:00+00:00\" \/>\n<meta property=\"article:modified_time\" content=\"2026-04-10T08:13:39+00:00\" \/>\n<meta property=\"og:image\" content=\"https:\/\/autoshow.ch\/wp-content\/uploads\/2025\/12\/wir-gehoeren-zu-den-besten-autoshow-9.jpeg\" \/>\n\t<meta property=\"og:image:width\" content=\"1146\" \/>\n\t<meta property=\"og:image:height\" content=\"1536\" \/>\n\t<meta property=\"og:image:type\" content=\"image\/jpeg\" \/>\n<meta name=\"author\" content=\"Marketing Autoshow\" \/>\n<meta name=\"twitter:card\" content=\"summary_large_image\" \/>\n<!-- \/ Yoast SEO plugin. -->","yoast_head_json":{"title":"VW Golf R-Line em stock | Autoshow Aathal AG","description":"VW Golf 1.5 eTSI R-Line DSG - 8 unidades dispon\u00edveis em stock por apenas CHF 38'700 ou mensalmente a partir de CHF 441","robots":{"index":"index","follow":"follow","max-snippet":"max-snippet:-1","max-image-preview":"max-image-preview:large","max-video-preview":"max-video-preview:-1"},"canonical":"https:\/\/autoshow.ch\/pt-pt\/news\/vw-golf-r-line-em-stock\/","og_locale":"pt_PT","og_type":"article","og_title":"VW Golf R-Line em stock | Autoshow Aathal AG","og_description":"VW Golf 1.5 eTSI R-Line DSG - 8 unidades dispon\u00edveis em stock por apenas CHF 38'700 ou mensalmente a partir de CHF 441","og_url":"https:\/\/autoshow.ch\/pt-pt\/news\/vw-golf-r-line-em-stock\/","og_site_name":"Autoshow Aathal AG","article_publisher":"https:\/\/www.facebook.com\/autoshow.ch","article_published_time":"2022-02-28T10:05:00+00:00","article_modified_time":"2026-04-10T08:13:39+00:00","og_image":[{"width":1146,"height":1536,"url":"https:\/\/autoshow.ch\/wp-content\/uploads\/2025\/12\/wir-gehoeren-zu-den-besten-autoshow-9.jpeg","type":"image\/jpeg"}],"author":"Marketing Autoshow","twitter_card":"summary_large_image","schema":{"@context":"https:\/\/schema.org","@graph":[{"@type":["Article","BlogPosting"],"@id":"https:\/\/autoshow.ch\/pt-pt\/news\/vw-golf-r-line-em-stock\/#article","isPartOf":{"@id":"https:\/\/autoshow.ch\/pt-pt\/news\/vw-golf-r-line-em-stock\/"},"author":{"name":"Marketing Autoshow","@id":"https:\/\/autoshow.ch\/pt-pt\/#\/schema\/person\/0fc96e1a12fbe3a05e1059e7b26ca148"},"headline":"VW Golf R\u2011Line em stock","datePublished":"2022-02-28T10:05:00+00:00","dateModified":"2026-04-10T08:13:39+00:00","mainEntityOfPage":{"@id":"https:\/\/autoshow.ch\/pt-pt\/news\/vw-golf-r-line-em-stock\/"},"wordCount":196,"publisher":{"@id":"https:\/\/autoshow.ch\/pt-pt\/#organization"},"image":{"@id":"https:\/\/autoshow.ch\/pt-pt\/news\/vw-golf-r-line-em-stock\/#primaryimage"},"thumbnailUrl":"https:\/\/autoshow.ch\/wp-content\/uploads\/2025\/12\/wir-gehoeren-zu-den-besten-autoshow-9.jpeg","articleSection":["PROMO\u00c7\u00c3O"],"inLanguage":"pt-PT"},{"@type":"WebPage","@id":"https:\/\/autoshow.ch\/pt-pt\/news\/vw-golf-r-line-em-stock\/","url":"https:\/\/autoshow.ch\/pt-pt\/news\/vw-golf-r-line-em-stock\/","name":"VW Golf R-Line em stock | Autoshow Aathal AG","isPartOf":{"@id":"https:\/\/autoshow.ch\/pt-pt\/#website"},"primaryImageOfPage":{"@id":"https:\/\/autoshow.ch\/pt-pt\/news\/vw-golf-r-line-em-stock\/#primaryimage"},"image":{"@id":"https:\/\/autoshow.ch\/pt-pt\/news\/vw-golf-r-line-em-stock\/#primaryimage"},"thumbnailUrl":"https:\/\/autoshow.ch\/wp-content\/uploads\/2025\/12\/wir-gehoeren-zu-den-besten-autoshow-9.jpeg","datePublished":"2022-02-28T10:05:00+00:00","dateModified":"2026-04-10T08:13:39+00:00","description":"VW Golf 1.5 eTSI R-Line DSG - 8 unidades dispon\u00edveis em stock por apenas CHF 38'700 ou mensalmente a partir de CHF 441","breadcrumb":{"@id":"https:\/\/autoshow.ch\/pt-pt\/news\/vw-golf-r-line-em-stock\/#breadcrumb"},"inLanguage":"pt-PT","potentialAction":[{"@type":"ReadAction","target":["https:\/\/autoshow.ch\/pt-pt\/news\/vw-golf-r-line-em-stock\/"]}]},{"@type":"ImageObject","inLanguage":"pt-PT","@id":"https:\/\/autoshow.ch\/pt-pt\/news\/vw-golf-r-line-em-stock\/#primaryimage","url":"https:\/\/autoshow.ch\/wp-content\/uploads\/2025\/12\/wir-gehoeren-zu-den-besten-autoshow-9.jpeg","contentUrl":"https:\/\/autoshow.ch\/wp-content\/uploads\/2025\/12\/wir-gehoeren-zu-den-besten-autoshow-9.jpeg","width":1146,"height":1536,"caption":"VW Golf R-Line em stock - Autoshow Aathal AG perto de Uster oferece carros usados e novos a pre\u00e7os acess\u00edveis 21"},{"@type":"BreadcrumbList","@id":"https:\/\/autoshow.ch\/pt-pt\/news\/vw-golf-r-line-em-stock\/#breadcrumb","itemListElement":[{"@type":"ListItem","position":1,"name":"Startseite","item":"https:\/\/autoshow.ch\/pt-pt\/"},{"@type":"ListItem","position":2,"name":"VW Golf R\u2011Line em stock"}]},{"@type":"WebSite","@id":"https:\/\/autoshow.ch\/pt-pt\/#website","url":"https:\/\/autoshow.ch\/pt-pt\/","name":"Autoshow Aathal AG","description":"bei Uster bietet g\u00fcnstige Occasionen und Neuwagen","publisher":{"@id":"https:\/\/autoshow.ch\/pt-pt\/#organization"},"alternateName":"Autoshow","potentialAction":[{"@type":"SearchAction","target":{"@type":"EntryPoint","urlTemplate":"https:\/\/autoshow.ch\/pt-pt\/?s={search_term_string}"},"query-input":{"@type":"PropertyValueSpecification","valueRequired":true,"valueName":"search_term_string"}}],"inLanguage":"pt-PT"},{"@type":"Organization","@id":"https:\/\/autoshow.ch\/pt-pt\/#organization","name":"Autoshow Aathal AG","alternateName":"Autoshow","url":"https:\/\/autoshow.ch\/pt-pt\/","logo":{"@type":"ImageObject","inLanguage":"pt-PT","@id":"https:\/\/autoshow.ch\/pt-pt\/#\/schema\/logo\/image\/","url":"https:\/\/autoshow.ch\/wp-content\/uploads\/2025\/12\/autoshow-aathal-ag-logo@696x696.png","contentUrl":"https:\/\/autoshow.ch\/wp-content\/uploads\/2025\/12\/autoshow-aathal-ag-logo@696x696.png","width":696,"height":696,"caption":"Autoshow Aathal AG"},"image":{"@id":"https:\/\/autoshow.ch\/pt-pt\/#\/schema\/logo\/image\/"},"sameAs":["https:\/\/www.facebook.com\/autoshow.ch","https:\/\/www.instagram.com\/autoshow_aathal\/","https:\/\/www.linkedin.com\/company\/autoshow-aathal-ag","https:\/\/www.youtube.com\/user\/AutoshowAathal"]},{"@type":"Person","@id":"https:\/\/autoshow.ch\/pt-pt\/#\/schema\/person\/0fc96e1a12fbe3a05e1059e7b26ca148","name":"Marketing Autoshow","image":{"@type":"ImageObject","inLanguage":"pt-PT","@id":"https:\/\/autoshow.ch\/wp-content\/litespeed\/avatar\/46547ed71fe40fb39a471b2711fab529.jpg?ver=1776774629","url":"https:\/\/autoshow.ch\/wp-content\/litespeed\/avatar\/46547ed71fe40fb39a471b2711fab529.jpg?ver=1776774629","contentUrl":"https:\/\/autoshow.ch\/wp-content\/litespeed\/avatar\/46547ed71fe40fb39a471b2711fab529.jpg?ver=1776774629","caption":"Marketing Autoshow"},"sameAs":["https:\/\/autoshow.ch"]}]}},"_links":{"self":[{"href":"https:\/\/autoshow.ch\/pt-pt\/wp-json\/wp\/v2\/posts\/226385","targetHints":{"allow":["GET"]}}],"collection":[{"href":"https:\/\/autoshow.ch\/pt-pt\/wp-json\/wp\/v2\/posts"}],"about":[{"href":"https:\/\/autoshow.ch\/pt-pt\/wp-json\/wp\/v2\/types\/post"}],"author":[{"embeddable":true,"href":"https:\/\/autoshow.ch\/pt-pt\/wp-json\/wp\/v2\/users\/31"}],"replies":[{"embeddable":true,"href":"https:\/\/autoshow.ch\/pt-pt\/wp-json\/wp\/v2\/comments?post=226385"}],"version-history":[{"count":1,"href":"https:\/\/autoshow.ch\/pt-pt\/wp-json\/wp\/v2\/posts\/226385\/revisions"}],"predecessor-version":[{"id":226387,"href":"https:\/\/autoshow.ch\/pt-pt\/wp-json\/wp\/v2\/posts\/226385\/revisions\/226387"}],"wp:featuredmedia":[{"embeddable":true,"href":"https:\/\/autoshow.ch\/pt-pt\/wp-json\/wp\/v2\/media\/226386"}],"wp:attachment":[{"href":"https:\/\/autoshow.ch\/pt-pt\/wp-json\/wp\/v2\/media?parent=226385"}],"wp:term":[{"taxonomy":"category","embeddable":true,"href":"https:\/\/autoshow.ch\/pt-pt\/wp-json\/wp\/v2\/categories?post=226385"},{"taxonomy":"post_tag","embeddable":true,"href":"https:\/\/autoshow.ch\/pt-pt\/wp-json\/wp\/v2\/tags?post=226385"}],"curies":[{"name":"wp","href":"https:\/\/api.w.org\/{rel}","templated":true}]}}