{"id":226338,"date":"2020-02-29T18:43:27","date_gmt":"2020-02-29T17:43:27","guid":{"rendered":"https:\/\/autoshow.ch\/news\/novo-diretor-geral\/"},"modified":"2026-04-10T10:12:54","modified_gmt":"2026-04-10T08:12:54","slug":"novo-diretor-geral","status":"publish","type":"post","link":"https:\/\/autoshow.ch\/pt-pt\/news\/novo-diretor-geral\/","title":{"rendered":"Novo Diretor-Geral"},"content":{"rendered":"\n<p><strong>No final de out\u00adubro de 2019, Patrick Liechti assum\u00adiu o car\u00adgo de Dire\u00adtor-Ger\u00adal.<\/strong><\/p>\n\n<div class=\"wp-block-media-text alignwide\"><figure class=\"wp-block-media-text__media\"><img decoding=\"async\" src=\"https:\/\/autoshow.ch\/wp-content\/uploads\/2025\/12\/patrick-liechti-autoshow-2.jpg\" alt=\"Patrick Liechti - Autoshow Aathal AG 1\" class=\"wp-image-29642\"><\/figure><div class=\"wp-block-media-text__content\">\n<p class=\"has-normal-font-size\">Antes da sua nova fun\u00e7\u00e3o, <a href=\"https:\/\/autoshow.ch\/unternehmen\/team\/\">Patrick Liechti<\/a> tra\u00adbal\u00adhou nas mar\u00adcas smart e Mer\u00adcedes, onde desem\u00adpen\u00adhou difer\u00adentes fun\u00e7\u00f5es de lid\u00ader\u00adan\u00e7a em ven\u00addas e dis\u00adtribui\u00e7\u00e3o durante mais de 16 anos. Como Dire\u00adtor de Sales Con\u00adtrol\u00adling na mar\u00adca Renault, acu\u00admu\u00adlou recen\u00adte\u00admente mais com\u00adpet\u00ean\u00adcias no setor. <\/p>\n<\/div><\/div>\n\n<div style=\"height:20px\" aria-hidden=\"true\" class=\"wp-block-spacer\"><\/div>\n\n<p>Na sua nova tare\u00adfa como Dire\u00adtor-Ger\u00adal, Patrick Liechti ir\u00e1 moldar e desen\u00advolver a Autoshow Aathal de acor\u00addo com o impacto estrat\u00e9gi\u00adco e opera\u00adcional. \u00c9 uma pes\u00adsoa qual\u00adi\u00adfi\u00adca\u00adda, moti\u00adva\u00adda e soci\u00e1v\u00adel, que d\u00e1 grande val\u00ador \u00e0 ori\u00aden\u00adta\u00e7\u00e3o para o servi\u00e7o e \u00e0 qual\u00adi\u00addade. O obje\u00adti\u00advo \u00e9 trans\u00admi\u00adtir estes val\u00adores aos clientes, mas tam\u00adb\u00e9m influ\u00aden\u00adciar pos\u00adi\u00adti\u00adva\u00admente a cul\u00adtura empre\u00adsar\u00adi\u00adal para os colab\u00ado\u00adradores. Isto, por sua vez, ter\u00e1 um impacto pos\u00adi\u00adti\u00advo na perce\u00e7\u00e3o da nos\u00adsa empre\u00adsa.   <\/p>\n\n<p>Jun\u00adta\u00admente com as nos\u00adsas ofer\u00adtas de ve\u00edcu\u00adlos per\u00adma\u00adnen\u00adte\u00admente econ\u00f3mi\u00adcas, con\u00adseguire\u00admos con\u00adtin\u00aduar a posi\u00adcionar a Autoshow Aathal com suces\u00adso.<\/p>\n","protected":false},"excerpt":{"rendered":"<p>No final de out\u00adubro de 2019, Patrick Liechti assum\u00adiu o car\u00adgo de Di\u2026<\/p>\n","protected":false},"author":31,"featured_media":226339,"comment_status":"closed","ping_status":"closed","sticky":false,"template":"","format":"standard","meta":{"_acf_changed":false,"inline_featured_image":false,"wp_typography_post_enhancements_disabled":false,"footnotes":""},"categories":[631],"tags":[],"class_list":["post-226338","post","type-post","status-publish","format-standard","has-post-thumbnail","hentry","category-noticias"],"acf":[],"yoast_head":"<!-- This site is optimized with the Yoast SEO plugin v27.4 - https:\/\/yoast.com\/product\/yoast-seo-wordpress\/ -->\n<title>Novo Diretor-Geral | Autoshow Aathal AG<\/title>\n<meta name=\"description\" content=\"No final de outubro de 2019, Patrick Liechti assumiu o cargo de Diretor-Geral. Antes da sua nova fun\u00e7\u00e3o, Patrick Liechti trabalhou nas marcas smart e\" \/>\n<meta name=\"robots\" content=\"index, follow, max-snippet:-1, max-image-preview:large, max-video-preview:-1\" \/>\n<link rel=\"canonical\" href=\"https:\/\/autoshow.ch\/pt-pt\/news\/novo-diretor-geral\/\" \/>\n<meta property=\"og:locale\" content=\"pt_PT\" \/>\n<meta property=\"og:type\" content=\"article\" \/>\n<meta property=\"og:title\" content=\"Novo Diretor-Geral | Autoshow Aathal AG\" \/>\n<meta property=\"og:description\" content=\"No final de outubro de 2019, Patrick Liechti assumiu o cargo de Diretor-Geral. Antes da sua nova fun\u00e7\u00e3o, Patrick Liechti trabalhou nas marcas smart e\" \/>\n<meta property=\"og:url\" content=\"https:\/\/autoshow.ch\/pt-pt\/news\/novo-diretor-geral\/\" \/>\n<meta property=\"og:site_name\" content=\"Autoshow Aathal AG\" \/>\n<meta property=\"article:publisher\" content=\"https:\/\/www.facebook.com\/autoshow.ch\" \/>\n<meta property=\"article:published_time\" content=\"2020-02-29T17:43:27+00:00\" \/>\n<meta property=\"article:modified_time\" content=\"2026-04-10T08:12:54+00:00\" \/>\n<meta property=\"og:image\" content=\"https:\/\/autoshow.ch\/wp-content\/uploads\/2025\/12\/neuer-geschaeftsfuehrer-autoshow.jpg\" \/>\n\t<meta property=\"og:image:width\" content=\"1535\" \/>\n\t<meta property=\"og:image:height\" content=\"864\" \/>\n\t<meta property=\"og:image:type\" content=\"image\/jpeg\" \/>\n<meta name=\"author\" content=\"Marketing Autoshow\" \/>\n<meta name=\"twitter:card\" content=\"summary_large_image\" \/>\n<!-- \/ Yoast SEO plugin. -->","yoast_head_json":{"title":"Novo Diretor-Geral | Autoshow Aathal AG","description":"No final de outubro de 2019, Patrick Liechti assumiu o cargo de Diretor-Geral. Antes da sua nova fun\u00e7\u00e3o, Patrick Liechti trabalhou nas marcas smart e","robots":{"index":"index","follow":"follow","max-snippet":"max-snippet:-1","max-image-preview":"max-image-preview:large","max-video-preview":"max-video-preview:-1"},"canonical":"https:\/\/autoshow.ch\/pt-pt\/news\/novo-diretor-geral\/","og_locale":"pt_PT","og_type":"article","og_title":"Novo Diretor-Geral | Autoshow Aathal AG","og_description":"No final de outubro de 2019, Patrick Liechti assumiu o cargo de Diretor-Geral. Antes da sua nova fun\u00e7\u00e3o, Patrick Liechti trabalhou nas marcas smart e","og_url":"https:\/\/autoshow.ch\/pt-pt\/news\/novo-diretor-geral\/","og_site_name":"Autoshow Aathal AG","article_publisher":"https:\/\/www.facebook.com\/autoshow.ch","article_published_time":"2020-02-29T17:43:27+00:00","article_modified_time":"2026-04-10T08:12:54+00:00","og_image":[{"width":1535,"height":864,"url":"https:\/\/autoshow.ch\/wp-content\/uploads\/2025\/12\/neuer-geschaeftsfuehrer-autoshow.jpg","type":"image\/jpeg"}],"author":"Marketing Autoshow","twitter_card":"summary_large_image","schema":{"@context":"https:\/\/schema.org","@graph":[{"@type":["Article","BlogPosting"],"@id":"https:\/\/autoshow.ch\/pt-pt\/news\/novo-diretor-geral\/#article","isPartOf":{"@id":"https:\/\/autoshow.ch\/pt-pt\/news\/novo-diretor-geral\/"},"author":{"name":"Marketing Autoshow","@id":"https:\/\/autoshow.ch\/pt-pt\/#\/schema\/person\/0fc96e1a12fbe3a05e1059e7b26ca148"},"headline":"Novo Diretor-Geral","datePublished":"2020-02-29T17:43:27+00:00","dateModified":"2026-04-10T08:12:54+00:00","mainEntityOfPage":{"@id":"https:\/\/autoshow.ch\/pt-pt\/news\/novo-diretor-geral\/"},"wordCount":155,"publisher":{"@id":"https:\/\/autoshow.ch\/pt-pt\/#organization"},"image":{"@id":"https:\/\/autoshow.ch\/pt-pt\/news\/novo-diretor-geral\/#primaryimage"},"thumbnailUrl":"https:\/\/autoshow.ch\/wp-content\/uploads\/2025\/12\/neuer-geschaeftsfuehrer-autoshow.jpg","articleSection":["Not\u00edcias"],"inLanguage":"pt-PT"},{"@type":"WebPage","@id":"https:\/\/autoshow.ch\/pt-pt\/news\/novo-diretor-geral\/","url":"https:\/\/autoshow.ch\/pt-pt\/news\/novo-diretor-geral\/","name":"Novo Diretor-Geral | Autoshow Aathal AG","isPartOf":{"@id":"https:\/\/autoshow.ch\/pt-pt\/#website"},"primaryImageOfPage":{"@id":"https:\/\/autoshow.ch\/pt-pt\/news\/novo-diretor-geral\/#primaryimage"},"image":{"@id":"https:\/\/autoshow.ch\/pt-pt\/news\/novo-diretor-geral\/#primaryimage"},"thumbnailUrl":"https:\/\/autoshow.ch\/wp-content\/uploads\/2025\/12\/neuer-geschaeftsfuehrer-autoshow.jpg","datePublished":"2020-02-29T17:43:27+00:00","dateModified":"2026-04-10T08:12:54+00:00","description":"No final de outubro de 2019, Patrick Liechti assumiu o cargo de Diretor-Geral. Antes da sua nova fun\u00e7\u00e3o, Patrick Liechti trabalhou nas marcas smart e","breadcrumb":{"@id":"https:\/\/autoshow.ch\/pt-pt\/news\/novo-diretor-geral\/#breadcrumb"},"inLanguage":"pt-PT","potentialAction":[{"@type":"ReadAction","target":["https:\/\/autoshow.ch\/pt-pt\/news\/novo-diretor-geral\/"]}]},{"@type":"ImageObject","inLanguage":"pt-PT","@id":"https:\/\/autoshow.ch\/pt-pt\/news\/novo-diretor-geral\/#primaryimage","url":"https:\/\/autoshow.ch\/wp-content\/uploads\/2025\/12\/neuer-geschaeftsfuehrer-autoshow.jpg","contentUrl":"https:\/\/autoshow.ch\/wp-content\/uploads\/2025\/12\/neuer-geschaeftsfuehrer-autoshow.jpg","width":1535,"height":864,"caption":"Novo Diretor-Geral - Autoshow Aathal AG perto de Uster oferece carros usados e novos econ\u00f3micos 1"},{"@type":"BreadcrumbList","@id":"https:\/\/autoshow.ch\/pt-pt\/news\/novo-diretor-geral\/#breadcrumb","itemListElement":[{"@type":"ListItem","position":1,"name":"Startseite","item":"https:\/\/autoshow.ch\/pt-pt\/"},{"@type":"ListItem","position":2,"name":"Novo Diretor-Geral"}]},{"@type":"WebSite","@id":"https:\/\/autoshow.ch\/pt-pt\/#website","url":"https:\/\/autoshow.ch\/pt-pt\/","name":"Autoshow Aathal AG","description":"bei Uster bietet g\u00fcnstige Occasionen und Neuwagen","publisher":{"@id":"https:\/\/autoshow.ch\/pt-pt\/#organization"},"alternateName":"Autoshow","potentialAction":[{"@type":"SearchAction","target":{"@type":"EntryPoint","urlTemplate":"https:\/\/autoshow.ch\/pt-pt\/?s={search_term_string}"},"query-input":{"@type":"PropertyValueSpecification","valueRequired":true,"valueName":"search_term_string"}}],"inLanguage":"pt-PT"},{"@type":"Organization","@id":"https:\/\/autoshow.ch\/pt-pt\/#organization","name":"Autoshow Aathal AG","alternateName":"Autoshow","url":"https:\/\/autoshow.ch\/pt-pt\/","logo":{"@type":"ImageObject","inLanguage":"pt-PT","@id":"https:\/\/autoshow.ch\/pt-pt\/#\/schema\/logo\/image\/","url":"https:\/\/autoshow.ch\/wp-content\/uploads\/2025\/12\/autoshow-aathal-ag-logo@696x696.png","contentUrl":"https:\/\/autoshow.ch\/wp-content\/uploads\/2025\/12\/autoshow-aathal-ag-logo@696x696.png","width":696,"height":696,"caption":"Autoshow Aathal AG"},"image":{"@id":"https:\/\/autoshow.ch\/pt-pt\/#\/schema\/logo\/image\/"},"sameAs":["https:\/\/www.facebook.com\/autoshow.ch","https:\/\/www.instagram.com\/autoshow_aathal\/","https:\/\/www.linkedin.com\/company\/autoshow-aathal-ag","https:\/\/www.youtube.com\/user\/AutoshowAathal"]},{"@type":"Person","@id":"https:\/\/autoshow.ch\/pt-pt\/#\/schema\/person\/0fc96e1a12fbe3a05e1059e7b26ca148","name":"Marketing Autoshow","image":{"@type":"ImageObject","inLanguage":"pt-PT","@id":"https:\/\/autoshow.ch\/wp-content\/litespeed\/avatar\/46547ed71fe40fb39a471b2711fab529.jpg?ver=1776774629","url":"https:\/\/autoshow.ch\/wp-content\/litespeed\/avatar\/46547ed71fe40fb39a471b2711fab529.jpg?ver=1776774629","contentUrl":"https:\/\/autoshow.ch\/wp-content\/litespeed\/avatar\/46547ed71fe40fb39a471b2711fab529.jpg?ver=1776774629","caption":"Marketing Autoshow"},"sameAs":["https:\/\/autoshow.ch"]}]}},"_links":{"self":[{"href":"https:\/\/autoshow.ch\/pt-pt\/wp-json\/wp\/v2\/posts\/226338","targetHints":{"allow":["GET"]}}],"collection":[{"href":"https:\/\/autoshow.ch\/pt-pt\/wp-json\/wp\/v2\/posts"}],"about":[{"href":"https:\/\/autoshow.ch\/pt-pt\/wp-json\/wp\/v2\/types\/post"}],"author":[{"embeddable":true,"href":"https:\/\/autoshow.ch\/pt-pt\/wp-json\/wp\/v2\/users\/31"}],"replies":[{"embeddable":true,"href":"https:\/\/autoshow.ch\/pt-pt\/wp-json\/wp\/v2\/comments?post=226338"}],"version-history":[{"count":1,"href":"https:\/\/autoshow.ch\/pt-pt\/wp-json\/wp\/v2\/posts\/226338\/revisions"}],"predecessor-version":[{"id":226340,"href":"https:\/\/autoshow.ch\/pt-pt\/wp-json\/wp\/v2\/posts\/226338\/revisions\/226340"}],"wp:featuredmedia":[{"embeddable":true,"href":"https:\/\/autoshow.ch\/pt-pt\/wp-json\/wp\/v2\/media\/226339"}],"wp:attachment":[{"href":"https:\/\/autoshow.ch\/pt-pt\/wp-json\/wp\/v2\/media?parent=226338"}],"wp:term":[{"taxonomy":"category","embeddable":true,"href":"https:\/\/autoshow.ch\/pt-pt\/wp-json\/wp\/v2\/categories?post=226338"},{"taxonomy":"post_tag","embeddable":true,"href":"https:\/\/autoshow.ch\/pt-pt\/wp-json\/wp\/v2\/tags?post=226338"}],"curies":[{"name":"wp","href":"https:\/\/api.w.org\/{rel}","templated":true}]}}