{"id":226308,"date":"2020-04-07T13:34:48","date_gmt":"2020-04-07T11:34:48","guid":{"rendered":"https:\/\/autoshow.ch\/news\/as-nossas-pechinchas-com-garantia-prolongada\/"},"modified":"2026-04-10T10:12:14","modified_gmt":"2026-04-10T08:12:14","slug":"as-nossas-pechinchas-com-garantia-prolongada","status":"publish","type":"post","link":"https:\/\/autoshow.ch\/pt-pt\/news\/as-nossas-pechinchas-com-garantia-prolongada\/","title":{"rendered":"As nossas pechinchas com garantia prolongada"},"content":{"rendered":"\n<h2 class=\"wp-block-heading\">Escolhe os nossos citadinos e compactos inteligentes, com uma garantia que convence<\/h2>\n\n<p>Apre\u00adsen\u00adta\u00admos-te o <a href=\"https:\/\/autoshow.ch\/?make=opel\">Opel Karl <\/a>com ape\u00adnas 1 litro de cilin\u00addra\u00adda, 73 cv, com <br>5 lugares e 5 por\u00adtas. Ar condi\u00adciona\u00addo, sis\u00adtema de nave\u00adg\u00ada\u00e7\u00e3o e r\u00e1dio DAB j\u00e1 est\u00e3o inclu\u00ed\u00addos nos nos\u00adsos mod\u00ade\u00adlos. O que tam\u00adb\u00e9m j\u00e1 est\u00e1 inclu\u00ed\u00addo no pre\u00e7o: al\u00e9m dos 2 anos de garan\u00adtia do fab\u00adri\u00adcante, tens ain\u00adda a nos\u00adsa garan\u00adtia de exten\u00ads\u00e3o para viatu\u00adra de servi\u00e7o de mais 2 anos.   <strong>Ben\u00ade\u00adfi\u00adcias de 4 anos de garan\u00adtia. <\/strong><\/p>\n\n<figure class=\"wp-block-gallery columns-0 is-cropped wp-block-gallery-1 is-layout-flex wp-block-gallery-is-layout-flex\"><ul class=\"blocks-gallery-grid\"><li class=\"blocks-gallery-item\"><figure><img decoding=\"async\" src=\"https:\/\/autoshow.ch\/wp-content\/uploads\/2025\/12\/unsere-schnaeppchen-mit-verlaengerter-garantiedauer-autoshow.png\" alt=\"As nossas pechinchas com garantia prolongada - Autoshow Aathal AG\" data-id=\"59895\" data-full-url=\"https:\/\/autoshow.ch\/wp-content\/uploads\/2025\/12\/unsere-schnaeppchen-mit-verlaengerter-garantiedauer-autoshow.png\" data-link=\"https:\/\/autoshow.ch\/news\/unsere-schnaeppchen-mit-verlaengerter-garantiedauer\/unsere-schnaeppchen-mit-verlaengerter-garantiedauer-autoshow\/\" class=\"wp-image-59895\"><\/figure><\/li><li class=\"blocks-gallery-item\"><figure><img decoding=\"async\" src=\"https:\/\/autoshow.ch\/wp-content\/uploads\/2025\/12\/unsere-schnaeppchen-mit-verlaengerter-garantiedauer-autoshow-2.png\" alt=\"As nossas pechinchas com garantia prolongada - Autoshow Aathal AG 1\" data-id=\"59899\" data-full-url=\"https:\/\/autoshow.ch\/wp-content\/uploads\/2025\/12\/unsere-schnaeppchen-mit-verlaengerter-garantiedauer-autoshow-2.png\" data-link=\"https:\/\/autoshow.ch\/news\/unsere-schnaeppchen-mit-verlaengerter-garantiedauer\/unsere-schnaeppchen-mit-verlaengerter-garantiedauer-autoshow-2\/\" class=\"wp-image-59899\"><\/figure><\/li><li class=\"blocks-gallery-item\"><figure><img decoding=\"async\" src=\"https:\/\/autoshow.ch\/wp-content\/uploads\/2025\/12\/unsere-schnaeppchen-mit-verlaengerter-garantiedauer-autoshow-3.png\" alt=\"As nossas pechinchas com garantia prolongada - Autoshow Aathal AG 2\" data-id=\"59903\" data-full-url=\"https:\/\/autoshow.ch\/wp-content\/uploads\/2025\/12\/unsere-schnaeppchen-mit-verlaengerter-garantiedauer-autoshow-3.png\" data-link=\"https:\/\/autoshow.ch\/news\/unsere-schnaeppchen-mit-verlaengerter-garantiedauer\/unsere-schnaeppchen-mit-verlaengerter-garantiedauer-autoshow-3\/\" class=\"wp-image-59903\"><\/figure><\/li><\/ul><\/figure>\n\n<p>Ou queres que o teu ve\u00edcu\u00adlo ofer\u00ade\u00e7a um pouco mais de espa\u00e7o? Ent\u00e3o escol\u00adhe o <a href=\"https:\/\/autoshow.ch\/?make=skoda\">Sko\u00adda Scala<\/a> com 1,5 litros de cilin\u00addra\u00adda e 150 cv; ar condi\u00adciona\u00addo, c\u00e2mara de mar\u00adcha-atr\u00e1s, sen\u00adsores de esta\u00adciona\u00admen\u00adto e o con\u00adtro\u00adlo da nave\u00adg\u00ada\u00e7\u00e3o via smartLink est\u00e3o inclu\u00ed\u00addos no pre\u00e7o. Tam\u00adb\u00e9m inclu\u00ed\u00addo, al\u00e9m dos 2 anos de garan\u00adtia do fab\u00adri\u00adcante, tens ain\u00adda uma garan\u00adtia de exten\u00ads\u00e3o para viatu\u00adra nova de 3 anos.   <strong>Nestes mod\u00ade\u00adlos, ben\u00ade\u00adfi\u00adcias de 5 anos de garan\u00adtia.<\/strong><\/p>\n\n<figure class=\"wp-block-gallery columns-3 is-cropped wp-block-gallery-2 is-layout-flex wp-block-gallery-is-layout-flex\"><ul class=\"blocks-gallery-grid\"><li class=\"blocks-gallery-item\"><figure><img decoding=\"async\" src=\"https:\/\/autoshow.ch\/wp-content\/uploads\/2025\/12\/unsere-schnaeppchen-mit-verlaengerter-garantiedauer-autoshow-8.png\" alt=\"As nossas pechinchas com garantia prolongada - Autoshow Aathal AG 7\" data-id=\"59926\" data-full-url=\"https:\/\/autoshow.ch\/wp-content\/uploads\/2025\/12\/unsere-schnaeppchen-mit-verlaengerter-garantiedauer-autoshow-8.png\" data-link=\"https:\/\/autoshow.ch\/news\/unsere-schnaeppchen-mit-verlaengerter-garantiedauer\/unsere-schnaeppchen-mit-verlaengerter-garantiedauer-autoshow-8\/\" class=\"wp-image-59926\"><\/figure><\/li><li class=\"blocks-gallery-item\"><figure><img decoding=\"async\" src=\"https:\/\/autoshow.ch\/wp-content\/uploads\/2025\/12\/unsere-schnaeppchen-mit-verlaengerter-garantiedauer-autoshow-7.png\" alt=\"As nossas pechinchas com garantia prolongada - Autoshow Aathal AG 6\" data-id=\"59922\" data-full-url=\"https:\/\/autoshow.ch\/wp-content\/uploads\/2025\/12\/unsere-schnaeppchen-mit-verlaengerter-garantiedauer-autoshow-7.png\" data-link=\"https:\/\/autoshow.ch\/news\/unsere-schnaeppchen-mit-verlaengerter-garantiedauer\/unsere-schnaeppchen-mit-verlaengerter-garantiedauer-autoshow-7\/\" class=\"wp-image-59922\"><\/figure><\/li><li class=\"blocks-gallery-item\"><figure><img decoding=\"async\" src=\"https:\/\/autoshow.ch\/wp-content\/uploads\/2025\/12\/unsere-schnaeppchen-mit-verlaengerter-garantiedauer-autoshow-6.png\" alt=\"As nossas pechinchas com garantia prolongada - Autoshow Aathal AG 5\" data-id=\"59918\" data-full-url=\"https:\/\/autoshow.ch\/wp-content\/uploads\/2025\/12\/unsere-schnaeppchen-mit-verlaengerter-garantiedauer-autoshow-6.png\" data-link=\"https:\/\/autoshow.ch\/news\/unsere-schnaeppchen-mit-verlaengerter-garantiedauer\/unsere-schnaeppchen-mit-verlaengerter-garantiedauer-autoshow-6\/\" class=\"wp-image-59918\"><\/figure><\/li><li class=\"blocks-gallery-item\"><figure><img decoding=\"async\" src=\"https:\/\/autoshow.ch\/wp-content\/uploads\/2025\/12\/unsere-schnaeppchen-mit-verlaengerter-garantiedauer-autoshow-5.png\" alt=\"As nossas pechinchas com garantia prolongada - Autoshow Aathal AG 4\" data-id=\"59914\" data-full-url=\"https:\/\/autoshow.ch\/wp-content\/uploads\/2025\/12\/unsere-schnaeppchen-mit-verlaengerter-garantiedauer-autoshow-5.png\" data-link=\"https:\/\/autoshow.ch\/news\/unsere-schnaeppchen-mit-verlaengerter-garantiedauer\/unsere-schnaeppchen-mit-verlaengerter-garantiedauer-autoshow-5\/\" class=\"wp-image-59914\"><\/figure><\/li><li class=\"blocks-gallery-item\"><figure><img decoding=\"async\" src=\"https:\/\/autoshow.ch\/wp-content\/uploads\/2025\/12\/unsere-schnaeppchen-mit-verlaengerter-garantiedauer-autoshow-4.png\" alt=\"As nossas pechinchas com garantia prolongada - Autoshow Aathal AG 3\" data-id=\"59910\" data-full-url=\"https:\/\/autoshow.ch\/wp-content\/uploads\/2025\/12\/unsere-schnaeppchen-mit-verlaengerter-garantiedauer-autoshow-4.png\" data-link=\"https:\/\/autoshow.ch\/news\/unsere-schnaeppchen-mit-verlaengerter-garantiedauer\/unsere-schnaeppchen-mit-verlaengerter-garantiedauer-autoshow-4\/\" class=\"wp-image-59910\"><\/figure><\/li><\/ul><\/figure>\n\n<p>Os nos\u00adsos <a href=\"https:\/\/autoshow.ch\/?make=opel\">Opel Karl<\/a> e <a href=\"https:\/\/autoshow.ch\/?make=skoda\">Sko\u00adda Scala<\/a> exis\u00adtem em v\u00e1rias cores, dispon\u00edveis enquan\u00adto hou\u00adver stock. Nas nos\u00adsas garan\u00adtias de exten\u00ads\u00e3o tra\u00adbal\u00adhamos com o nos\u00adso par\u00adceiro NSA, por isso n\u00e3o tens qual\u00adquer desvan\u00adtagem em rela\u00e7\u00e3o \u00e0 garan\u00adtia do fab\u00adri\u00adcante. <br><br>Ter\u00ade\u00admos todo o gos\u00adto em acon\u00adsel\u00adhar-te por tele\u00adfone e online. V\u00ea tam\u00adb\u00e9m a nos\u00adsa exposi\u00e7\u00e3o de ve\u00edcu\u00adlos online na <a href=\"https:\/\/autoshow.ch\/autos\/\">home\u00adpage da Autoshow Aathal<\/a>. <\/p>\n\n<figure class=\"wp-block-image size-large\"><img decoding=\"async\" src=\"https:\/\/autoshow.ch\/wp-content\/uploads\/2025\/12\/neue-homepage-autoshow-22-scaled.jpg\" alt=\"Nova homepage - Autoshow Aathal AG 8\" class=\"wp-image-58971\"><\/figure>\n","protected":false},"excerpt":{"rendered":"<p>PROMO\u00c7\u00c3O: As nos\u00adsas pech\u00adin\u00adchas com garan\u00adtia p\u2026<\/p>\n","protected":false},"author":31,"featured_media":226309,"comment_status":"closed","ping_status":"closed","sticky":false,"template":"","format":"standard","meta":{"_acf_changed":false,"inline_featured_image":false,"wp_typography_post_enhancements_disabled":false,"footnotes":""},"categories":[666],"tags":[],"class_list":["post-226308","post","type-post","status-publish","format-standard","has-post-thumbnail","hentry","category-promocao"],"acf":[],"yoast_head":"<!-- This site is optimized with the Yoast SEO plugin v27.4 - https:\/\/yoast.com\/product\/yoast-seo-wordpress\/ -->\n<title>As nossas pechinchas com garantia prolongada | Autoshow Aathal AG<\/title>\n<meta name=\"description\" content=\"PROMO\u00c7\u00c3O: As nossas pechinchas com garantia prolongada\" \/>\n<meta name=\"robots\" content=\"index, follow, max-snippet:-1, max-image-preview:large, max-video-preview:-1\" \/>\n<link rel=\"canonical\" href=\"https:\/\/autoshow.ch\/pt-pt\/news\/as-nossas-pechinchas-com-garantia-prolongada\/\" \/>\n<meta property=\"og:locale\" content=\"pt_PT\" \/>\n<meta property=\"og:type\" content=\"article\" \/>\n<meta property=\"og:title\" content=\"As nossas pechinchas com garantia prolongada | Autoshow Aathal AG\" \/>\n<meta property=\"og:description\" content=\"PROMO\u00c7\u00c3O: As nossas pechinchas com garantia prolongada\" \/>\n<meta property=\"og:url\" content=\"https:\/\/autoshow.ch\/pt-pt\/news\/as-nossas-pechinchas-com-garantia-prolongada\/\" \/>\n<meta property=\"og:site_name\" content=\"Autoshow Aathal AG\" \/>\n<meta property=\"article:publisher\" content=\"https:\/\/www.facebook.com\/autoshow.ch\" \/>\n<meta property=\"article:published_time\" content=\"2020-04-07T11:34:48+00:00\" \/>\n<meta property=\"article:modified_time\" content=\"2026-04-10T08:12:14+00:00\" \/>\n<meta property=\"og:image\" content=\"https:\/\/autoshow.ch\/wp-content\/uploads\/2025\/12\/neue-homepage-autoshow-21-scaled-1.jpg\" \/>\n\t<meta property=\"og:image:width\" content=\"1536\" \/>\n\t<meta property=\"og:image:height\" content=\"1152\" \/>\n\t<meta property=\"og:image:type\" content=\"image\/jpeg\" \/>\n<meta name=\"author\" content=\"Marketing Autoshow\" \/>\n<meta name=\"twitter:card\" content=\"summary_large_image\" \/>\n<!-- \/ Yoast SEO plugin. -->","yoast_head_json":{"title":"As nossas pechinchas com garantia prolongada | Autoshow Aathal AG","description":"PROMO\u00c7\u00c3O: As nossas pechinchas com garantia prolongada","robots":{"index":"index","follow":"follow","max-snippet":"max-snippet:-1","max-image-preview":"max-image-preview:large","max-video-preview":"max-video-preview:-1"},"canonical":"https:\/\/autoshow.ch\/pt-pt\/news\/as-nossas-pechinchas-com-garantia-prolongada\/","og_locale":"pt_PT","og_type":"article","og_title":"As nossas pechinchas com garantia prolongada | Autoshow Aathal AG","og_description":"PROMO\u00c7\u00c3O: As nossas pechinchas com garantia prolongada","og_url":"https:\/\/autoshow.ch\/pt-pt\/news\/as-nossas-pechinchas-com-garantia-prolongada\/","og_site_name":"Autoshow Aathal AG","article_publisher":"https:\/\/www.facebook.com\/autoshow.ch","article_published_time":"2020-04-07T11:34:48+00:00","article_modified_time":"2026-04-10T08:12:14+00:00","og_image":[{"width":1536,"height":1152,"url":"https:\/\/autoshow.ch\/wp-content\/uploads\/2025\/12\/neue-homepage-autoshow-21-scaled-1.jpg","type":"image\/jpeg"}],"author":"Marketing Autoshow","twitter_card":"summary_large_image","schema":{"@context":"https:\/\/schema.org","@graph":[{"@type":["Article","BlogPosting"],"@id":"https:\/\/autoshow.ch\/pt-pt\/news\/as-nossas-pechinchas-com-garantia-prolongada\/#article","isPartOf":{"@id":"https:\/\/autoshow.ch\/pt-pt\/news\/as-nossas-pechinchas-com-garantia-prolongada\/"},"author":{"name":"Marketing Autoshow","@id":"https:\/\/autoshow.ch\/pt-pt\/#\/schema\/person\/0fc96e1a12fbe3a05e1059e7b26ca148"},"headline":"As nossas pechinchas com garantia prolongada","datePublished":"2020-04-07T11:34:48+00:00","dateModified":"2026-04-10T08:12:14+00:00","mainEntityOfPage":{"@id":"https:\/\/autoshow.ch\/pt-pt\/news\/as-nossas-pechinchas-com-garantia-prolongada\/"},"wordCount":241,"publisher":{"@id":"https:\/\/autoshow.ch\/pt-pt\/#organization"},"image":{"@id":"https:\/\/autoshow.ch\/pt-pt\/news\/as-nossas-pechinchas-com-garantia-prolongada\/#primaryimage"},"thumbnailUrl":"https:\/\/autoshow.ch\/wp-content\/uploads\/2025\/12\/neue-homepage-autoshow-21-scaled-1.jpg","articleSection":["PROMO\u00c7\u00c3O"],"inLanguage":"pt-PT"},{"@type":"WebPage","@id":"https:\/\/autoshow.ch\/pt-pt\/news\/as-nossas-pechinchas-com-garantia-prolongada\/","url":"https:\/\/autoshow.ch\/pt-pt\/news\/as-nossas-pechinchas-com-garantia-prolongada\/","name":"As nossas pechinchas com garantia prolongada | Autoshow Aathal AG","isPartOf":{"@id":"https:\/\/autoshow.ch\/pt-pt\/#website"},"primaryImageOfPage":{"@id":"https:\/\/autoshow.ch\/pt-pt\/news\/as-nossas-pechinchas-com-garantia-prolongada\/#primaryimage"},"image":{"@id":"https:\/\/autoshow.ch\/pt-pt\/news\/as-nossas-pechinchas-com-garantia-prolongada\/#primaryimage"},"thumbnailUrl":"https:\/\/autoshow.ch\/wp-content\/uploads\/2025\/12\/neue-homepage-autoshow-21-scaled-1.jpg","datePublished":"2020-04-07T11:34:48+00:00","dateModified":"2026-04-10T08:12:14+00:00","description":"PROMO\u00c7\u00c3O: As nossas pechinchas com garantia prolongada","breadcrumb":{"@id":"https:\/\/autoshow.ch\/pt-pt\/news\/as-nossas-pechinchas-com-garantia-prolongada\/#breadcrumb"},"inLanguage":"pt-PT","potentialAction":[{"@type":"ReadAction","target":["https:\/\/autoshow.ch\/pt-pt\/news\/as-nossas-pechinchas-com-garantia-prolongada\/"]}]},{"@type":"ImageObject","inLanguage":"pt-PT","@id":"https:\/\/autoshow.ch\/pt-pt\/news\/as-nossas-pechinchas-com-garantia-prolongada\/#primaryimage","url":"https:\/\/autoshow.ch\/wp-content\/uploads\/2025\/12\/neue-homepage-autoshow-21-scaled-1.jpg","contentUrl":"https:\/\/autoshow.ch\/wp-content\/uploads\/2025\/12\/neue-homepage-autoshow-21-scaled-1.jpg","width":1536,"height":1152,"caption":"As nossas pechinchas com garantia prolongada - Autoshow Aathal AG perto de Uster oferece viaturas usadas e novas a bons pre\u00e7os 9"},{"@type":"BreadcrumbList","@id":"https:\/\/autoshow.ch\/pt-pt\/news\/as-nossas-pechinchas-com-garantia-prolongada\/#breadcrumb","itemListElement":[{"@type":"ListItem","position":1,"name":"Startseite","item":"https:\/\/autoshow.ch\/pt-pt\/"},{"@type":"ListItem","position":2,"name":"As nossas pechinchas com garantia prolongada"}]},{"@type":"WebSite","@id":"https:\/\/autoshow.ch\/pt-pt\/#website","url":"https:\/\/autoshow.ch\/pt-pt\/","name":"Autoshow Aathal AG","description":"bei Uster bietet g\u00fcnstige Occasionen und Neuwagen","publisher":{"@id":"https:\/\/autoshow.ch\/pt-pt\/#organization"},"alternateName":"Autoshow","potentialAction":[{"@type":"SearchAction","target":{"@type":"EntryPoint","urlTemplate":"https:\/\/autoshow.ch\/pt-pt\/?s={search_term_string}"},"query-input":{"@type":"PropertyValueSpecification","valueRequired":true,"valueName":"search_term_string"}}],"inLanguage":"pt-PT"},{"@type":"Organization","@id":"https:\/\/autoshow.ch\/pt-pt\/#organization","name":"Autoshow Aathal AG","alternateName":"Autoshow","url":"https:\/\/autoshow.ch\/pt-pt\/","logo":{"@type":"ImageObject","inLanguage":"pt-PT","@id":"https:\/\/autoshow.ch\/pt-pt\/#\/schema\/logo\/image\/","url":"https:\/\/autoshow.ch\/wp-content\/uploads\/2025\/12\/autoshow-aathal-ag-logo@696x696.png","contentUrl":"https:\/\/autoshow.ch\/wp-content\/uploads\/2025\/12\/autoshow-aathal-ag-logo@696x696.png","width":696,"height":696,"caption":"Autoshow Aathal AG"},"image":{"@id":"https:\/\/autoshow.ch\/pt-pt\/#\/schema\/logo\/image\/"},"sameAs":["https:\/\/www.facebook.com\/autoshow.ch","https:\/\/www.instagram.com\/autoshow_aathal\/","https:\/\/www.linkedin.com\/company\/autoshow-aathal-ag","https:\/\/www.youtube.com\/user\/AutoshowAathal"]},{"@type":"Person","@id":"https:\/\/autoshow.ch\/pt-pt\/#\/schema\/person\/0fc96e1a12fbe3a05e1059e7b26ca148","name":"Marketing Autoshow","image":{"@type":"ImageObject","inLanguage":"pt-PT","@id":"https:\/\/autoshow.ch\/wp-content\/litespeed\/avatar\/46547ed71fe40fb39a471b2711fab529.jpg?ver=1776774629","url":"https:\/\/autoshow.ch\/wp-content\/litespeed\/avatar\/46547ed71fe40fb39a471b2711fab529.jpg?ver=1776774629","contentUrl":"https:\/\/autoshow.ch\/wp-content\/litespeed\/avatar\/46547ed71fe40fb39a471b2711fab529.jpg?ver=1776774629","caption":"Marketing Autoshow"},"sameAs":["https:\/\/autoshow.ch"]}]}},"_links":{"self":[{"href":"https:\/\/autoshow.ch\/pt-pt\/wp-json\/wp\/v2\/posts\/226308","targetHints":{"allow":["GET"]}}],"collection":[{"href":"https:\/\/autoshow.ch\/pt-pt\/wp-json\/wp\/v2\/posts"}],"about":[{"href":"https:\/\/autoshow.ch\/pt-pt\/wp-json\/wp\/v2\/types\/post"}],"author":[{"embeddable":true,"href":"https:\/\/autoshow.ch\/pt-pt\/wp-json\/wp\/v2\/users\/31"}],"replies":[{"embeddable":true,"href":"https:\/\/autoshow.ch\/pt-pt\/wp-json\/wp\/v2\/comments?post=226308"}],"version-history":[{"count":1,"href":"https:\/\/autoshow.ch\/pt-pt\/wp-json\/wp\/v2\/posts\/226308\/revisions"}],"predecessor-version":[{"id":226310,"href":"https:\/\/autoshow.ch\/pt-pt\/wp-json\/wp\/v2\/posts\/226308\/revisions\/226310"}],"wp:featuredmedia":[{"embeddable":true,"href":"https:\/\/autoshow.ch\/pt-pt\/wp-json\/wp\/v2\/media\/226309"}],"wp:attachment":[{"href":"https:\/\/autoshow.ch\/pt-pt\/wp-json\/wp\/v2\/media?parent=226308"}],"wp:term":[{"taxonomy":"category","embeddable":true,"href":"https:\/\/autoshow.ch\/pt-pt\/wp-json\/wp\/v2\/categories?post=226308"},{"taxonomy":"post_tag","embeddable":true,"href":"https:\/\/autoshow.ch\/pt-pt\/wp-json\/wp\/v2\/tags?post=226308"}],"curies":[{"name":"wp","href":"https:\/\/api.w.org\/{rel}","templated":true}]}}