{"id":225549,"date":"2024-07-31T12:02:46","date_gmt":"2024-07-31T10:02:46","guid":{"rendered":"https:\/\/autoshow.ch\/news\/saldos-de-verao\/"},"modified":"2026-04-10T10:05:24","modified_gmt":"2026-04-10T08:05:24","slug":"saldos-de-verao","status":"publish","type":"post","link":"https:\/\/autoshow.ch\/pt-pt\/news\/saldos-de-verao\/","title":{"rendered":"Saldos de Ver\u00e3o"},"content":{"rendered":"\n<h2 class=\"wp-block-heading\">400 carros de 30 marcas com entrega imediata<\/h2>\n\n<p><strong>Pre\u00adcisas de um car\u00adro novo durante ou ap\u00f3s as f\u00e9rias de ver\u00e3o? Temos 400 car\u00adros de 30 mar\u00adcas dispon\u00edveis para entre\u00adga ime\u00addi\u00ada\u00adta em stock. Connosco, os pre\u00e7os e os pra\u00adzos de entre\u00adga baix\u00adam.  <\/strong><\/p>\n\n<p>A Autoshow Aathal d\u00e1 as boas-vin\u00addas ao ver\u00e3o e reduz\u00adiu mas\u00adsi\u00adva\u00admente os pre\u00e7os mais uma vez. Ao mes\u00admo tem\u00adpo, refor\u00e7\u00e1\u00admos o stock para garan\u00adtir que encon\u00adtras o teu car\u00adro de son\u00adho. Quer ten\u00adhas d\u00favi\u00addas sobre a com\u00adpra, o leas\u00ading ou o finan\u00adcia\u00admen\u00adto de um autom\u00f3v\u00adel, encon\u00adtramos a <a href=\"http:\/\/www.autoshow.ch\/autos\">solu\u00e7\u00e3o ade\u00adqua\u00adda<\/a> para cada or\u00e7a\u00admen\u00adto. Al\u00e9m dis\u00adso, todos os nos\u00adsos ve\u00edcu\u00adlos est\u00e3o dispon\u00edveis para entre\u00adga ime\u00addi\u00ada\u00adta a par\u00adtir do stock.   Bas\u00adta decidir, com\u00adprar e levar. Connosco, entre <a href=\"http:\/\/www.autoshow.ch\/autos\">400 ve\u00edcu\u00adlos<\/a>, encon\u00adtrar\u00e1s cer\u00adta\u00admente o teu <a href=\"https:\/\/autoshow.ch\/autos\/\">car\u00adro de son\u00adho<\/a> a pre\u00e7os per\u00adma\u00adnen\u00adte\u00admente baixos em toda a Su\u00ed\u00e7a. <\/p>\n\n<figure class=\"wp-block-image\"><img decoding=\"async\" src=\"https:\/\/autoshow.ch\/wp-content\/uploads\/2025\/12\/Banner.jpeg\" alt=\"  class=\" wp-image-116112><\/figure>\n\n<p>Tam\u00adb\u00e9m ofer\u00ade\u00adce\u00admos pro\u00addu\u00adtos de garan\u00adtia e upgrades de servi\u00e7o con\u00advin\u00adcentes, para que pos\u00adsas ben\u00ade\u00adfi\u00adciar de um <a href=\"https:\/\/autoshow.ch\/dienstleistungen\/\">pacote de tran\u00adquil\u00adi\u00addade total<\/a> no teu <a href=\"https:\/\/autoshow.ch\/autos\/\">ve\u00edcu\u00adlo pre\u00adtendi\u00addo<\/a>. Per\u00adgun\u00adta-nos tam\u00adb\u00e9m por rodas de ver\u00e3o e de inver\u00adno; ofer\u00ade\u00adce\u00admos-te os mel\u00adhores pre\u00e7os. Para o m\u00e1x\u00adi\u00admo praz\u00ader no seu car\u00adro novo. O nos\u00adso lema: escol\u00adher, entrar e con\u00adduzir. <a href=\"https:\/\/autoshow.ch\/dienstleistungen\/\">Do resto<\/a>, trata\u00admos n\u00f3s por ti.<\/p>\n\n<figure class=\"wp-block-gallery has-nested-images columns-default is-cropped wp-block-gallery-1 is-layout-flex wp-block-gallery-is-layout-flex\">\n<figure class=\"wp-block-image\"><img decoding=\"async\" data-id=\"116114\" src=\"https:\/\/autoshow.ch\/wp-content\/uploads\/2025\/12\/Banner-1.jpeg\" alt=\"Saldos de Ver\u00e3o - Autoshow Aathal AG 5\" class=\"wp-image-116114\"><\/figure>\n\n\n\n<figure class=\"wp-block-image\"><img decoding=\"async\" data-id=\"84807\" src=\"https:\/\/autoshow.ch\/wp-content\/uploads\/2025\/12\/home-autoshow-19.jpeg\" alt=\"In\u00edcio - Autoshow Aathal AG 43\" class=\"wp-image-84807\"><\/figure>\n\n\n\n<figure class=\"wp-block-image\"><img decoding=\"async\" data-id=\"101567\" src=\"https:\/\/autoshow.ch\/wp-content\/uploads\/2025\/12\/sommer-sale-autoshow.jpeg\" alt=\"SALDOS de Ver\u00e3o - Autoshow Aathal AG\" class=\"wp-image-101567\"><\/figure>\n\n\n\n<figure class=\"wp-block-image\"><img decoding=\"async\" data-id=\"101569\" src=\"https:\/\/autoshow.ch\/wp-content\/uploads\/2025\/12\/sommer-sale-autoshow-3.jpeg\" alt=\"SALDOS de Ver\u00e3o - Autoshow Aathal AG 2\" class=\"wp-image-101569\"><\/figure>\n\n\n\n<figure class=\"wp-block-image\"><img decoding=\"async\" data-id=\"84815\" src=\"https:\/\/autoshow.ch\/wp-content\/uploads\/2025\/12\/home-autoshow-23.jpeg\" alt=\"In\u00edcio - Autoshow Aathal AG 47\" class=\"wp-image-84815\"><\/figure>\n\n\n\n<figure class=\"wp-block-image\"><img decoding=\"async\" data-id=\"84811\" src=\"https:\/\/autoshow.ch\/wp-content\/uploads\/2025\/12\/home-autoshow-21.jpeg\" alt=\"In\u00edcio - Autoshow Aathal AG 45\" class=\"wp-image-84811\"><\/figure>\n\n\n\n<figure class=\"wp-block-image\"><img decoding=\"async\" data-id=\"83334\" src=\"https:\/\/autoshow.ch\/wp-content\/uploads\/2025\/12\/image0.jpeg\" alt=\"Ofertas especiais a pre\u00e7os imbat\u00edveis - Autoshow Aathal AG 9\" class=\"wp-image-83334\"><\/figure>\n\n\n\n<figure class=\"wp-block-image\"><img decoding=\"async\" data-id=\"101568\" src=\"https:\/\/autoshow.ch\/wp-content\/uploads\/2025\/12\/sommer-sale-autoshow-2.jpeg\" alt=\"SALDOS de Ver\u00e3o - Autoshow Aathal AG 1\" class=\"wp-image-101568\"><\/figure>\n\n\n\n<figure class=\"wp-block-image\"><img decoding=\"async\" data-id=\"101570\" src=\"https:\/\/autoshow.ch\/wp-content\/uploads\/2025\/12\/sommer-sale-autoshow-4.jpeg\" alt=\"SALDOS de Ver\u00e3o - Autoshow Aathal AG 3\" class=\"wp-image-101570\"><\/figure>\n<\/figure>\n\n<p><\/p>\n","protected":false},"excerpt":{"rendered":"<p>Sal\u00addos de Ver\u00e3o: Encon\u00adtra o teu car\u00adro de son\u00adho entre 400 car\u00adros de 30\u2026<\/p>\n","protected":false},"author":31,"featured_media":225551,"comment_status":"closed","ping_status":"closed","sticky":false,"template":"","format":"standard","meta":{"_acf_changed":false,"inline_featured_image":false,"wp_typography_post_enhancements_disabled":false,"footnotes":""},"categories":[631],"tags":[],"class_list":["post-225549","post","type-post","status-publish","format-standard","has-post-thumbnail","hentry","category-noticias"],"acf":[],"yoast_head":"<!-- This site is optimized with the Yoast SEO plugin v27.4 - https:\/\/yoast.com\/product\/yoast-seo-wordpress\/ -->\n<title>Saldos de Ver\u00e3o | Autoshow Aathal AG<\/title>\n<meta name=\"description\" content=\"Saldos de Ver\u00e3o: Encontra o teu carro de sonho entre 400 carros de 30 marcas\" \/>\n<meta name=\"robots\" content=\"index, follow, max-snippet:-1, max-image-preview:large, max-video-preview:-1\" \/>\n<link rel=\"canonical\" href=\"https:\/\/autoshow.ch\/pt-pt\/news\/saldos-de-verao\/\" \/>\n<meta property=\"og:locale\" content=\"pt_PT\" \/>\n<meta property=\"og:type\" content=\"article\" \/>\n<meta property=\"og:title\" content=\"Saldos de Ver\u00e3o | Autoshow Aathal AG\" \/>\n<meta property=\"og:description\" content=\"Saldos de Ver\u00e3o: Encontra o teu carro de sonho entre 400 carros de 30 marcas\" \/>\n<meta property=\"og:url\" content=\"https:\/\/autoshow.ch\/pt-pt\/news\/saldos-de-verao\/\" \/>\n<meta property=\"og:site_name\" content=\"Autoshow Aathal AG\" \/>\n<meta property=\"article:publisher\" content=\"https:\/\/www.facebook.com\/autoshow.ch\" \/>\n<meta property=\"article:published_time\" content=\"2024-07-31T10:02:46+00:00\" \/>\n<meta property=\"article:modified_time\" content=\"2026-04-10T08:05:24+00:00\" \/>\n<meta property=\"og:image\" content=\"https:\/\/autoshow.ch\/wp-content\/uploads\/2025\/12\/wir-koennen-liefern-autoshow-1.jpeg\" \/>\n\t<meta property=\"og:image:width\" content=\"960\" \/>\n\t<meta property=\"og:image:height\" content=\"960\" \/>\n\t<meta property=\"og:image:type\" content=\"image\/jpeg\" \/>\n<meta name=\"author\" content=\"Marketing Autoshow\" \/>\n<meta name=\"twitter:card\" content=\"summary_large_image\" \/>\n<!-- \/ Yoast SEO plugin. -->","yoast_head_json":{"title":"Saldos de Ver\u00e3o | Autoshow Aathal AG","description":"Saldos de Ver\u00e3o: Encontra o teu carro de sonho entre 400 carros de 30 marcas","robots":{"index":"index","follow":"follow","max-snippet":"max-snippet:-1","max-image-preview":"max-image-preview:large","max-video-preview":"max-video-preview:-1"},"canonical":"https:\/\/autoshow.ch\/pt-pt\/news\/saldos-de-verao\/","og_locale":"pt_PT","og_type":"article","og_title":"Saldos de Ver\u00e3o | Autoshow Aathal AG","og_description":"Saldos de Ver\u00e3o: Encontra o teu carro de sonho entre 400 carros de 30 marcas","og_url":"https:\/\/autoshow.ch\/pt-pt\/news\/saldos-de-verao\/","og_site_name":"Autoshow Aathal AG","article_publisher":"https:\/\/www.facebook.com\/autoshow.ch","article_published_time":"2024-07-31T10:02:46+00:00","article_modified_time":"2026-04-10T08:05:24+00:00","og_image":[{"width":960,"height":960,"url":"https:\/\/autoshow.ch\/wp-content\/uploads\/2025\/12\/wir-koennen-liefern-autoshow-1.jpeg","type":"image\/jpeg"}],"author":"Marketing Autoshow","twitter_card":"summary_large_image","schema":{"@context":"https:\/\/schema.org","@graph":[{"@type":["Article","BlogPosting"],"@id":"https:\/\/autoshow.ch\/pt-pt\/news\/saldos-de-verao\/#article","isPartOf":{"@id":"https:\/\/autoshow.ch\/pt-pt\/news\/saldos-de-verao\/"},"author":{"name":"Marketing Autoshow","@id":"https:\/\/autoshow.ch\/pt-pt\/#\/schema\/person\/0fc96e1a12fbe3a05e1059e7b26ca148"},"headline":"Saldos de Ver\u00e3o","datePublished":"2024-07-31T10:02:46+00:00","dateModified":"2026-04-10T08:05:24+00:00","mainEntityOfPage":{"@id":"https:\/\/autoshow.ch\/pt-pt\/news\/saldos-de-verao\/"},"wordCount":217,"publisher":{"@id":"https:\/\/autoshow.ch\/pt-pt\/#organization"},"image":{"@id":"https:\/\/autoshow.ch\/pt-pt\/news\/saldos-de-verao\/#primaryimage"},"thumbnailUrl":"https:\/\/autoshow.ch\/wp-content\/uploads\/2025\/12\/wir-koennen-liefern-autoshow-1.jpeg","articleSection":["Not\u00edcias"],"inLanguage":"pt-PT"},{"@type":"WebPage","@id":"https:\/\/autoshow.ch\/pt-pt\/news\/saldos-de-verao\/","url":"https:\/\/autoshow.ch\/pt-pt\/news\/saldos-de-verao\/","name":"Saldos de Ver\u00e3o | Autoshow Aathal AG","isPartOf":{"@id":"https:\/\/autoshow.ch\/pt-pt\/#website"},"primaryImageOfPage":{"@id":"https:\/\/autoshow.ch\/pt-pt\/news\/saldos-de-verao\/#primaryimage"},"image":{"@id":"https:\/\/autoshow.ch\/pt-pt\/news\/saldos-de-verao\/#primaryimage"},"thumbnailUrl":"https:\/\/autoshow.ch\/wp-content\/uploads\/2025\/12\/wir-koennen-liefern-autoshow-1.jpeg","datePublished":"2024-07-31T10:02:46+00:00","dateModified":"2026-04-10T08:05:24+00:00","description":"Saldos de Ver\u00e3o: Encontra o teu carro de sonho entre 400 carros de 30 marcas","breadcrumb":{"@id":"https:\/\/autoshow.ch\/pt-pt\/news\/saldos-de-verao\/#breadcrumb"},"inLanguage":"pt-PT","potentialAction":[{"@type":"ReadAction","target":["https:\/\/autoshow.ch\/pt-pt\/news\/saldos-de-verao\/"]}]},{"@type":"ImageObject","inLanguage":"pt-PT","@id":"https:\/\/autoshow.ch\/pt-pt\/news\/saldos-de-verao\/#primaryimage","url":"https:\/\/autoshow.ch\/wp-content\/uploads\/2025\/12\/wir-koennen-liefern-autoshow-1.jpeg","contentUrl":"https:\/\/autoshow.ch\/wp-content\/uploads\/2025\/12\/wir-koennen-liefern-autoshow-1.jpeg","width":960,"height":960,"caption":"Saldos de Ver\u00e3o - A Autoshow Aathal AG em Uster oferece carros usados e novos a pre\u00e7os baixos 7"},{"@type":"BreadcrumbList","@id":"https:\/\/autoshow.ch\/pt-pt\/news\/saldos-de-verao\/#breadcrumb","itemListElement":[{"@type":"ListItem","position":1,"name":"Startseite","item":"https:\/\/autoshow.ch\/pt-pt\/"},{"@type":"ListItem","position":2,"name":"Saldos de Ver\u00e3o"}]},{"@type":"WebSite","@id":"https:\/\/autoshow.ch\/pt-pt\/#website","url":"https:\/\/autoshow.ch\/pt-pt\/","name":"Autoshow Aathal AG","description":"bei Uster bietet g\u00fcnstige Occasionen und Neuwagen","publisher":{"@id":"https:\/\/autoshow.ch\/pt-pt\/#organization"},"alternateName":"Autoshow","potentialAction":[{"@type":"SearchAction","target":{"@type":"EntryPoint","urlTemplate":"https:\/\/autoshow.ch\/pt-pt\/?s={search_term_string}"},"query-input":{"@type":"PropertyValueSpecification","valueRequired":true,"valueName":"search_term_string"}}],"inLanguage":"pt-PT"},{"@type":"Organization","@id":"https:\/\/autoshow.ch\/pt-pt\/#organization","name":"Autoshow Aathal AG","alternateName":"Autoshow","url":"https:\/\/autoshow.ch\/pt-pt\/","logo":{"@type":"ImageObject","inLanguage":"pt-PT","@id":"https:\/\/autoshow.ch\/pt-pt\/#\/schema\/logo\/image\/","url":"https:\/\/autoshow.ch\/wp-content\/uploads\/2025\/12\/autoshow-aathal-ag-logo@696x696.png","contentUrl":"https:\/\/autoshow.ch\/wp-content\/uploads\/2025\/12\/autoshow-aathal-ag-logo@696x696.png","width":696,"height":696,"caption":"Autoshow Aathal AG"},"image":{"@id":"https:\/\/autoshow.ch\/pt-pt\/#\/schema\/logo\/image\/"},"sameAs":["https:\/\/www.facebook.com\/autoshow.ch","https:\/\/www.instagram.com\/autoshow_aathal\/","https:\/\/www.linkedin.com\/company\/autoshow-aathal-ag","https:\/\/www.youtube.com\/user\/AutoshowAathal"]},{"@type":"Person","@id":"https:\/\/autoshow.ch\/pt-pt\/#\/schema\/person\/0fc96e1a12fbe3a05e1059e7b26ca148","name":"Marketing Autoshow","image":{"@type":"ImageObject","inLanguage":"pt-PT","@id":"https:\/\/autoshow.ch\/wp-content\/litespeed\/avatar\/46547ed71fe40fb39a471b2711fab529.jpg?ver=1776774629","url":"https:\/\/autoshow.ch\/wp-content\/litespeed\/avatar\/46547ed71fe40fb39a471b2711fab529.jpg?ver=1776774629","contentUrl":"https:\/\/autoshow.ch\/wp-content\/litespeed\/avatar\/46547ed71fe40fb39a471b2711fab529.jpg?ver=1776774629","caption":"Marketing Autoshow"},"sameAs":["https:\/\/autoshow.ch"]}]}},"_links":{"self":[{"href":"https:\/\/autoshow.ch\/pt-pt\/wp-json\/wp\/v2\/posts\/225549","targetHints":{"allow":["GET"]}}],"collection":[{"href":"https:\/\/autoshow.ch\/pt-pt\/wp-json\/wp\/v2\/posts"}],"about":[{"href":"https:\/\/autoshow.ch\/pt-pt\/wp-json\/wp\/v2\/types\/post"}],"author":[{"embeddable":true,"href":"https:\/\/autoshow.ch\/pt-pt\/wp-json\/wp\/v2\/users\/31"}],"replies":[{"embeddable":true,"href":"https:\/\/autoshow.ch\/pt-pt\/wp-json\/wp\/v2\/comments?post=225549"}],"version-history":[{"count":1,"href":"https:\/\/autoshow.ch\/pt-pt\/wp-json\/wp\/v2\/posts\/225549\/revisions"}],"predecessor-version":[{"id":225552,"href":"https:\/\/autoshow.ch\/pt-pt\/wp-json\/wp\/v2\/posts\/225549\/revisions\/225552"}],"wp:featuredmedia":[{"embeddable":true,"href":"https:\/\/autoshow.ch\/pt-pt\/wp-json\/wp\/v2\/media\/225551"}],"wp:attachment":[{"href":"https:\/\/autoshow.ch\/pt-pt\/wp-json\/wp\/v2\/media?parent=225549"}],"wp:term":[{"taxonomy":"category","embeddable":true,"href":"https:\/\/autoshow.ch\/pt-pt\/wp-json\/wp\/v2\/categories?post=225549"},{"taxonomy":"post_tag","embeddable":true,"href":"https:\/\/autoshow.ch\/pt-pt\/wp-json\/wp\/v2\/tags?post=225549"}],"curies":[{"name":"wp","href":"https:\/\/api.w.org\/{rel}","templated":true}]}}