{"id":225507,"date":"2021-11-17T12:50:05","date_gmt":"2021-11-17T11:50:05","guid":{"rendered":"https:\/\/autoshow.ch\/news\/tele-z-em-visita-a-aathal\/"},"modified":"2026-04-10T10:04:59","modified_gmt":"2026-04-10T08:04:59","slug":"tele-z-em-visita-a-aathal","status":"publish","type":"post","link":"https:\/\/autoshow.ch\/pt-pt\/news\/tele-z-em-visita-a-aathal\/","title":{"rendered":"Tele Z em visita a Aathal"},"content":{"rendered":"\n<h2 class=\"wp-block-heading\">Hype em torno de carros usados na Su\u00ed\u00e7a<\/h2>\n\n<p><strong>A Tele Z repor\u00adta sobre a forte procu\u00adra por car\u00adros usa\u00addos no com\u00e9r\u00adcio autom\u00f3v\u00adel su\u00ed\u00e7o.<\/strong> <strong><a href=\"https:\/\/www.telez.ch\/tele-z-aktuell-beitrag-16-11-2021-b3-2-2-3_28860\/\">Para ver online aqui<\/a> na edi\u00e7\u00e3o de 16 de novem\u00adbro de 2021.<\/strong><\/p>\n\n<p>Ao con\u00adtr\u00e1rio da situ\u00ada\u00e7\u00e3o atu\u00adal do mer\u00adca\u00addo, na Autoshow Aathal temos cer\u00adca de 400 car\u00adros de 30 mar\u00adcas em stock, dispon\u00edveis para entre\u00adga ime\u00addi\u00ada\u00adta. N\u00e3o s\u00f3 temos pre\u00e7os baixos, mas, aci\u00adma de tudo, pra\u00adzos de entre\u00adga muito cur\u00adtos. Connosco, encon\u00adtrar\u00e1s o teu ve\u00edcu\u00adlo de son\u00adho entre 400 car\u00adros em stock, a pre\u00e7os per\u00adma\u00adnen\u00adte\u00admente baixos em toda a Su\u00ed\u00e7a. Seja qual for a tua quest\u00e3o sobre com\u00adpra, leas\u00ading ou finan\u00adcia\u00admen\u00adto de autom\u00f3veis. Todos os nos\u00adsos ve\u00edcu\u00adlos est\u00e3o dispon\u00edveis para entre\u00adga dire\u00adta do stock. Bas\u00adta decidir, com\u00adprar e levar. Encon\u00adtramos a solu\u00e7\u00e3o cer\u00adta para cada or\u00e7a\u00admen\u00adto. Connosco, encon\u00adtrar\u00e1s cer\u00adta\u00admente o teu <a href=\"https:\/\/autoshow.ch\/autos\/\">car\u00adro de son\u00adho<\/a> entre 400 ve\u00edcu\u00adlos, a pre\u00e7os per\u00adma\u00adnen\u00adte\u00admente baixos em toda a Su\u00ed\u00e7a.        <\/p>\n\n<figure class=\"wp-block-image\"><img decoding=\"async\" src=\"https:\/\/autoshow.ch\/wp-content\/uploads\/2025\/12\/Bildschirmfoto-2021-11-17-um-13.49.00.jpg\" alt=\"  class=\" wp-image-110181><\/figure>\n\n<p>Connosco, encon\u00adtrar\u00e1 tam\u00adb\u00e9m pro\u00addu\u00adtos de garan\u00adtia e atu\u00adal\u00adiza\u00ad\u00e7\u00f5es de servi\u00e7o con\u00advin\u00adcentes, para que pos\u00adsa ben\u00ade\u00adfi\u00adciar de um pacote com\u00adple\u00adto e sem pre\u00adocu\u00adpa\u00e7\u00f5es no seu <a href=\"https:\/\/autoshow.ch\/autos\/\">ve\u00edcu\u00adlo de son\u00adho<\/a>. E, claro, podemos ofer\u00ade\u00adcer-te as mel\u00adhores pro\u00adpostas de seguro autom\u00f3v\u00adel de v\u00e1rios par\u00adceiros de seguros. Per\u00adgunte-nos tam\u00adb\u00e9m sobre pneus de inver\u00adno, ofer\u00ade\u00adce\u00admos-lhe os mel\u00adhores pre\u00e7os. Para o m\u00e1x\u00adi\u00admo praz\u00ader no seu car\u00adro novo.<\/p>\n\n<figure class=\"wp-block-gallery columns-3 is-cropped wp-block-gallery-1 is-layout-flex wp-block-gallery-is-layout-flex\"><ul class=\"blocks-gallery-grid\"><li class=\"blocks-gallery-item\"><figure><img decoding=\"async\" src=\"https:\/\/autoshow.ch\/wp-content\/uploads\/2025\/12\/herbstrauschen-autoshow-2.jpg\" alt=\"Promo\u00e7\u00e3o de Outono - Autoshow Aathal AG 1\" data-id=\"88213\" data-full-url=\"https:\/\/autoshow.ch\/wp-content\/uploads\/2025\/12\/herbstrauschen-autoshow-2.jpg\" data-link=\"https:\/\/autoshow.ch\/?attachment_id=88213\" class=\"wp-image-88213\"><\/figure><\/li><li class=\"blocks-gallery-item\"><figure><img decoding=\"async\" src=\"https:\/\/autoshow.ch\/wp-content\/uploads\/2025\/12\/home-autoshow-19.jpeg\" alt=\"In\u00edcio - Autoshow Aathal AG 43\" data-id=\"84807\" data-full-url=\"https:\/\/autoshow.ch\/wp-content\/uploads\/2025\/12\/home-autoshow-19.jpeg\" data-link=\"https:\/\/autoshow.ch\/home\/home-autoshow-19\/\" class=\"wp-image-84807\"><\/figure><\/li><li class=\"blocks-gallery-item\"><figure><img decoding=\"async\" src=\"https:\/\/autoshow.ch\/wp-content\/uploads\/2025\/12\/home-autoshow-23.jpeg\" alt=\"In\u00edcio - Autoshow Aathal AG 47\" data-id=\"84815\" data-full-url=\"https:\/\/autoshow.ch\/wp-content\/uploads\/2025\/12\/home-autoshow-23.jpeg\" data-link=\"https:\/\/autoshow.ch\/home\/home-autoshow-23\/\" class=\"wp-image-84815\"><\/figure><\/li><li class=\"blocks-gallery-item\"><figure><img decoding=\"async\" src=\"https:\/\/autoshow.ch\/wp-content\/uploads\/2025\/12\/home-autoshow-21.jpeg\" alt=\"In\u00edcio - Autoshow Aathal AG 45\" data-id=\"84811\" data-full-url=\"https:\/\/autoshow.ch\/wp-content\/uploads\/2025\/12\/home-autoshow-21.jpeg\" data-link=\"https:\/\/autoshow.ch\/home\/home-autoshow-21\/\" class=\"wp-image-84811\"><\/figure><\/li><li class=\"blocks-gallery-item\"><figure><img decoding=\"async\" src=\"https:\/\/autoshow.ch\/wp-content\/uploads\/2025\/12\/image0.jpeg\" alt=\"Ofertas especiais a pre\u00e7os imbat\u00edveis - Autoshow Aathal AG 9\" data-id=\"83334\" data-full-url=\"https:\/\/autoshow.ch\/wp-content\/uploads\/2025\/12\/image0.jpeg\" data-link=\"https:\/\/autoshow.ch\/?attachment_id=83334\" class=\"wp-image-83334\"><\/figure><\/li><li class=\"blocks-gallery-item\"><figure><img decoding=\"async\" src=\"https:\/\/autoshow.ch\/wp-content\/uploads\/2025\/12\/image1.jpeg\" alt=\"Ofertas especiais a pre\u00e7os imbat\u00edveis - Autoshow Aathal AG 8\" data-id=\"83335\" data-full-url=\"https:\/\/autoshow.ch\/wp-content\/uploads\/2025\/12\/image1.jpeg\" data-link=\"https:\/\/autoshow.ch\/?attachment_id=83335\" class=\"wp-image-83335\"><\/figure><\/li><li class=\"blocks-gallery-item\"><figure><img decoding=\"async\" src=\"https:\/\/autoshow.ch\/wp-content\/uploads\/2025\/12\/image2.jpeg\" alt=\"Ofertas especiais a pre\u00e7os imbat\u00edveis - Autoshow Aathal AG 7\" data-id=\"83336\" data-full-url=\"https:\/\/autoshow.ch\/wp-content\/uploads\/2025\/12\/image2.jpeg\" data-link=\"https:\/\/autoshow.ch\/?attachment_id=83336\" class=\"wp-image-83336\"><\/figure><\/li><\/ul><\/figure>\n\n<p><strong>Medi\u00addas de pro\u00adte\u00e7\u00e3o Covid-19 na Autoshow Aathal<\/strong><\/p>\n\n<p>Uma vez que a sa\u00fade dos nos\u00adsos clientes e colab\u00ado\u00adradores \u00e9 a nos\u00adsa prin\u00adci\u00adpal pri\u00ador\u00adi\u00addade, con\u00adtin\u00adu\u00adamos a cumprir as medi\u00addas de pro\u00adte\u00e7\u00e3o Covid-19 da Con\u00adfed\u00ader\u00ada\u00e7\u00e3o, do Can\u00adt\u00e3o e do OFSP. Al\u00e9m dis\u00adso, imple\u00admen\u00adta\u00admos con\u00adsis\u00adten\u00adte\u00admente os con\u00adceitos e estrat\u00e9\u00adgias das nos\u00adsas asso\u00adci\u00ada\u00e7\u00f5es seto\u00adri\u00adais. Out\u00adro pon\u00adto pos\u00adi\u00adti\u00advo \u00e9 que todos os nos\u00adsos ve\u00edcu\u00adlos est\u00e3o no nos\u00adso espa\u00e7o de exposi\u00e7\u00e3o de 5.000 m\u00b2 ao ar livre. N\u00e3o temos um show\u00adroom. Nos nos\u00adsos pos\u00adtos de ven\u00adda, est\u00e1s per\u00adfeita\u00admente pro\u00adte\u00adgi\u00addo gra\u00e7as ao desin\u00adfe\u00adtante para as m\u00e3os, m\u00e1s\u00adcaras de pro\u00adte\u00e7\u00e3o e uma divis\u00f3ria de plex\u00adi\u00adglass.    <\/p>\n","protected":false},"excerpt":{"rendered":"<p>Grande procu\u00adra por car\u00adros em stock \u2014 Hype no mer\u00adca\u00addo de\u2026<\/p>\n","protected":false},"author":31,"featured_media":225508,"comment_status":"closed","ping_status":"closed","sticky":false,"template":"","format":"standard","meta":{"_acf_changed":false,"inline_featured_image":false,"wp_typography_post_enhancements_disabled":false,"footnotes":""},"categories":[631],"tags":[],"class_list":["post-225507","post","type-post","status-publish","format-standard","has-post-thumbnail","hentry","category-noticias"],"acf":[],"yoast_head":"<!-- This site is optimized with the Yoast SEO plugin v27.4 - https:\/\/yoast.com\/product\/yoast-seo-wordpress\/ -->\n<title>Tele Z em visita a Aathal | Autoshow Aathal AG<\/title>\n<meta name=\"description\" content=\"Grande procura por carros em stock - Hype no mercado de usados\" \/>\n<meta name=\"robots\" content=\"index, follow, max-snippet:-1, max-image-preview:large, max-video-preview:-1\" \/>\n<link rel=\"canonical\" href=\"https:\/\/autoshow.ch\/pt-pt\/news\/tele-z-em-visita-a-aathal\/\" \/>\n<meta property=\"og:locale\" content=\"pt_PT\" \/>\n<meta property=\"og:type\" content=\"article\" \/>\n<meta property=\"og:title\" content=\"Tele Z em visita a Aathal | Autoshow Aathal AG\" \/>\n<meta property=\"og:description\" content=\"Grande procura por carros em stock - Hype no mercado de usados\" \/>\n<meta property=\"og:url\" content=\"https:\/\/autoshow.ch\/pt-pt\/news\/tele-z-em-visita-a-aathal\/\" \/>\n<meta property=\"og:site_name\" content=\"Autoshow Aathal AG\" \/>\n<meta property=\"article:publisher\" content=\"https:\/\/www.facebook.com\/autoshow.ch\" \/>\n<meta property=\"article:published_time\" content=\"2021-11-17T11:50:05+00:00\" \/>\n<meta property=\"article:modified_time\" content=\"2026-04-10T08:04:59+00:00\" \/>\n<meta property=\"og:image\" content=\"https:\/\/autoshow.ch\/wp-content\/uploads\/2025\/12\/hype-auf-dem-occasionsmarkt-autoshow.jpg\" \/>\n\t<meta property=\"og:image:width\" content=\"540\" \/>\n\t<meta property=\"og:image:height\" content=\"317\" \/>\n\t<meta property=\"og:image:type\" content=\"image\/jpeg\" \/>\n<meta name=\"author\" content=\"Marketing Autoshow\" \/>\n<meta name=\"twitter:card\" content=\"summary_large_image\" \/>\n<!-- \/ Yoast SEO plugin. -->","yoast_head_json":{"title":"Tele Z em visita a Aathal | Autoshow Aathal AG","description":"Grande procura por carros em stock - Hype no mercado de usados","robots":{"index":"index","follow":"follow","max-snippet":"max-snippet:-1","max-image-preview":"max-image-preview:large","max-video-preview":"max-video-preview:-1"},"canonical":"https:\/\/autoshow.ch\/pt-pt\/news\/tele-z-em-visita-a-aathal\/","og_locale":"pt_PT","og_type":"article","og_title":"Tele Z em visita a Aathal | Autoshow Aathal AG","og_description":"Grande procura por carros em stock - Hype no mercado de usados","og_url":"https:\/\/autoshow.ch\/pt-pt\/news\/tele-z-em-visita-a-aathal\/","og_site_name":"Autoshow Aathal AG","article_publisher":"https:\/\/www.facebook.com\/autoshow.ch","article_published_time":"2021-11-17T11:50:05+00:00","article_modified_time":"2026-04-10T08:04:59+00:00","og_image":[{"width":540,"height":317,"url":"https:\/\/autoshow.ch\/wp-content\/uploads\/2025\/12\/hype-auf-dem-occasionsmarkt-autoshow.jpg","type":"image\/jpeg"}],"author":"Marketing Autoshow","twitter_card":"summary_large_image","schema":{"@context":"https:\/\/schema.org","@graph":[{"@type":["Article","BlogPosting"],"@id":"https:\/\/autoshow.ch\/pt-pt\/news\/tele-z-em-visita-a-aathal\/#article","isPartOf":{"@id":"https:\/\/autoshow.ch\/pt-pt\/news\/tele-z-em-visita-a-aathal\/"},"author":{"name":"Marketing Autoshow","@id":"https:\/\/autoshow.ch\/pt-pt\/#\/schema\/person\/0fc96e1a12fbe3a05e1059e7b26ca148"},"headline":"Tele Z em visita a Aathal","datePublished":"2021-11-17T11:50:05+00:00","dateModified":"2026-04-10T08:04:59+00:00","mainEntityOfPage":{"@id":"https:\/\/autoshow.ch\/pt-pt\/news\/tele-z-em-visita-a-aathal\/"},"wordCount":355,"publisher":{"@id":"https:\/\/autoshow.ch\/pt-pt\/#organization"},"image":{"@id":"https:\/\/autoshow.ch\/pt-pt\/news\/tele-z-em-visita-a-aathal\/#primaryimage"},"thumbnailUrl":"https:\/\/autoshow.ch\/wp-content\/uploads\/2025\/12\/hype-auf-dem-occasionsmarkt-autoshow.jpg","articleSection":["Not\u00edcias"],"inLanguage":"pt-PT"},{"@type":"WebPage","@id":"https:\/\/autoshow.ch\/pt-pt\/news\/tele-z-em-visita-a-aathal\/","url":"https:\/\/autoshow.ch\/pt-pt\/news\/tele-z-em-visita-a-aathal\/","name":"Tele Z em visita a Aathal | Autoshow Aathal AG","isPartOf":{"@id":"https:\/\/autoshow.ch\/pt-pt\/#website"},"primaryImageOfPage":{"@id":"https:\/\/autoshow.ch\/pt-pt\/news\/tele-z-em-visita-a-aathal\/#primaryimage"},"image":{"@id":"https:\/\/autoshow.ch\/pt-pt\/news\/tele-z-em-visita-a-aathal\/#primaryimage"},"thumbnailUrl":"https:\/\/autoshow.ch\/wp-content\/uploads\/2025\/12\/hype-auf-dem-occasionsmarkt-autoshow.jpg","datePublished":"2021-11-17T11:50:05+00:00","dateModified":"2026-04-10T08:04:59+00:00","description":"Grande procura por carros em stock - Hype no mercado de usados","breadcrumb":{"@id":"https:\/\/autoshow.ch\/pt-pt\/news\/tele-z-em-visita-a-aathal\/#breadcrumb"},"inLanguage":"pt-PT","potentialAction":[{"@type":"ReadAction","target":["https:\/\/autoshow.ch\/pt-pt\/news\/tele-z-em-visita-a-aathal\/"]}]},{"@type":"ImageObject","inLanguage":"pt-PT","@id":"https:\/\/autoshow.ch\/pt-pt\/news\/tele-z-em-visita-a-aathal\/#primaryimage","url":"https:\/\/autoshow.ch\/wp-content\/uploads\/2025\/12\/hype-auf-dem-occasionsmarkt-autoshow.jpg","contentUrl":"https:\/\/autoshow.ch\/wp-content\/uploads\/2025\/12\/hype-auf-dem-occasionsmarkt-autoshow.jpg","width":540,"height":317,"caption":"Tele Z em visita a Aathal - Autoshow Aathal AG perto de Uster oferece carros usados e novos a pre\u00e7os acess\u00edveis 1"},{"@type":"BreadcrumbList","@id":"https:\/\/autoshow.ch\/pt-pt\/news\/tele-z-em-visita-a-aathal\/#breadcrumb","itemListElement":[{"@type":"ListItem","position":1,"name":"Startseite","item":"https:\/\/autoshow.ch\/pt-pt\/"},{"@type":"ListItem","position":2,"name":"Tele Z em visita a Aathal"}]},{"@type":"WebSite","@id":"https:\/\/autoshow.ch\/pt-pt\/#website","url":"https:\/\/autoshow.ch\/pt-pt\/","name":"Autoshow Aathal AG","description":"bei Uster bietet g\u00fcnstige Occasionen und Neuwagen","publisher":{"@id":"https:\/\/autoshow.ch\/pt-pt\/#organization"},"alternateName":"Autoshow","potentialAction":[{"@type":"SearchAction","target":{"@type":"EntryPoint","urlTemplate":"https:\/\/autoshow.ch\/pt-pt\/?s={search_term_string}"},"query-input":{"@type":"PropertyValueSpecification","valueRequired":true,"valueName":"search_term_string"}}],"inLanguage":"pt-PT"},{"@type":"Organization","@id":"https:\/\/autoshow.ch\/pt-pt\/#organization","name":"Autoshow Aathal AG","alternateName":"Autoshow","url":"https:\/\/autoshow.ch\/pt-pt\/","logo":{"@type":"ImageObject","inLanguage":"pt-PT","@id":"https:\/\/autoshow.ch\/pt-pt\/#\/schema\/logo\/image\/","url":"https:\/\/autoshow.ch\/wp-content\/uploads\/2025\/12\/autoshow-aathal-ag-logo@696x696.png","contentUrl":"https:\/\/autoshow.ch\/wp-content\/uploads\/2025\/12\/autoshow-aathal-ag-logo@696x696.png","width":696,"height":696,"caption":"Autoshow Aathal AG"},"image":{"@id":"https:\/\/autoshow.ch\/pt-pt\/#\/schema\/logo\/image\/"},"sameAs":["https:\/\/www.facebook.com\/autoshow.ch","https:\/\/www.instagram.com\/autoshow_aathal\/","https:\/\/www.linkedin.com\/company\/autoshow-aathal-ag","https:\/\/www.youtube.com\/user\/AutoshowAathal"]},{"@type":"Person","@id":"https:\/\/autoshow.ch\/pt-pt\/#\/schema\/person\/0fc96e1a12fbe3a05e1059e7b26ca148","name":"Marketing Autoshow","image":{"@type":"ImageObject","inLanguage":"pt-PT","@id":"https:\/\/autoshow.ch\/wp-content\/litespeed\/avatar\/46547ed71fe40fb39a471b2711fab529.jpg?ver=1776774629","url":"https:\/\/autoshow.ch\/wp-content\/litespeed\/avatar\/46547ed71fe40fb39a471b2711fab529.jpg?ver=1776774629","contentUrl":"https:\/\/autoshow.ch\/wp-content\/litespeed\/avatar\/46547ed71fe40fb39a471b2711fab529.jpg?ver=1776774629","caption":"Marketing Autoshow"},"sameAs":["https:\/\/autoshow.ch"]}]}},"_links":{"self":[{"href":"https:\/\/autoshow.ch\/pt-pt\/wp-json\/wp\/v2\/posts\/225507","targetHints":{"allow":["GET"]}}],"collection":[{"href":"https:\/\/autoshow.ch\/pt-pt\/wp-json\/wp\/v2\/posts"}],"about":[{"href":"https:\/\/autoshow.ch\/pt-pt\/wp-json\/wp\/v2\/types\/post"}],"author":[{"embeddable":true,"href":"https:\/\/autoshow.ch\/pt-pt\/wp-json\/wp\/v2\/users\/31"}],"replies":[{"embeddable":true,"href":"https:\/\/autoshow.ch\/pt-pt\/wp-json\/wp\/v2\/comments?post=225507"}],"version-history":[{"count":1,"href":"https:\/\/autoshow.ch\/pt-pt\/wp-json\/wp\/v2\/posts\/225507\/revisions"}],"predecessor-version":[{"id":225509,"href":"https:\/\/autoshow.ch\/pt-pt\/wp-json\/wp\/v2\/posts\/225507\/revisions\/225509"}],"wp:featuredmedia":[{"embeddable":true,"href":"https:\/\/autoshow.ch\/pt-pt\/wp-json\/wp\/v2\/media\/225508"}],"wp:attachment":[{"href":"https:\/\/autoshow.ch\/pt-pt\/wp-json\/wp\/v2\/media?parent=225507"}],"wp:term":[{"taxonomy":"category","embeddable":true,"href":"https:\/\/autoshow.ch\/pt-pt\/wp-json\/wp\/v2\/categories?post=225507"},{"taxonomy":"post_tag","embeddable":true,"href":"https:\/\/autoshow.ch\/pt-pt\/wp-json\/wp\/v2\/tags?post=225507"}],"curies":[{"name":"wp","href":"https:\/\/api.w.org\/{rel}","templated":true}]}}