{"id":227824,"date":"2021-10-01T06:30:00","date_gmt":"2021-10-01T04:30:00","guid":{"rendered":"https:\/\/autoshow.ch\/news\/nous-rendons-la-mobilite-electrique-possible\/"},"modified":"2026-04-10T10:35:38","modified_gmt":"2026-04-10T08:35:38","slug":"nous-rendons-la-mobilite-electrique-possible","status":"publish","type":"post","link":"https:\/\/autoshow.ch\/fr\/news\/nous-rendons-la-mobilite-electrique-possible\/","title":{"rendered":"Nous rendons la mobilit\u00e9 \u00e9lectrique possible"},"content":{"rendered":"\n<h2 class=\"wp-block-heading\">Des prix imbattables sur nos v\u00e9hicules respectueux du CO2<\/h2>\n\n<p><strong>Vous cherchez une alter\u00adna\u00adtive un peu dif\u00adf\u00e9rente ? Chez nous, vous trou\u00adverez d\u2019innombrables motori\u00adsa\u00adtions \u00e9lec\u00adtriques et hybrides, par\u00adti\u00adc\u00aduli\u00e8re\u00adment avan\u00adtageuses en mati\u00e8re de bilan CO2. <\/strong><\/p>\n\n<p>Optez pour nos <a href=\"https:\/\/autoshow.ch\/autos\/co2-freundlich\/\">v\u00e9hicules respectueux du CO2<\/a> et \u00e9conomisez non seule\u00adment du car\u00adbu\u00adrant \u00e0 l\u2019usage, mais surtout de l\u2019argent \u00e0 l\u2019achat.<br>Nous avons forte\u00adment r\u00e9duit les prix de vente de tous nos v\u00e9hicules neufs, v\u00e9hicules de direc\u00adtion et v\u00e9hicules d\u2019occasion respectueux du CO2. Prof\u00aditez d\u00e8s main\u00adtenant de ces <a href=\"https:\/\/autoshow.ch\/autos\/co2-freundlich\/\">offres sp\u00e9\u00adciales<\/a> imbat\u00adta\u00adbles. <\/p>\n\n<figure class=\"wp-block-image\"><img decoding=\"async\" src=\"https:\/\/autoshow.ch\/wp-content\/uploads\/2025\/12\/wir-machen-elektromobilitaet-moeglich-autoshow.jpeg\" alt=\"Nous rendons la mobilit\u00e9 \u00e9lectrique possible - Autoshow Aathal AG 13\" class=\"wp-image-97943\"><\/figure>\n\n<p>Est-ce vrai\u00adment indif\u00adf\u00e9rent d\u2019acheter une voiture \u00e9lec\u00adtrique ou une voiture hybride ? Pour de nom\u00adbreux int\u00e9ress\u00e9s, il est clair qu\u2019ils souhait\u00adent une motori\u00adsa\u00adtion alter\u00adna\u00adtive, mais quelles sont exacte\u00adment les dif\u00adf\u00e9rences entre ces deux types de propul\u00adsion et com\u00adment se man\u00adi\u00adfes\u00adtent-elles au quo\u00adti\u00addi\u00aden ? <\/p>\n\n<p>Si vous souhaitez par\u00adtir plus sou\u00advent en vacances en voiture, l\u2019hybride recharge\u00adable est le meilleur choix. Il est adap\u00adt\u00e9 aux longs tra\u00adjets et, gr\u00e2ce \u00e0 ses deux motori\u00adsa\u00adtions, vous n\u2019avez pas \u00e0 crain\u00addre l\u2019autonomie. <\/p>\n\n<p>Pour des tra\u00adjets pen\u00addu\u00adlaires r\u00e9guliers et plan\u00adi\u00adfi\u00adables avec une infra\u00adstruc\u00adture de recharge disponible, la voiture \u00e9lec\u00adtrique est le com\u00adpagnon id\u00e9al. <\/p>\n\n<figure class=\"wp-block-gallery columns-3 is-cropped wp-block-gallery-1 is-layout-flex wp-block-gallery-is-layout-flex\"><ul class=\"blocks-gallery-grid\"><li class=\"blocks-gallery-item\"><figure><img decoding=\"async\" src=\"https:\/\/autoshow.ch\/wp-content\/uploads\/2025\/12\/Bildschirmfoto-2021-02-17-um-10.06.03.jpg\" alt=\"  data-id=\" data-full-url=\"https:\/\/autoshow.ch\/wp-content\/uploads\/2025\/12\/Bildschirmfoto-2021-02-17-um-10.06.03.jpg\" data-link=\"https:\/\/autoshow.ch\/news\/sparen-sie-treibstoff-und-geld\/bildschirmfoto-2021-02-17-um-10-06-03\/\" class=\"wp-image-96520\"><\/figure><\/li><li class=\"blocks-gallery-item\"><figure><img decoding=\"async\" src=\"https:\/\/autoshow.ch\/wp-content\/uploads\/2025\/12\/Bildschirmfoto-2021-02-17-um-10.06.22.jpg\" alt=\"  data-id=\" data-full-url=\"https:\/\/autoshow.ch\/wp-content\/uploads\/2025\/12\/Bildschirmfoto-2021-02-17-um-10.06.22.jpg\" data-link=\"https:\/\/autoshow.ch\/news\/sparen-sie-treibstoff-und-geld\/bildschirmfoto-2021-02-17-um-10-06-22\/\" class=\"wp-image-96521\"><\/figure><\/li><li class=\"blocks-gallery-item\"><figure><img decoding=\"async\" src=\"https:\/\/autoshow.ch\/wp-content\/uploads\/2025\/12\/Bildschirmfoto-2021-02-17-um-10.06.37.jpg\" alt=\"  data-id=\" data-full-url=\"https:\/\/autoshow.ch\/wp-content\/uploads\/2025\/12\/Bildschirmfoto-2021-02-17-um-10.06.37.jpg\" data-link=\"https:\/\/autoshow.ch\/news\/sparen-sie-treibstoff-und-geld\/bildschirmfoto-2021-02-17-um-10-06-37\/\" class=\"wp-image-96522\"><\/figure><\/li><li class=\"blocks-gallery-item\"><figure><img decoding=\"async\" src=\"https:\/\/autoshow.ch\/wp-content\/uploads\/2025\/12\/Bildschirmfoto-2021-02-17-um-10.07.10.jpg\" alt=\"  data-id=\" data-full-url=\"https:\/\/autoshow.ch\/wp-content\/uploads\/2025\/12\/Bildschirmfoto-2021-02-17-um-10.07.10.jpg\" data-link=\"https:\/\/autoshow.ch\/news\/sparen-sie-treibstoff-und-geld\/bildschirmfoto-2021-02-17-um-10-07-10\/\" class=\"wp-image-96523\"><\/figure><\/li><li class=\"blocks-gallery-item\"><figure><img decoding=\"async\" src=\"https:\/\/autoshow.ch\/wp-content\/uploads\/2025\/12\/Bildschirmfoto-2021-02-17-um-10.08.30.jpg\" alt=\"  data-id=\" data-full-url=\"https:\/\/autoshow.ch\/wp-content\/uploads\/2025\/12\/Bildschirmfoto-2021-02-17-um-10.08.30.jpg\" data-link=\"https:\/\/autoshow.ch\/news\/sparen-sie-treibstoff-und-geld\/bildschirmfoto-2021-02-17-um-10-08-30\/\" class=\"wp-image-96524\"><\/figure><\/li><li class=\"blocks-gallery-item\"><figure><img decoding=\"async\" src=\"https:\/\/autoshow.ch\/wp-content\/uploads\/2025\/12\/Bildschirmfoto-2021-02-17-um-10.09.03.jpg\" alt=\"  data-id=\" data-full-url=\"https:\/\/autoshow.ch\/wp-content\/uploads\/2025\/12\/Bildschirmfoto-2021-02-17-um-10.09.03.jpg\" data-link=\"https:\/\/autoshow.ch\/news\/sparen-sie-treibstoff-und-geld\/bildschirmfoto-2021-02-17-um-10-09-03\/\" class=\"wp-image-96526\"><\/figure><\/li><li class=\"blocks-gallery-item\"><figure><img decoding=\"async\" src=\"https:\/\/autoshow.ch\/wp-content\/uploads\/2025\/12\/Bildschirmfoto-2021-02-17-um-10.09.26.jpg\" alt=\"  data-id=\" data-full-url=\"https:\/\/autoshow.ch\/wp-content\/uploads\/2025\/12\/Bildschirmfoto-2021-02-17-um-10.09.26.jpg\" data-link=\"https:\/\/autoshow.ch\/news\/sparen-sie-treibstoff-und-geld\/bildschirmfoto-2021-02-17-um-10-09-26\/\" class=\"wp-image-96527\"><\/figure><\/li><li class=\"blocks-gallery-item\"><figure><img decoding=\"async\" src=\"https:\/\/autoshow.ch\/wp-content\/uploads\/2025\/12\/Bildschirmfoto-2021-02-17-um-10.09.36.jpg\" alt=\"  data-id=\" data-full-url=\"https:\/\/autoshow.ch\/wp-content\/uploads\/2025\/12\/Bildschirmfoto-2021-02-17-um-10.09.36.jpg\" data-link=\"https:\/\/autoshow.ch\/news\/sparen-sie-treibstoff-und-geld\/bildschirmfoto-2021-02-17-um-10-09-36\/\" class=\"wp-image-96528\"><\/figure><\/li><li class=\"blocks-gallery-item\"><figure><img decoding=\"async\" src=\"https:\/\/autoshow.ch\/wp-content\/uploads\/2025\/12\/Bildschirmfoto-2021-02-17-um-10.09.49.jpg\" alt=\"  data-id=\" data-full-url=\"https:\/\/autoshow.ch\/wp-content\/uploads\/2025\/12\/Bildschirmfoto-2021-02-17-um-10.09.49.jpg\" data-link=\"https:\/\/autoshow.ch\/news\/sparen-sie-treibstoff-und-geld\/bildschirmfoto-2021-02-17-um-10-09-49\/\" class=\"wp-image-96529\"><\/figure><\/li><li class=\"blocks-gallery-item\"><figure><img decoding=\"async\" src=\"https:\/\/autoshow.ch\/wp-content\/uploads\/2025\/12\/Bildschirmfoto-2021-02-17-um-10.10.02.jpg\" alt=\"  data-id=\" data-full-url=\"https:\/\/autoshow.ch\/wp-content\/uploads\/2025\/12\/Bildschirmfoto-2021-02-17-um-10.10.02.jpg\" data-link=\"https:\/\/autoshow.ch\/news\/sparen-sie-treibstoff-und-geld\/bildschirmfoto-2021-02-17-um-10-10-02\/\" class=\"wp-image-96530\"><\/figure><\/li><li class=\"blocks-gallery-item\"><figure><img decoding=\"async\" src=\"https:\/\/autoshow.ch\/wp-content\/uploads\/2025\/12\/Bildschirmfoto-2021-02-17-um-10.10.15.jpg\" alt=\"  data-id=\" data-full-url=\"https:\/\/autoshow.ch\/wp-content\/uploads\/2025\/12\/Bildschirmfoto-2021-02-17-um-10.10.15.jpg\" data-link=\"https:\/\/autoshow.ch\/news\/sparen-sie-treibstoff-und-geld\/bildschirmfoto-2021-02-17-um-10-10-15\/\" class=\"wp-image-96531\"><\/figure><\/li><li class=\"blocks-gallery-item\"><figure><img decoding=\"async\" src=\"https:\/\/autoshow.ch\/wp-content\/uploads\/2025\/12\/Bildschirmfoto-2021-02-17-um-10.10.27.jpg\" alt=\"  data-id=\" data-full-url=\"https:\/\/autoshow.ch\/wp-content\/uploads\/2025\/12\/Bildschirmfoto-2021-02-17-um-10.10.27.jpg\" data-link=\"https:\/\/autoshow.ch\/news\/sparen-sie-treibstoff-und-geld\/bildschirmfoto-2021-02-17-um-10-10-27\/\" class=\"wp-image-96532\"><\/figure><\/li><li class=\"blocks-gallery-item\"><figure><img decoding=\"async\" src=\"https:\/\/autoshow.ch\/wp-content\/uploads\/2025\/12\/Bildschirmfoto-2021-02-17-um-10.10.37.jpg\" alt=\"  data-id=\" data-full-url=\"https:\/\/autoshow.ch\/wp-content\/uploads\/2025\/12\/Bildschirmfoto-2021-02-17-um-10.10.37.jpg\" data-link=\"https:\/\/autoshow.ch\/news\/sparen-sie-treibstoff-und-geld\/bildschirmfoto-2021-02-17-um-10-10-37\/\" class=\"wp-image-96533\"><\/figure><\/li><\/ul><\/figure>\n\n<p>En Suisse, les nou\u00advelles imma\u00adtric\u00adu\u00adla\u00adtions de voitures recharge\u00adables atteignent chaque ann\u00e9e un nou\u00adveau record. La voie vers un avenir \u00e9lec\u00adtrique est trac\u00e9e. Le d\u00e9veloppe\u00adment et l\u2019extension des infra\u00adstruc\u00adtures de recharge pro\u00adgressent \u00e0 grands pas. Les con\u00adstruc\u00adteurs auto\u00admo\u00adbiles investis\u00adsent des mil\u00adliards dans le d\u00e9veloppe\u00adment de la mobil\u00adit\u00e9 \u00e9lec\u00adtrique. L\u2019Europe et la Suisse se situent d\u00e9j\u00e0 au-dessus de la moyenne mon\u00addi\u00adale.    <\/p>\n\n<p>Avez-vous besoin de la bonne <a href=\"https:\/\/autoshow.ch\/dienstleistungen\/elektro-ladestation\/\">borne de recharge<\/a> pour votre domi\u00adcile ou votre entre\u00adprise ? Avec notre <a href=\"https:\/\/autoshow.ch\/dienstleistungen\/elektro-ladestation\/\">parte\u00adnaire<\/a>, nous vous indiquons sans engage\u00adment quelle est la solu\u00adtion adap\u00adt\u00e9e \u00e0 vos besoins et com\u00adbi\u00aden elle co\u00fbte. <\/p>\n\n<p>Quel <a href=\"https:\/\/autoshow.ch\/dienstleistungen\/elektro-ratgeber\/\">type de recharge<\/a> suis-je et quels <a href=\"https:\/\/autoshow.ch\/dienstleistungen\/elektro-ratgeber\/\">types de con\u00adnecteurs<\/a> existe-t-il ? D\u00e9cou\u00advrez-le dans notre <a href=\"https:\/\/autoshow.ch\/dienstleistungen\/elektro-ratgeber\/\">guide \u00e9lec\u00adtrique<\/a>. <\/p>\n","protected":false},"excerpt":{"rendered":"<p>Des prix imbat\u00adta\u00adbles sur nos v\u00e9hicules respectueux du CO2 : \u00e9conomisez du c\u2026<\/p>\n","protected":false},"author":31,"featured_media":227825,"comment_status":"closed","ping_status":"closed","sticky":false,"template":"","format":"standard","meta":{"_acf_changed":false,"inline_featured_image":false,"wp_typography_post_enhancements_disabled":false,"footnotes":""},"categories":[673],"tags":[],"class_list":["post-227824","post","type-post","status-publish","format-standard","has-post-thumbnail","hentry","category-action"],"acf":[],"yoast_head":"<!-- This site is optimized with the Yoast SEO plugin v27.4 - https:\/\/yoast.com\/product\/yoast-seo-wordpress\/ -->\n<title>Nous rendons la mobilit\u00e9 \u00e9lectrique possible | Autoshow Aathal AG<\/title>\n<meta name=\"description\" content=\"Des prix imbattables sur nos v\u00e9hicules respectueux du CO2 : \u00e9conomisez du carburant et surtout de l\u2019argent.\" \/>\n<meta name=\"robots\" content=\"index, follow, max-snippet:-1, max-image-preview:large, max-video-preview:-1\" \/>\n<link rel=\"canonical\" href=\"https:\/\/autoshow.ch\/fr\/news\/nous-rendons-la-mobilite-electrique-possible\/\" \/>\n<meta property=\"og:locale\" content=\"fr_FR\" \/>\n<meta property=\"og:type\" content=\"article\" \/>\n<meta property=\"og:title\" content=\"Nous rendons la mobilit\u00e9 \u00e9lectrique possible | Autoshow Aathal AG\" \/>\n<meta property=\"og:description\" content=\"Des prix imbattables sur nos v\u00e9hicules respectueux du CO2 : \u00e9conomisez du carburant et surtout de l\u2019argent.\" \/>\n<meta property=\"og:url\" content=\"https:\/\/autoshow.ch\/fr\/news\/nous-rendons-la-mobilite-electrique-possible\/\" \/>\n<meta property=\"og:site_name\" content=\"Autoshow Aathal AG\" \/>\n<meta property=\"article:publisher\" content=\"https:\/\/www.facebook.com\/autoshow.ch\" \/>\n<meta property=\"article:published_time\" content=\"2021-10-01T04:30:00+00:00\" \/>\n<meta property=\"article:modified_time\" content=\"2026-04-10T08:35:38+00:00\" \/>\n<meta property=\"og:image\" content=\"https:\/\/autoshow.ch\/wp-content\/uploads\/2025\/12\/wir-machen-elektromobilitaet-moeglich-autoshow.jpeg\" \/>\n\t<meta property=\"og:image:width\" content=\"960\" \/>\n\t<meta property=\"og:image:height\" content=\"960\" \/>\n\t<meta property=\"og:image:type\" content=\"image\/jpeg\" \/>\n<meta name=\"author\" content=\"Marketing Autoshow\" \/>\n<meta name=\"twitter:card\" content=\"summary_large_image\" \/>\n<!-- \/ Yoast SEO plugin. -->","yoast_head_json":{"title":"Nous rendons la mobilit\u00e9 \u00e9lectrique possible | Autoshow Aathal AG","description":"Des prix imbattables sur nos v\u00e9hicules respectueux du CO2 : \u00e9conomisez du carburant et surtout de l\u2019argent.","robots":{"index":"index","follow":"follow","max-snippet":"max-snippet:-1","max-image-preview":"max-image-preview:large","max-video-preview":"max-video-preview:-1"},"canonical":"https:\/\/autoshow.ch\/fr\/news\/nous-rendons-la-mobilite-electrique-possible\/","og_locale":"fr_FR","og_type":"article","og_title":"Nous rendons la mobilit\u00e9 \u00e9lectrique possible | Autoshow Aathal AG","og_description":"Des prix imbattables sur nos v\u00e9hicules respectueux du CO2 : \u00e9conomisez du carburant et surtout de l\u2019argent.","og_url":"https:\/\/autoshow.ch\/fr\/news\/nous-rendons-la-mobilite-electrique-possible\/","og_site_name":"Autoshow Aathal AG","article_publisher":"https:\/\/www.facebook.com\/autoshow.ch","article_published_time":"2021-10-01T04:30:00+00:00","article_modified_time":"2026-04-10T08:35:38+00:00","og_image":[{"width":960,"height":960,"url":"https:\/\/autoshow.ch\/wp-content\/uploads\/2025\/12\/wir-machen-elektromobilitaet-moeglich-autoshow.jpeg","type":"image\/jpeg"}],"author":"Marketing Autoshow","twitter_card":"summary_large_image","schema":{"@context":"https:\/\/schema.org","@graph":[{"@type":["Article","BlogPosting"],"@id":"https:\/\/autoshow.ch\/fr\/news\/nous-rendons-la-mobilite-electrique-possible\/#article","isPartOf":{"@id":"https:\/\/autoshow.ch\/fr\/news\/nous-rendons-la-mobilite-electrique-possible\/"},"author":{"name":"Marketing Autoshow","@id":"https:\/\/autoshow.ch\/fr\/#\/schema\/person\/0fc96e1a12fbe3a05e1059e7b26ca148"},"headline":"Nous rendons la mobilit\u00e9 \u00e9lectrique possible","datePublished":"2021-10-01T04:30:00+00:00","dateModified":"2026-04-10T08:35:38+00:00","mainEntityOfPage":{"@id":"https:\/\/autoshow.ch\/fr\/news\/nous-rendons-la-mobilite-electrique-possible\/"},"wordCount":325,"publisher":{"@id":"https:\/\/autoshow.ch\/fr\/#organization"},"image":{"@id":"https:\/\/autoshow.ch\/fr\/news\/nous-rendons-la-mobilite-electrique-possible\/#primaryimage"},"thumbnailUrl":"https:\/\/autoshow.ch\/wp-content\/uploads\/2025\/12\/wir-machen-elektromobilitaet-moeglich-autoshow.jpeg","articleSection":["ACTION"],"inLanguage":"fr-FR"},{"@type":"WebPage","@id":"https:\/\/autoshow.ch\/fr\/news\/nous-rendons-la-mobilite-electrique-possible\/","url":"https:\/\/autoshow.ch\/fr\/news\/nous-rendons-la-mobilite-electrique-possible\/","name":"Nous rendons la mobilit\u00e9 \u00e9lectrique possible | Autoshow Aathal AG","isPartOf":{"@id":"https:\/\/autoshow.ch\/fr\/#website"},"primaryImageOfPage":{"@id":"https:\/\/autoshow.ch\/fr\/news\/nous-rendons-la-mobilite-electrique-possible\/#primaryimage"},"image":{"@id":"https:\/\/autoshow.ch\/fr\/news\/nous-rendons-la-mobilite-electrique-possible\/#primaryimage"},"thumbnailUrl":"https:\/\/autoshow.ch\/wp-content\/uploads\/2025\/12\/wir-machen-elektromobilitaet-moeglich-autoshow.jpeg","datePublished":"2021-10-01T04:30:00+00:00","dateModified":"2026-04-10T08:35:38+00:00","description":"Des prix imbattables sur nos v\u00e9hicules respectueux du CO2 : \u00e9conomisez du carburant et surtout de l\u2019argent.","breadcrumb":{"@id":"https:\/\/autoshow.ch\/fr\/news\/nous-rendons-la-mobilite-electrique-possible\/#breadcrumb"},"inLanguage":"fr-FR","potentialAction":[{"@type":"ReadAction","target":["https:\/\/autoshow.ch\/fr\/news\/nous-rendons-la-mobilite-electrique-possible\/"]}]},{"@type":"ImageObject","inLanguage":"fr-FR","@id":"https:\/\/autoshow.ch\/fr\/news\/nous-rendons-la-mobilite-electrique-possible\/#primaryimage","url":"https:\/\/autoshow.ch\/wp-content\/uploads\/2025\/12\/wir-machen-elektromobilitaet-moeglich-autoshow.jpeg","contentUrl":"https:\/\/autoshow.ch\/wp-content\/uploads\/2025\/12\/wir-machen-elektromobilitaet-moeglich-autoshow.jpeg","width":960,"height":960,"caption":"Nous rendons la mobilit\u00e9 \u00e9lectrique possible - Autoshow Aathal AG pr\u00e8s d\u2019Uster propose des occasions et des voitures neuves \u00e0 prix avantageux 13"},{"@type":"BreadcrumbList","@id":"https:\/\/autoshow.ch\/fr\/news\/nous-rendons-la-mobilite-electrique-possible\/#breadcrumb","itemListElement":[{"@type":"ListItem","position":1,"name":"Startseite","item":"https:\/\/autoshow.ch\/fr\/"},{"@type":"ListItem","position":2,"name":"Nous rendons la mobilit\u00e9 \u00e9lectrique possible"}]},{"@type":"WebSite","@id":"https:\/\/autoshow.ch\/fr\/#website","url":"https:\/\/autoshow.ch\/fr\/","name":"Autoshow Aathal AG","description":"bei Uster bietet g\u00fcnstige Occasionen und Neuwagen","publisher":{"@id":"https:\/\/autoshow.ch\/fr\/#organization"},"alternateName":"Autoshow","potentialAction":[{"@type":"SearchAction","target":{"@type":"EntryPoint","urlTemplate":"https:\/\/autoshow.ch\/fr\/?s={search_term_string}"},"query-input":{"@type":"PropertyValueSpecification","valueRequired":true,"valueName":"search_term_string"}}],"inLanguage":"fr-FR"},{"@type":"Organization","@id":"https:\/\/autoshow.ch\/fr\/#organization","name":"Autoshow Aathal AG","alternateName":"Autoshow","url":"https:\/\/autoshow.ch\/fr\/","logo":{"@type":"ImageObject","inLanguage":"fr-FR","@id":"https:\/\/autoshow.ch\/fr\/#\/schema\/logo\/image\/","url":"https:\/\/autoshow.ch\/wp-content\/uploads\/2025\/12\/autoshow-aathal-ag-logo@696x696.png","contentUrl":"https:\/\/autoshow.ch\/wp-content\/uploads\/2025\/12\/autoshow-aathal-ag-logo@696x696.png","width":696,"height":696,"caption":"Autoshow Aathal AG"},"image":{"@id":"https:\/\/autoshow.ch\/fr\/#\/schema\/logo\/image\/"},"sameAs":["https:\/\/www.facebook.com\/autoshow.ch","https:\/\/www.instagram.com\/autoshow_aathal\/","https:\/\/www.linkedin.com\/company\/autoshow-aathal-ag","https:\/\/www.youtube.com\/user\/AutoshowAathal"]},{"@type":"Person","@id":"https:\/\/autoshow.ch\/fr\/#\/schema\/person\/0fc96e1a12fbe3a05e1059e7b26ca148","name":"Marketing Autoshow","image":{"@type":"ImageObject","inLanguage":"fr-FR","@id":"https:\/\/autoshow.ch\/wp-content\/litespeed\/avatar\/46547ed71fe40fb39a471b2711fab529.jpg?ver=1776774629","url":"https:\/\/autoshow.ch\/wp-content\/litespeed\/avatar\/46547ed71fe40fb39a471b2711fab529.jpg?ver=1776774629","contentUrl":"https:\/\/autoshow.ch\/wp-content\/litespeed\/avatar\/46547ed71fe40fb39a471b2711fab529.jpg?ver=1776774629","caption":"Marketing Autoshow"},"sameAs":["https:\/\/autoshow.ch"]}]}},"_links":{"self":[{"href":"https:\/\/autoshow.ch\/fr\/wp-json\/wp\/v2\/posts\/227824","targetHints":{"allow":["GET"]}}],"collection":[{"href":"https:\/\/autoshow.ch\/fr\/wp-json\/wp\/v2\/posts"}],"about":[{"href":"https:\/\/autoshow.ch\/fr\/wp-json\/wp\/v2\/types\/post"}],"author":[{"embeddable":true,"href":"https:\/\/autoshow.ch\/fr\/wp-json\/wp\/v2\/users\/31"}],"replies":[{"embeddable":true,"href":"https:\/\/autoshow.ch\/fr\/wp-json\/wp\/v2\/comments?post=227824"}],"version-history":[{"count":1,"href":"https:\/\/autoshow.ch\/fr\/wp-json\/wp\/v2\/posts\/227824\/revisions"}],"predecessor-version":[{"id":227826,"href":"https:\/\/autoshow.ch\/fr\/wp-json\/wp\/v2\/posts\/227824\/revisions\/227826"}],"wp:featuredmedia":[{"embeddable":true,"href":"https:\/\/autoshow.ch\/fr\/wp-json\/wp\/v2\/media\/227825"}],"wp:attachment":[{"href":"https:\/\/autoshow.ch\/fr\/wp-json\/wp\/v2\/media?parent=227824"}],"wp:term":[{"taxonomy":"category","embeddable":true,"href":"https:\/\/autoshow.ch\/fr\/wp-json\/wp\/v2\/categories?post=227824"},{"taxonomy":"post_tag","embeddable":true,"href":"https:\/\/autoshow.ch\/fr\/wp-json\/wp\/v2\/tags?post=227824"}],"curies":[{"name":"wp","href":"https:\/\/api.w.org\/{rel}","templated":true}]}}