{"id":227800,"date":"2020-04-07T13:34:48","date_gmt":"2020-04-07T11:34:48","guid":{"rendered":"https:\/\/autoshow.ch\/news\/nos-bonnes-affaires-avec-une-duree-de-garantie-prolongee\/"},"modified":"2026-04-10T10:35:30","modified_gmt":"2026-04-10T08:35:30","slug":"nos-bonnes-affaires-avec-une-duree-de-garantie-prolongee","status":"publish","type":"post","link":"https:\/\/autoshow.ch\/fr\/news\/nos-bonnes-affaires-avec-une-duree-de-garantie-prolongee\/","title":{"rendered":"Nos bonnes affaires avec une dur\u00e9e de garantie prolong\u00e9e"},"content":{"rendered":"\n<h2 class=\"wp-block-heading\">Optez pour nos petites voitures et compactes intelligentes avec une garantie convaincante<\/h2>\n\n<p>Nous vous pr\u00e9sen\u00adtons l\u2019<a href=\"https:\/\/autoshow.ch\/?make=opel\">Opel Karl <\/a>avec seule\u00adment 1 litre de cylin\u00addr\u00e9e, 73 ch, <br>5 places et 5 portes. La cli\u00adma\u00adti\u00adsa\u00adtion, le sys\u00adt\u00e8me de nav\u00adi\u00adga\u00adtion ain\u00adsi que la radio DAB sont d\u00e9j\u00e0 inclus dans nos mod\u00ad\u00e8les. Ce qui est \u00e9gale\u00adment d\u00e9j\u00e0 com\u00adpris dans le prix : en plus des 2 ans de garantie con\u00adstruc\u00adteur, vous b\u00e9n\u00e9\u00adfi\u00adciez encore de notre garantie com\u00adpl\u00e9\u00admen\u00adtaire \u00ab v\u00e9hicule de moins d\u2019un an \u00bb de 2 ans sup\u00adpl\u00e9\u00admen\u00adtaires.   <strong>Vous b\u00e9n\u00e9\u00adfi\u00adciez de 4 ans de garantie. <\/strong><\/p>\n\n<figure class=\"wp-block-gallery columns-0 is-cropped wp-block-gallery-1 is-layout-flex wp-block-gallery-is-layout-flex\"><ul class=\"blocks-gallery-grid\"><li class=\"blocks-gallery-item\"><figure><img decoding=\"async\" src=\"https:\/\/autoshow.ch\/wp-content\/uploads\/2025\/12\/unsere-schnaeppchen-mit-verlaengerter-garantiedauer-autoshow.png\" alt=\"Nos bonnes affaires avec une dur\u00e9e de garantie prolong\u00e9e - Autoshow Aathal AG\" data-id=\"59895\" data-full-url=\"https:\/\/autoshow.ch\/wp-content\/uploads\/2025\/12\/unsere-schnaeppchen-mit-verlaengerter-garantiedauer-autoshow.png\" data-link=\"https:\/\/autoshow.ch\/news\/unsere-schnaeppchen-mit-verlaengerter-garantiedauer\/unsere-schnaeppchen-mit-verlaengerter-garantiedauer-autoshow\/\" class=\"wp-image-59895\"><\/figure><\/li><li class=\"blocks-gallery-item\"><figure><img decoding=\"async\" src=\"https:\/\/autoshow.ch\/wp-content\/uploads\/2025\/12\/unsere-schnaeppchen-mit-verlaengerter-garantiedauer-autoshow-2.png\" alt=\"Nos bonnes affaires avec une dur\u00e9e de garantie prolong\u00e9e - Autoshow Aathal AG 1\" data-id=\"59899\" data-full-url=\"https:\/\/autoshow.ch\/wp-content\/uploads\/2025\/12\/unsere-schnaeppchen-mit-verlaengerter-garantiedauer-autoshow-2.png\" data-link=\"https:\/\/autoshow.ch\/news\/unsere-schnaeppchen-mit-verlaengerter-garantiedauer\/unsere-schnaeppchen-mit-verlaengerter-garantiedauer-autoshow-2\/\" class=\"wp-image-59899\"><\/figure><\/li><li class=\"blocks-gallery-item\"><figure><img decoding=\"async\" src=\"https:\/\/autoshow.ch\/wp-content\/uploads\/2025\/12\/unsere-schnaeppchen-mit-verlaengerter-garantiedauer-autoshow-3.png\" alt=\"Nos bonnes affaires avec une dur\u00e9e de garantie prolong\u00e9e - Autoshow Aathal AG 2\" data-id=\"59903\" data-full-url=\"https:\/\/autoshow.ch\/wp-content\/uploads\/2025\/12\/unsere-schnaeppchen-mit-verlaengerter-garantiedauer-autoshow-3.png\" data-link=\"https:\/\/autoshow.ch\/news\/unsere-schnaeppchen-mit-verlaengerter-garantiedauer\/unsere-schnaeppchen-mit-verlaengerter-garantiedauer-autoshow-3\/\" class=\"wp-image-59903\"><\/figure><\/li><\/ul><\/figure>\n\n<p>Ou souhaitez-vous que votre v\u00e9hicule offre un peu plus d\u2019espace ? Alors optez pour la <a href=\"https:\/\/autoshow.ch\/?make=skoda\">Sko\u00adda Scala<\/a> avec 1,5 litre de cylin\u00addr\u00e9e et 150 ch ; la cli\u00adma\u00adti\u00adsa\u00adtion, la cam\u00e9ra de recul ain\u00adsi que les cap\u00adteurs de sta\u00adtion\u00adnement, et la com\u00admande de la nav\u00adi\u00adga\u00adtion via smartLink sont inclus dans le prix. Sont \u00e9gale\u00adment inclus, en plus des 2 ans de garantie con\u00adstruc\u00adteur, une garantie com\u00adpl\u00e9\u00admen\u00adtaire v\u00e9hicule neuf de 3 ans.   <strong>Sur ces mod\u00ad\u00e8les, vous b\u00e9n\u00e9\u00adfi\u00adciez de 5 ans de garantie.<\/strong><\/p>\n\n<figure class=\"wp-block-gallery columns-3 is-cropped wp-block-gallery-2 is-layout-flex wp-block-gallery-is-layout-flex\"><ul class=\"blocks-gallery-grid\"><li class=\"blocks-gallery-item\"><figure><img decoding=\"async\" src=\"https:\/\/autoshow.ch\/wp-content\/uploads\/2025\/12\/unsere-schnaeppchen-mit-verlaengerter-garantiedauer-autoshow-8.png\" alt=\"Nos bonnes affaires avec une dur\u00e9e de garantie prolong\u00e9e - Autoshow Aathal AG 7\" data-id=\"59926\" data-full-url=\"https:\/\/autoshow.ch\/wp-content\/uploads\/2025\/12\/unsere-schnaeppchen-mit-verlaengerter-garantiedauer-autoshow-8.png\" data-link=\"https:\/\/autoshow.ch\/news\/unsere-schnaeppchen-mit-verlaengerter-garantiedauer\/unsere-schnaeppchen-mit-verlaengerter-garantiedauer-autoshow-8\/\" class=\"wp-image-59926\"><\/figure><\/li><li class=\"blocks-gallery-item\"><figure><img decoding=\"async\" src=\"https:\/\/autoshow.ch\/wp-content\/uploads\/2025\/12\/unsere-schnaeppchen-mit-verlaengerter-garantiedauer-autoshow-7.png\" alt=\"Nos bonnes affaires avec une dur\u00e9e de garantie prolong\u00e9e - Autoshow Aathal AG 6\" data-id=\"59922\" data-full-url=\"https:\/\/autoshow.ch\/wp-content\/uploads\/2025\/12\/unsere-schnaeppchen-mit-verlaengerter-garantiedauer-autoshow-7.png\" data-link=\"https:\/\/autoshow.ch\/news\/unsere-schnaeppchen-mit-verlaengerter-garantiedauer\/unsere-schnaeppchen-mit-verlaengerter-garantiedauer-autoshow-7\/\" class=\"wp-image-59922\"><\/figure><\/li><li class=\"blocks-gallery-item\"><figure><img decoding=\"async\" src=\"https:\/\/autoshow.ch\/wp-content\/uploads\/2025\/12\/unsere-schnaeppchen-mit-verlaengerter-garantiedauer-autoshow-6.png\" alt=\"Nos bonnes affaires avec une dur\u00e9e de garantie prolong\u00e9e - Autoshow Aathal AG 5\" data-id=\"59918\" data-full-url=\"https:\/\/autoshow.ch\/wp-content\/uploads\/2025\/12\/unsere-schnaeppchen-mit-verlaengerter-garantiedauer-autoshow-6.png\" data-link=\"https:\/\/autoshow.ch\/news\/unsere-schnaeppchen-mit-verlaengerter-garantiedauer\/unsere-schnaeppchen-mit-verlaengerter-garantiedauer-autoshow-6\/\" class=\"wp-image-59918\"><\/figure><\/li><li class=\"blocks-gallery-item\"><figure><img decoding=\"async\" src=\"https:\/\/autoshow.ch\/wp-content\/uploads\/2025\/12\/unsere-schnaeppchen-mit-verlaengerter-garantiedauer-autoshow-5.png\" alt=\"Nos bonnes affaires avec une dur\u00e9e de garantie prolong\u00e9e - Autoshow Aathal AG 4\" data-id=\"59914\" data-full-url=\"https:\/\/autoshow.ch\/wp-content\/uploads\/2025\/12\/unsere-schnaeppchen-mit-verlaengerter-garantiedauer-autoshow-5.png\" data-link=\"https:\/\/autoshow.ch\/news\/unsere-schnaeppchen-mit-verlaengerter-garantiedauer\/unsere-schnaeppchen-mit-verlaengerter-garantiedauer-autoshow-5\/\" class=\"wp-image-59914\"><\/figure><\/li><li class=\"blocks-gallery-item\"><figure><img decoding=\"async\" src=\"https:\/\/autoshow.ch\/wp-content\/uploads\/2025\/12\/unsere-schnaeppchen-mit-verlaengerter-garantiedauer-autoshow-4.png\" alt=\"Nos bonnes affaires avec une dur\u00e9e de garantie prolong\u00e9e - Autoshow Aathal AG 3\" data-id=\"59910\" data-full-url=\"https:\/\/autoshow.ch\/wp-content\/uploads\/2025\/12\/unsere-schnaeppchen-mit-verlaengerter-garantiedauer-autoshow-4.png\" data-link=\"https:\/\/autoshow.ch\/news\/unsere-schnaeppchen-mit-verlaengerter-garantiedauer\/unsere-schnaeppchen-mit-verlaengerter-garantiedauer-autoshow-4\/\" class=\"wp-image-59910\"><\/figure><\/li><\/ul><\/figure>\n\n<p>Nos <a href=\"https:\/\/autoshow.ch\/?make=opel\">Opel Karl<\/a> et <a href=\"https:\/\/autoshow.ch\/?make=skoda\">Sko\u00adda Scala<\/a> sont disponibles en dif\u00adf\u00e9rentes couleurs, dans la lim\u00adite des stocks disponibles. Pour nos garanties com\u00adpl\u00e9\u00admen\u00adtaires, nous tra\u00advail\u00adlons avec notre parte\u00adnaire NSA ; vous n\u2019avez donc aucun d\u00e9sa\u00advan\u00adtage par rap\u00adport \u00e0 la garantie con\u00adstruc\u00adteur. <br><br>Nous vous con\u00adseil\u00adlons volon\u00adtiers par t\u00e9l\u00e9\u00adphone et en ligne. Con\u00adsul\u00adtez \u00e9gale\u00adment notre expo\u00adsi\u00adtion de v\u00e9hicules en ligne sur la <a href=\"https:\/\/autoshow.ch\/autos\/\">page d\u2019accueil d\u2019Autoshow Aathal<\/a>. <\/p>\n\n<figure class=\"wp-block-image size-large\"><img decoding=\"async\" src=\"https:\/\/autoshow.ch\/wp-content\/uploads\/2025\/12\/neue-homepage-autoshow-22-scaled.jpg\" alt=\"Nouveau site web - Autoshow Aathal AG 8\" class=\"wp-image-58971\"><\/figure>\n","protected":false},"excerpt":{"rendered":"<p>OFFRE : Nos bonnes affaires avec une dur\u00e9e de garantie\u2026<\/p>\n","protected":false},"author":31,"featured_media":227801,"comment_status":"closed","ping_status":"closed","sticky":false,"template":"","format":"standard","meta":{"_acf_changed":false,"inline_featured_image":false,"wp_typography_post_enhancements_disabled":false,"footnotes":""},"categories":[673],"tags":[],"class_list":["post-227800","post","type-post","status-publish","format-standard","has-post-thumbnail","hentry","category-action"],"acf":[],"yoast_head":"<!-- This site is optimized with the Yoast SEO plugin v27.4 - https:\/\/yoast.com\/product\/yoast-seo-wordpress\/ -->\n<title>Nos bonnes affaires avec une dur\u00e9e de garantie prolong\u00e9e | Autoshow Aathal AG<\/title>\n<meta name=\"description\" content=\"OFFRE : Nos bonnes affaires avec une dur\u00e9e de garantie prolong\u00e9e\" \/>\n<meta name=\"robots\" content=\"index, follow, max-snippet:-1, max-image-preview:large, max-video-preview:-1\" \/>\n<link rel=\"canonical\" href=\"https:\/\/autoshow.ch\/fr\/news\/nos-bonnes-affaires-avec-une-duree-de-garantie-prolongee\/\" \/>\n<meta property=\"og:locale\" content=\"fr_FR\" \/>\n<meta property=\"og:type\" content=\"article\" \/>\n<meta property=\"og:title\" content=\"Nos bonnes affaires avec une dur\u00e9e de garantie prolong\u00e9e | Autoshow Aathal AG\" \/>\n<meta property=\"og:description\" content=\"OFFRE : Nos bonnes affaires avec une dur\u00e9e de garantie prolong\u00e9e\" \/>\n<meta property=\"og:url\" content=\"https:\/\/autoshow.ch\/fr\/news\/nos-bonnes-affaires-avec-une-duree-de-garantie-prolongee\/\" \/>\n<meta property=\"og:site_name\" content=\"Autoshow Aathal AG\" \/>\n<meta property=\"article:publisher\" content=\"https:\/\/www.facebook.com\/autoshow.ch\" \/>\n<meta property=\"article:published_time\" content=\"2020-04-07T11:34:48+00:00\" \/>\n<meta property=\"article:modified_time\" content=\"2026-04-10T08:35:30+00:00\" \/>\n<meta property=\"og:image\" content=\"https:\/\/autoshow.ch\/wp-content\/uploads\/2025\/12\/neue-homepage-autoshow-21-scaled-1.jpg\" \/>\n\t<meta property=\"og:image:width\" content=\"1536\" \/>\n\t<meta property=\"og:image:height\" content=\"1152\" \/>\n\t<meta property=\"og:image:type\" content=\"image\/jpeg\" \/>\n<meta name=\"author\" content=\"Marketing Autoshow\" \/>\n<meta name=\"twitter:card\" content=\"summary_large_image\" \/>\n<!-- \/ Yoast SEO plugin. -->","yoast_head_json":{"title":"Nos bonnes affaires avec une dur\u00e9e de garantie prolong\u00e9e | Autoshow Aathal AG","description":"OFFRE : Nos bonnes affaires avec une dur\u00e9e de garantie prolong\u00e9e","robots":{"index":"index","follow":"follow","max-snippet":"max-snippet:-1","max-image-preview":"max-image-preview:large","max-video-preview":"max-video-preview:-1"},"canonical":"https:\/\/autoshow.ch\/fr\/news\/nos-bonnes-affaires-avec-une-duree-de-garantie-prolongee\/","og_locale":"fr_FR","og_type":"article","og_title":"Nos bonnes affaires avec une dur\u00e9e de garantie prolong\u00e9e | Autoshow Aathal AG","og_description":"OFFRE : Nos bonnes affaires avec une dur\u00e9e de garantie prolong\u00e9e","og_url":"https:\/\/autoshow.ch\/fr\/news\/nos-bonnes-affaires-avec-une-duree-de-garantie-prolongee\/","og_site_name":"Autoshow Aathal AG","article_publisher":"https:\/\/www.facebook.com\/autoshow.ch","article_published_time":"2020-04-07T11:34:48+00:00","article_modified_time":"2026-04-10T08:35:30+00:00","og_image":[{"width":1536,"height":1152,"url":"https:\/\/autoshow.ch\/wp-content\/uploads\/2025\/12\/neue-homepage-autoshow-21-scaled-1.jpg","type":"image\/jpeg"}],"author":"Marketing Autoshow","twitter_card":"summary_large_image","schema":{"@context":"https:\/\/schema.org","@graph":[{"@type":["Article","BlogPosting"],"@id":"https:\/\/autoshow.ch\/fr\/news\/nos-bonnes-affaires-avec-une-duree-de-garantie-prolongee\/#article","isPartOf":{"@id":"https:\/\/autoshow.ch\/fr\/news\/nos-bonnes-affaires-avec-une-duree-de-garantie-prolongee\/"},"author":{"name":"Marketing Autoshow","@id":"https:\/\/autoshow.ch\/fr\/#\/schema\/person\/0fc96e1a12fbe3a05e1059e7b26ca148"},"headline":"Nos bonnes affaires avec une dur\u00e9e de garantie prolong\u00e9e","datePublished":"2020-04-07T11:34:48+00:00","dateModified":"2026-04-10T08:35:30+00:00","mainEntityOfPage":{"@id":"https:\/\/autoshow.ch\/fr\/news\/nos-bonnes-affaires-avec-une-duree-de-garantie-prolongee\/"},"wordCount":257,"publisher":{"@id":"https:\/\/autoshow.ch\/fr\/#organization"},"image":{"@id":"https:\/\/autoshow.ch\/fr\/news\/nos-bonnes-affaires-avec-une-duree-de-garantie-prolongee\/#primaryimage"},"thumbnailUrl":"https:\/\/autoshow.ch\/wp-content\/uploads\/2025\/12\/neue-homepage-autoshow-21-scaled-1.jpg","articleSection":["ACTION"],"inLanguage":"fr-FR"},{"@type":"WebPage","@id":"https:\/\/autoshow.ch\/fr\/news\/nos-bonnes-affaires-avec-une-duree-de-garantie-prolongee\/","url":"https:\/\/autoshow.ch\/fr\/news\/nos-bonnes-affaires-avec-une-duree-de-garantie-prolongee\/","name":"Nos bonnes affaires avec une dur\u00e9e de garantie prolong\u00e9e | Autoshow Aathal AG","isPartOf":{"@id":"https:\/\/autoshow.ch\/fr\/#website"},"primaryImageOfPage":{"@id":"https:\/\/autoshow.ch\/fr\/news\/nos-bonnes-affaires-avec-une-duree-de-garantie-prolongee\/#primaryimage"},"image":{"@id":"https:\/\/autoshow.ch\/fr\/news\/nos-bonnes-affaires-avec-une-duree-de-garantie-prolongee\/#primaryimage"},"thumbnailUrl":"https:\/\/autoshow.ch\/wp-content\/uploads\/2025\/12\/neue-homepage-autoshow-21-scaled-1.jpg","datePublished":"2020-04-07T11:34:48+00:00","dateModified":"2026-04-10T08:35:30+00:00","description":"OFFRE : Nos bonnes affaires avec une dur\u00e9e de garantie prolong\u00e9e","breadcrumb":{"@id":"https:\/\/autoshow.ch\/fr\/news\/nos-bonnes-affaires-avec-une-duree-de-garantie-prolongee\/#breadcrumb"},"inLanguage":"fr-FR","potentialAction":[{"@type":"ReadAction","target":["https:\/\/autoshow.ch\/fr\/news\/nos-bonnes-affaires-avec-une-duree-de-garantie-prolongee\/"]}]},{"@type":"ImageObject","inLanguage":"fr-FR","@id":"https:\/\/autoshow.ch\/fr\/news\/nos-bonnes-affaires-avec-une-duree-de-garantie-prolongee\/#primaryimage","url":"https:\/\/autoshow.ch\/wp-content\/uploads\/2025\/12\/neue-homepage-autoshow-21-scaled-1.jpg","contentUrl":"https:\/\/autoshow.ch\/wp-content\/uploads\/2025\/12\/neue-homepage-autoshow-21-scaled-1.jpg","width":1536,"height":1152,"caption":"Nos bonnes affaires avec une dur\u00e9e de garantie prolong\u00e9e - Autoshow Aathal AG pr\u00e8s d\u2019Uster propose des occasions et des v\u00e9hicules neufs \u00e0 prix avantageux 9"},{"@type":"BreadcrumbList","@id":"https:\/\/autoshow.ch\/fr\/news\/nos-bonnes-affaires-avec-une-duree-de-garantie-prolongee\/#breadcrumb","itemListElement":[{"@type":"ListItem","position":1,"name":"Startseite","item":"https:\/\/autoshow.ch\/fr\/"},{"@type":"ListItem","position":2,"name":"Nos bonnes affaires avec une dur\u00e9e de garantie prolong\u00e9e"}]},{"@type":"WebSite","@id":"https:\/\/autoshow.ch\/fr\/#website","url":"https:\/\/autoshow.ch\/fr\/","name":"Autoshow Aathal AG","description":"bei Uster bietet g\u00fcnstige Occasionen und Neuwagen","publisher":{"@id":"https:\/\/autoshow.ch\/fr\/#organization"},"alternateName":"Autoshow","potentialAction":[{"@type":"SearchAction","target":{"@type":"EntryPoint","urlTemplate":"https:\/\/autoshow.ch\/fr\/?s={search_term_string}"},"query-input":{"@type":"PropertyValueSpecification","valueRequired":true,"valueName":"search_term_string"}}],"inLanguage":"fr-FR"},{"@type":"Organization","@id":"https:\/\/autoshow.ch\/fr\/#organization","name":"Autoshow Aathal AG","alternateName":"Autoshow","url":"https:\/\/autoshow.ch\/fr\/","logo":{"@type":"ImageObject","inLanguage":"fr-FR","@id":"https:\/\/autoshow.ch\/fr\/#\/schema\/logo\/image\/","url":"https:\/\/autoshow.ch\/wp-content\/uploads\/2025\/12\/autoshow-aathal-ag-logo@696x696.png","contentUrl":"https:\/\/autoshow.ch\/wp-content\/uploads\/2025\/12\/autoshow-aathal-ag-logo@696x696.png","width":696,"height":696,"caption":"Autoshow Aathal AG"},"image":{"@id":"https:\/\/autoshow.ch\/fr\/#\/schema\/logo\/image\/"},"sameAs":["https:\/\/www.facebook.com\/autoshow.ch","https:\/\/www.instagram.com\/autoshow_aathal\/","https:\/\/www.linkedin.com\/company\/autoshow-aathal-ag","https:\/\/www.youtube.com\/user\/AutoshowAathal"]},{"@type":"Person","@id":"https:\/\/autoshow.ch\/fr\/#\/schema\/person\/0fc96e1a12fbe3a05e1059e7b26ca148","name":"Marketing Autoshow","image":{"@type":"ImageObject","inLanguage":"fr-FR","@id":"https:\/\/autoshow.ch\/wp-content\/litespeed\/avatar\/46547ed71fe40fb39a471b2711fab529.jpg?ver=1776774629","url":"https:\/\/autoshow.ch\/wp-content\/litespeed\/avatar\/46547ed71fe40fb39a471b2711fab529.jpg?ver=1776774629","contentUrl":"https:\/\/autoshow.ch\/wp-content\/litespeed\/avatar\/46547ed71fe40fb39a471b2711fab529.jpg?ver=1776774629","caption":"Marketing Autoshow"},"sameAs":["https:\/\/autoshow.ch"]}]}},"_links":{"self":[{"href":"https:\/\/autoshow.ch\/fr\/wp-json\/wp\/v2\/posts\/227800","targetHints":{"allow":["GET"]}}],"collection":[{"href":"https:\/\/autoshow.ch\/fr\/wp-json\/wp\/v2\/posts"}],"about":[{"href":"https:\/\/autoshow.ch\/fr\/wp-json\/wp\/v2\/types\/post"}],"author":[{"embeddable":true,"href":"https:\/\/autoshow.ch\/fr\/wp-json\/wp\/v2\/users\/31"}],"replies":[{"embeddable":true,"href":"https:\/\/autoshow.ch\/fr\/wp-json\/wp\/v2\/comments?post=227800"}],"version-history":[{"count":1,"href":"https:\/\/autoshow.ch\/fr\/wp-json\/wp\/v2\/posts\/227800\/revisions"}],"predecessor-version":[{"id":227802,"href":"https:\/\/autoshow.ch\/fr\/wp-json\/wp\/v2\/posts\/227800\/revisions\/227802"}],"wp:featuredmedia":[{"embeddable":true,"href":"https:\/\/autoshow.ch\/fr\/wp-json\/wp\/v2\/media\/227801"}],"wp:attachment":[{"href":"https:\/\/autoshow.ch\/fr\/wp-json\/wp\/v2\/media?parent=227800"}],"wp:term":[{"taxonomy":"category","embeddable":true,"href":"https:\/\/autoshow.ch\/fr\/wp-json\/wp\/v2\/categories?post=227800"},{"taxonomy":"post_tag","embeddable":true,"href":"https:\/\/autoshow.ch\/fr\/wp-json\/wp\/v2\/tags?post=227800"}],"curies":[{"name":"wp","href":"https:\/\/api.w.org\/{rel}","templated":true}]}}