{"id":227149,"date":"2021-11-15T10:59:55","date_gmt":"2021-11-15T09:59:55","guid":{"rendered":"https:\/\/autoshow.ch\/news\/engouement-sur-le-marche-de-loccasion\/"},"modified":"2026-04-10T10:28:20","modified_gmt":"2026-04-10T08:28:20","slug":"engouement-sur-le-marche-de-loccasion","status":"publish","type":"post","link":"https:\/\/autoshow.ch\/fr\/news\/engouement-sur-le-marche-de-loccasion\/","title":{"rendered":"Engouement sur le march\u00e9 de l\u2019occasion"},"content":{"rendered":"\n<h2 class=\"wp-block-heading\">Forte demande de v\u00e9hicules en stock<\/h2>\n\n<p><strong>Le Tage\u00adsanzeiger rap\u00adporte la sit\u00adu\u00ada\u00adtion du march\u00e9 dans le com\u00admerce auto\u00admo\u00adbile. Patrick Liechti, directeur de l\u2019Au\u00adtoshow Aathal, s\u2019en\u00adtre\u00adtient avec Thomas Wyss, r\u00e9dac\u00adteur au Tage\u00adsanzeiger.<\/strong> <strong>\u00c0 lire dans les \u00e9di\u00adtions imprim\u00e9es du lun\u00addi 15.11.2021 dans le Tage\u00adsanzeiger et le Z\u00fcrcher Ober\u00adl\u00e4n\u00adder, ain\u00adsi que <a href=\"https:\/\/www.tagesanzeiger.ch\/und-ab-in-die-heissi-zone-fuer-occasione-379936398891\">en ligne dans le Tage\u00adsanzeiger<\/a>, le Land\u00adbote et la Z\u00fcrich\u00adseezeitung.<\/strong><\/p>\n\n<p>Con\u00adtraire\u00adment \u00e0 la sit\u00adu\u00ada\u00adtion actuelle du march\u00e9, l\u2019Au\u00adtoshow Aathal dis\u00adpose d\u2019en\u00adv\u00adi\u00adron 400 voitures de 30 mar\u00adques en stock, disponibles imm\u00e9\u00addi\u00adate\u00adment. Nous pro\u00adposons non seule\u00adment des prix bas, mais surtout des d\u00e9lais de livrai\u00adson tr\u00e8s courts. Par\u00admi nos 400 v\u00e9hicules en stock \u00e0 des prix durable\u00adment avan\u00adtageux dans toute la Suisse, vous trou\u00adverez le v\u00e9hicule de vos r\u00eaves. Que ce soit pour des ques\u00adtions con\u00adcer\u00adnant l\u2019achat auto\u00admo\u00adbile, le leas\u00ading auto\u00admo\u00adbile ou le finance\u00adment auto\u00admo\u00adbile. Tous nos v\u00e9hicules sont directe\u00adment disponibles en stock. Il suf\u00adfit de choisir, d\u2019a\u00adcheter et d\u2019emporter. Nous trou\u00advons la solu\u00adtion adap\u00adt\u00e9e \u00e0 chaque bud\u00adget. Par\u00admi nos 400 v\u00e9hicules, vous trou\u00adverez cer\u00adtaine\u00adment la <a href=\"https:\/\/autoshow.ch\/autos\/\">voiture de vos r\u00eaves<\/a> \u00e0 des prix durable\u00adment avan\u00adtageux dans toute la Suisse.        <\/p>\n\n<figure class=\"wp-block-image\"><img decoding=\"async\" src=\"https:\/\/autoshow.ch\/wp-content\/uploads\/2025\/12\/sale-herbstaktion-autoshow-2.jpeg\" alt=\"SOLDES - Action d'automne - Autoshow Aathal AG 1\" class=\"wp-image-110113\"><\/figure>\n\n<p>Vous trou\u00adverez \u00e9gale\u00adment chez nous des pro\u00adduits de garantie et des exten\u00adsions de ser\u00advice con\u00adva\u00adin\u00adcants, afin de b\u00e9n\u00e9\u00adfici\u00ader d\u2019un pack s\u00e9r\u00e9nit\u00e9 com\u00adplet sur le <a href=\"https:\/\/autoshow.ch\/autos\/\">v\u00e9hicule de votre choix<\/a>. Et bien enten\u00addu, nous pou\u00advons vous pro\u00adpos\u00ader des offres excep\u00adtion\u00adnelles d\u2019as\u00adsur\u00adance auto\u00admo\u00adbile aupr\u00e8s de divers parte\u00adnaires assureurs. N\u2019h\u00e9sitez pas \u00e0 nous deman\u00adder des roues d\u2019hiver, nous vous pro\u00adposons des prix imbat\u00adta\u00adbles. Pour un plaisir max\u00adi\u00admal au volant de votre nou\u00advelle voiture.<\/p>\n\n<figure class=\"wp-block-gallery columns-3 is-cropped wp-block-gallery-1 is-layout-flex wp-block-gallery-is-layout-flex\"><ul class=\"blocks-gallery-grid\"><li class=\"blocks-gallery-item\"><figure><img decoding=\"async\" src=\"https:\/\/autoshow.ch\/wp-content\/uploads\/2025\/12\/herbstrauschen-autoshow-2.jpg\" alt=\"Frissons d'automne - Autoshow Aathal AG 1\" data-id=\"88213\" data-full-url=\"https:\/\/autoshow.ch\/wp-content\/uploads\/2025\/12\/herbstrauschen-autoshow-2.jpg\" data-link=\"https:\/\/autoshow.ch\/?attachment_id=88213\" class=\"wp-image-88213\"><\/figure><\/li><li class=\"blocks-gallery-item\"><figure><img decoding=\"async\" src=\"https:\/\/autoshow.ch\/wp-content\/uploads\/2025\/12\/home-autoshow-19.jpeg\" alt=\"Accueil - Autoshow Aathal AG 43\" data-id=\"84807\" data-full-url=\"https:\/\/autoshow.ch\/wp-content\/uploads\/2025\/12\/home-autoshow-19.jpeg\" data-link=\"https:\/\/autoshow.ch\/home\/home-autoshow-19\/\" class=\"wp-image-84807\"><\/figure><\/li><li class=\"blocks-gallery-item\"><figure><img decoding=\"async\" src=\"https:\/\/autoshow.ch\/wp-content\/uploads\/2025\/12\/home-autoshow-23.jpeg\" alt=\"Accueil - Autoshow Aathal AG 47\" data-id=\"84815\" data-full-url=\"https:\/\/autoshow.ch\/wp-content\/uploads\/2025\/12\/home-autoshow-23.jpeg\" data-link=\"https:\/\/autoshow.ch\/home\/home-autoshow-23\/\" class=\"wp-image-84815\"><\/figure><\/li><li class=\"blocks-gallery-item\"><figure><img decoding=\"async\" src=\"https:\/\/autoshow.ch\/wp-content\/uploads\/2025\/12\/home-autoshow-21.jpeg\" alt=\"Accueil - Autoshow Aathal AG 45\" data-id=\"84811\" data-full-url=\"https:\/\/autoshow.ch\/wp-content\/uploads\/2025\/12\/home-autoshow-21.jpeg\" data-link=\"https:\/\/autoshow.ch\/home\/home-autoshow-21\/\" class=\"wp-image-84811\"><\/figure><\/li><li class=\"blocks-gallery-item\"><figure><img decoding=\"async\" src=\"https:\/\/autoshow.ch\/wp-content\/uploads\/2025\/12\/image0.jpeg\" alt=\"Offres sp\u00e9ciales \u00e0 des prix imbattables - Autoshow Aathal AG 9\" data-id=\"83334\" data-full-url=\"https:\/\/autoshow.ch\/wp-content\/uploads\/2025\/12\/image0.jpeg\" data-link=\"https:\/\/autoshow.ch\/?attachment_id=83334\" class=\"wp-image-83334\"><\/figure><\/li><li class=\"blocks-gallery-item\"><figure><img decoding=\"async\" src=\"https:\/\/autoshow.ch\/wp-content\/uploads\/2025\/12\/image1.jpeg\" alt=\"Offres sp\u00e9ciales \u00e0 des prix imbattables - Autoshow Aathal AG 8\" data-id=\"83335\" data-full-url=\"https:\/\/autoshow.ch\/wp-content\/uploads\/2025\/12\/image1.jpeg\" data-link=\"https:\/\/autoshow.ch\/?attachment_id=83335\" class=\"wp-image-83335\"><\/figure><\/li><li class=\"blocks-gallery-item\"><figure><img decoding=\"async\" src=\"https:\/\/autoshow.ch\/wp-content\/uploads\/2025\/12\/image2.jpeg\" alt=\"Offres sp\u00e9ciales \u00e0 des prix imbattables - Autoshow Aathal AG 7\" data-id=\"83336\" data-full-url=\"https:\/\/autoshow.ch\/wp-content\/uploads\/2025\/12\/image2.jpeg\" data-link=\"https:\/\/autoshow.ch\/?attachment_id=83336\" class=\"wp-image-83336\"><\/figure><\/li><\/ul><\/figure>\n\n<p><strong>Mesures de pro\u00adtec\u00adtion Covid-19 chez Autoshow Aathal<\/strong><\/p>\n\n<p>La san\u00adt\u00e9 de nos clients et de nos col\u00adlab\u00ado\u00adra\u00adteurs \u00e9tant naturelle\u00adment notre pri\u00ador\u00adit\u00e9 absolue, nous con\u00adtin\u00aduons \u00e0 respecter les mesures de pro\u00adtec\u00adtion Covid-19 de la Con\u00adf\u00e9d\u00e9ra\u00adtion, du can\u00adton ain\u00adsi que de l\u2019OF\u00adSP. De plus, nous met\u00adtons rigoureuse\u00adment en \u0153uvre les con\u00adcepts et strat\u00e9\u00adgies de nos asso\u00adci\u00ada\u00adtions pro\u00adfes\u00adsion\u00adnelles. Un autre avan\u00adtage est que tous nos v\u00e9hicules se trou\u00advent sur notre espace d\u2019ex\u00adpo\u00adsi\u00adtion de 5 000 m\u00b2 en plein air. Nous n\u2019avons pas de show\u00adroom. \u00c0 nos postes de vente, vous \u00eates par\u00adfaite\u00adment pro\u00adt\u00e9g\u00e9 gr\u00e2ce au gel d\u00e9s\u00adin\u00adfec\u00adtant pour les mains, aux masques de pro\u00adtec\u00adtion ain\u00adsi qu\u2019\u00e0 une paroi de s\u00e9pa\u00adra\u00adtion en plex\u00adi\u00adglas.    <\/p>\n","protected":false},"excerpt":{"rendered":"<p>Forte demande de v\u00e9hicules en stock \u2014 Engoue\u00adment sur le march\u00e9 de l\u2026<\/p>\n","protected":false},"author":31,"featured_media":227150,"comment_status":"closed","ping_status":"closed","sticky":false,"template":"","format":"standard","meta":{"_acf_changed":false,"inline_featured_image":false,"wp_typography_post_enhancements_disabled":false,"footnotes":""},"categories":[629],"tags":[],"class_list":["post-227149","post","type-post","status-publish","format-standard","has-post-thumbnail","hentry","category-actualites"],"acf":[],"yoast_head":"<!-- This site is optimized with the Yoast SEO plugin v27.4 - https:\/\/yoast.com\/product\/yoast-seo-wordpress\/ -->\n<title>Engouement sur le march\u00e9 de l&#039;occasion | Autoshow Aathal AG<\/title>\n<meta name=\"description\" content=\"Forte demande de v\u00e9hicules en stock - Engouement sur le march\u00e9 de l&#039;occasion\" \/>\n<meta name=\"robots\" content=\"index, follow, max-snippet:-1, max-image-preview:large, max-video-preview:-1\" \/>\n<link rel=\"canonical\" href=\"https:\/\/autoshow.ch\/fr\/news\/engouement-sur-le-marche-de-loccasion\/\" \/>\n<meta property=\"og:locale\" content=\"fr_FR\" \/>\n<meta property=\"og:type\" content=\"article\" \/>\n<meta property=\"og:title\" content=\"Engouement sur le march\u00e9 de l&#039;occasion | Autoshow Aathal AG\" \/>\n<meta property=\"og:description\" content=\"Forte demande de v\u00e9hicules en stock - Engouement sur le march\u00e9 de l&#039;occasion\" \/>\n<meta property=\"og:url\" content=\"https:\/\/autoshow.ch\/fr\/news\/engouement-sur-le-marche-de-loccasion\/\" \/>\n<meta property=\"og:site_name\" content=\"Autoshow Aathal AG\" \/>\n<meta property=\"article:publisher\" content=\"https:\/\/www.facebook.com\/autoshow.ch\" \/>\n<meta property=\"article:published_time\" content=\"2021-11-15T09:59:55+00:00\" \/>\n<meta property=\"article:modified_time\" content=\"2026-04-10T08:28:20+00:00\" \/>\n<meta property=\"og:image\" content=\"https:\/\/autoshow.ch\/wp-content\/uploads\/2025\/12\/sale-herbstaktion-autoshow.jpeg\" \/>\n\t<meta property=\"og:image:width\" content=\"1170\" \/>\n\t<meta property=\"og:image:height\" content=\"798\" \/>\n\t<meta property=\"og:image:type\" content=\"image\/jpeg\" \/>\n<meta name=\"author\" content=\"Marketing Autoshow\" \/>\n<meta name=\"twitter:card\" content=\"summary_large_image\" \/>\n<!-- \/ Yoast SEO plugin. -->","yoast_head_json":{"title":"Engouement sur le march\u00e9 de l'occasion | Autoshow Aathal AG","description":"Forte demande de v\u00e9hicules en stock - Engouement sur le march\u00e9 de l'occasion","robots":{"index":"index","follow":"follow","max-snippet":"max-snippet:-1","max-image-preview":"max-image-preview:large","max-video-preview":"max-video-preview:-1"},"canonical":"https:\/\/autoshow.ch\/fr\/news\/engouement-sur-le-marche-de-loccasion\/","og_locale":"fr_FR","og_type":"article","og_title":"Engouement sur le march\u00e9 de l'occasion | Autoshow Aathal AG","og_description":"Forte demande de v\u00e9hicules en stock - Engouement sur le march\u00e9 de l'occasion","og_url":"https:\/\/autoshow.ch\/fr\/news\/engouement-sur-le-marche-de-loccasion\/","og_site_name":"Autoshow Aathal AG","article_publisher":"https:\/\/www.facebook.com\/autoshow.ch","article_published_time":"2021-11-15T09:59:55+00:00","article_modified_time":"2026-04-10T08:28:20+00:00","og_image":[{"width":1170,"height":798,"url":"https:\/\/autoshow.ch\/wp-content\/uploads\/2025\/12\/sale-herbstaktion-autoshow.jpeg","type":"image\/jpeg"}],"author":"Marketing Autoshow","twitter_card":"summary_large_image","schema":{"@context":"https:\/\/schema.org","@graph":[{"@type":["Article","BlogPosting"],"@id":"https:\/\/autoshow.ch\/fr\/news\/engouement-sur-le-marche-de-loccasion\/#article","isPartOf":{"@id":"https:\/\/autoshow.ch\/fr\/news\/engouement-sur-le-marche-de-loccasion\/"},"author":{"name":"Marketing Autoshow","@id":"https:\/\/autoshow.ch\/fr\/#\/schema\/person\/0fc96e1a12fbe3a05e1059e7b26ca148"},"headline":"Engouement sur le march\u00e9 de l\u2019occasion","datePublished":"2021-11-15T09:59:55+00:00","dateModified":"2026-04-10T08:28:20+00:00","mainEntityOfPage":{"@id":"https:\/\/autoshow.ch\/fr\/news\/engouement-sur-le-marche-de-loccasion\/"},"wordCount":389,"publisher":{"@id":"https:\/\/autoshow.ch\/fr\/#organization"},"image":{"@id":"https:\/\/autoshow.ch\/fr\/news\/engouement-sur-le-marche-de-loccasion\/#primaryimage"},"thumbnailUrl":"https:\/\/autoshow.ch\/wp-content\/uploads\/2025\/12\/sale-herbstaktion-autoshow.jpeg","articleSection":["ACTUALIT\u00c9S"],"inLanguage":"fr-FR"},{"@type":"WebPage","@id":"https:\/\/autoshow.ch\/fr\/news\/engouement-sur-le-marche-de-loccasion\/","url":"https:\/\/autoshow.ch\/fr\/news\/engouement-sur-le-marche-de-loccasion\/","name":"Engouement sur le march\u00e9 de l'occasion | Autoshow Aathal AG","isPartOf":{"@id":"https:\/\/autoshow.ch\/fr\/#website"},"primaryImageOfPage":{"@id":"https:\/\/autoshow.ch\/fr\/news\/engouement-sur-le-marche-de-loccasion\/#primaryimage"},"image":{"@id":"https:\/\/autoshow.ch\/fr\/news\/engouement-sur-le-marche-de-loccasion\/#primaryimage"},"thumbnailUrl":"https:\/\/autoshow.ch\/wp-content\/uploads\/2025\/12\/sale-herbstaktion-autoshow.jpeg","datePublished":"2021-11-15T09:59:55+00:00","dateModified":"2026-04-10T08:28:20+00:00","description":"Forte demande de v\u00e9hicules en stock - Engouement sur le march\u00e9 de l'occasion","breadcrumb":{"@id":"https:\/\/autoshow.ch\/fr\/news\/engouement-sur-le-marche-de-loccasion\/#breadcrumb"},"inLanguage":"fr-FR","potentialAction":[{"@type":"ReadAction","target":["https:\/\/autoshow.ch\/fr\/news\/engouement-sur-le-marche-de-loccasion\/"]}]},{"@type":"ImageObject","inLanguage":"fr-FR","@id":"https:\/\/autoshow.ch\/fr\/news\/engouement-sur-le-marche-de-loccasion\/#primaryimage","url":"https:\/\/autoshow.ch\/wp-content\/uploads\/2025\/12\/sale-herbstaktion-autoshow.jpeg","contentUrl":"https:\/\/autoshow.ch\/wp-content\/uploads\/2025\/12\/sale-herbstaktion-autoshow.jpeg","width":1170,"height":798,"caption":"Engouement sur le march\u00e9 de l'occasion - Autoshow Aathal AG pr\u00e8s d'Uster propose des occasions et des v\u00e9hicules neufs \u00e0 prix avantageux 1"},{"@type":"BreadcrumbList","@id":"https:\/\/autoshow.ch\/fr\/news\/engouement-sur-le-marche-de-loccasion\/#breadcrumb","itemListElement":[{"@type":"ListItem","position":1,"name":"Startseite","item":"https:\/\/autoshow.ch\/fr\/"},{"@type":"ListItem","position":2,"name":"Engouement sur le march\u00e9 de l\u2019occasion"}]},{"@type":"WebSite","@id":"https:\/\/autoshow.ch\/fr\/#website","url":"https:\/\/autoshow.ch\/fr\/","name":"Autoshow Aathal AG","description":"bei Uster bietet g\u00fcnstige Occasionen und Neuwagen","publisher":{"@id":"https:\/\/autoshow.ch\/fr\/#organization"},"alternateName":"Autoshow","potentialAction":[{"@type":"SearchAction","target":{"@type":"EntryPoint","urlTemplate":"https:\/\/autoshow.ch\/fr\/?s={search_term_string}"},"query-input":{"@type":"PropertyValueSpecification","valueRequired":true,"valueName":"search_term_string"}}],"inLanguage":"fr-FR"},{"@type":"Organization","@id":"https:\/\/autoshow.ch\/fr\/#organization","name":"Autoshow Aathal AG","alternateName":"Autoshow","url":"https:\/\/autoshow.ch\/fr\/","logo":{"@type":"ImageObject","inLanguage":"fr-FR","@id":"https:\/\/autoshow.ch\/fr\/#\/schema\/logo\/image\/","url":"https:\/\/autoshow.ch\/wp-content\/uploads\/2025\/12\/autoshow-aathal-ag-logo@696x696.png","contentUrl":"https:\/\/autoshow.ch\/wp-content\/uploads\/2025\/12\/autoshow-aathal-ag-logo@696x696.png","width":696,"height":696,"caption":"Autoshow Aathal AG"},"image":{"@id":"https:\/\/autoshow.ch\/fr\/#\/schema\/logo\/image\/"},"sameAs":["https:\/\/www.facebook.com\/autoshow.ch","https:\/\/www.instagram.com\/autoshow_aathal\/","https:\/\/www.linkedin.com\/company\/autoshow-aathal-ag","https:\/\/www.youtube.com\/user\/AutoshowAathal"]},{"@type":"Person","@id":"https:\/\/autoshow.ch\/fr\/#\/schema\/person\/0fc96e1a12fbe3a05e1059e7b26ca148","name":"Marketing Autoshow","image":{"@type":"ImageObject","inLanguage":"fr-FR","@id":"https:\/\/autoshow.ch\/wp-content\/litespeed\/avatar\/46547ed71fe40fb39a471b2711fab529.jpg?ver=1776774629","url":"https:\/\/autoshow.ch\/wp-content\/litespeed\/avatar\/46547ed71fe40fb39a471b2711fab529.jpg?ver=1776774629","contentUrl":"https:\/\/autoshow.ch\/wp-content\/litespeed\/avatar\/46547ed71fe40fb39a471b2711fab529.jpg?ver=1776774629","caption":"Marketing Autoshow"},"sameAs":["https:\/\/autoshow.ch"]}]}},"_links":{"self":[{"href":"https:\/\/autoshow.ch\/fr\/wp-json\/wp\/v2\/posts\/227149","targetHints":{"allow":["GET"]}}],"collection":[{"href":"https:\/\/autoshow.ch\/fr\/wp-json\/wp\/v2\/posts"}],"about":[{"href":"https:\/\/autoshow.ch\/fr\/wp-json\/wp\/v2\/types\/post"}],"author":[{"embeddable":true,"href":"https:\/\/autoshow.ch\/fr\/wp-json\/wp\/v2\/users\/31"}],"replies":[{"embeddable":true,"href":"https:\/\/autoshow.ch\/fr\/wp-json\/wp\/v2\/comments?post=227149"}],"version-history":[{"count":1,"href":"https:\/\/autoshow.ch\/fr\/wp-json\/wp\/v2\/posts\/227149\/revisions"}],"predecessor-version":[{"id":227151,"href":"https:\/\/autoshow.ch\/fr\/wp-json\/wp\/v2\/posts\/227149\/revisions\/227151"}],"wp:featuredmedia":[{"embeddable":true,"href":"https:\/\/autoshow.ch\/fr\/wp-json\/wp\/v2\/media\/227150"}],"wp:attachment":[{"href":"https:\/\/autoshow.ch\/fr\/wp-json\/wp\/v2\/media?parent=227149"}],"wp:term":[{"taxonomy":"category","embeddable":true,"href":"https:\/\/autoshow.ch\/fr\/wp-json\/wp\/v2\/categories?post=227149"},{"taxonomy":"post_tag","embeddable":true,"href":"https:\/\/autoshow.ch\/fr\/wp-json\/wp\/v2\/tags?post=227149"}],"curies":[{"name":"wp","href":"https:\/\/api.w.org\/{rel}","templated":true}]}}