{"id":227080,"date":"2022-02-28T11:05:00","date_gmt":"2022-02-28T10:05:00","guid":{"rendered":"https:\/\/autoshow.ch\/news\/vw-golf-r-line-en-stock\/"},"modified":"2026-04-10T10:26:33","modified_gmt":"2026-04-10T08:26:33","slug":"vw-golf-r-line-en-stock","status":"publish","type":"post","link":"https:\/\/autoshow.ch\/fr\/news\/vw-golf-r-line-en-stock\/","title":{"rendered":"VW Golf R\u2011Line en stock"},"content":{"rendered":"\n<h2 class=\"wp-block-heading\">Golf 1.5 eTSI R\u2011Line neuf<br>pour seulement CHF 38\u2019700<\/h2>\n\n<p><strong>Nous avons s\u00e9curis\u00e9 8 Golf 1.5 eTSI R\u2011Line neufs pour notre stock. \u00c9quipement haut de gamme \u00e0 prix avan\u00adtageux : vous en prof\u00aditez.<\/strong> <strong>Les v\u00e9hicules sans pre\u00admi\u00e8re imma\u00adtric\u00adu\u00adla\u00adtion sont disponibles imm\u00e9\u00addi\u00adate\u00adment en stock.<\/strong> <strong>Pour seule\u00adment CHF 36\u2019700.<\/strong><\/p>\n\n<p>Comme nos derni\u00e8res com\u00adman\u00addes de VW Golf 8 ont \u00e9t\u00e9 \u00e0 nou\u00adveau \u00e9puis\u00e9es en un rien de temps, nous avons pu s\u00e9curis\u00ader une nou\u00advelle fois <a href=\"https:\/\/autoshow.ch\/autos\/?orderby=make-asc&amp;Make=VW&amp;Model=GOLF&amp;BodyColor=&amp;Price-from=&amp;Price-to=&amp;FirstRegYear-from=&amp;FirstRegYear-to=&amp;Km-from=&amp;Km-to=1000&amp;TransmissionType=&amp;FuelType=&amp;BodyType=&amp;CarNumber=&amp;ConditionType=&amp;Doors-from=&amp;Doors-to=&amp;Seats-from=&amp;Seats-to=&amp;ConsumptionTotal=&amp;ConsumptionRating=&amp;Hp=&amp;Cylinders=&amp;DriveType=&amp;extended-search=0\">un lot de huit Golf 1.5 eTSI R\u2011Line<\/a>. Les v\u00e9hicules n\u2019ont pas encore de pre\u00admi\u00e8re imma\u00adtric\u00adu\u00adla\u00adtion, affichent z\u00e9ro kilo\u00adm\u00e8tre au comp\u00adteur et dis\u00adposent d\u2019un \u00e9quipement haut de gamme. Tous les v\u00e9hicules sont disponibles imm\u00e9\u00addi\u00adate\u00adment en stock.  <\/p>\n\n<p><strong>Pour CHF 36\u2019700.- ou d\u00e8s CHF 418.- par mois<\/strong> inclus : bo\u00eete DSG, fini\u00adtion R\u2011Line, nav\u00adi\u00adga\u00adtion, LED, jantes alu, r\u00e9gu\u00adla\u00adteur de vitesse adap\u00adtatif, si\u00e8ges chauf\u00adfants, volant chauf\u00adfant, cap\u00adteurs de sta\u00adtion\u00adnement, cam\u00e9ra de recul, assis\u00adtant de main\u00adtien de voie et d\u2019angle mort, int\u00e9\u00adgra\u00adtion smart\u00adphone, Cli\u00admat\u00adic, \u00e9clairage d\u2019ambiance, Dig\u00adi\u00adtal Cock\u00adpit, si\u00e8ges sport, etc. <\/p>\n\n<figure class=\"wp-block-gallery columns-3 is-cropped wp-block-gallery-1 is-layout-flex wp-block-gallery-is-layout-flex\"><ul class=\"blocks-gallery-grid\"><li class=\"blocks-gallery-item\"><figure><img decoding=\"async\" src=\"https:\/\/autoshow.ch\/wp-content\/uploads\/2025\/12\/Unknown-18.jpeg\" alt=\"  data-id=\" data-full-url=\"https:\/\/autoshow.ch\/wp-content\/uploads\/2025\/12\/Unknown-18.jpeg\" data-link=\"https:\/\/autoshow.ch\/?attachment_id=110360\" class=\"wp-image-110360\"><\/figure><\/li><li class=\"blocks-gallery-item\"><figure><img decoding=\"async\" src=\"https:\/\/autoshow.ch\/wp-content\/uploads\/2025\/12\/Unknown-1-1-2.jpeg\" alt=\"  data-id=\" data-link=\"https:\/\/autoshow.ch\/?attachment_id=110350\" class=\"wp-image-110350\"><\/figure><\/li><li class=\"blocks-gallery-item\"><figure><img decoding=\"async\" src=\"https:\/\/autoshow.ch\/wp-content\/uploads\/2025\/12\/Unknown-4-1.jpeg\" alt=\"  data-id=\" data-link=\"https:\/\/autoshow.ch\/?attachment_id=110339\" class=\"wp-image-110339\"><\/figure><\/li><\/ul><\/figure>\n\n<p>Le mild-hybrid essence\/\u00e9lectrique est \u00e9quip\u00e9 de la bo\u00eete DSG bien con\u00adnue de VW, qui entra\u00eene les roues avant, affiche 1,5 litre et 150 ch sur la fiche tech\u00adnique, et se dis\u00adtingue par une effi\u00adcac\u00adit\u00e9 \u00e9nerg\u00e9\u00adtique A.<\/p>\n\n<figure class=\"wp-block-gallery columns-3 is-cropped wp-block-gallery-2 is-layout-flex wp-block-gallery-is-layout-flex\"><ul class=\"blocks-gallery-grid\"><li class=\"blocks-gallery-item\"><figure><img decoding=\"async\" src=\"https:\/\/autoshow.ch\/wp-content\/uploads\/2025\/12\/Unknown-1-2.jpeg\" alt=\"  data-id=\" data-full-url=\"https:\/\/autoshow.ch\/wp-content\/uploads\/2025\/12\/Unknown-1-2.jpeg\" data-link=\"https:\/\/autoshow.ch\/?attachment_id=110340\" class=\"wp-image-110340\"><\/figure><\/li><li class=\"blocks-gallery-item\"><figure><img decoding=\"async\" src=\"https:\/\/autoshow.ch\/wp-content\/uploads\/2025\/12\/Unknown-2-1.jpeg\" alt=\"  data-id=\" data-full-url=\"https:\/\/autoshow.ch\/wp-content\/uploads\/2025\/12\/Unknown-2-1.jpeg\" data-link=\"https:\/\/autoshow.ch\/?attachment_id=110341\" class=\"wp-image-110341\"><\/figure><\/li><li class=\"blocks-gallery-item\"><figure><img decoding=\"async\" src=\"https:\/\/autoshow.ch\/wp-content\/uploads\/2025\/12\/Unknown-3-1.jpeg\" alt=\"  data-id=\" data-full-url=\"https:\/\/autoshow.ch\/wp-content\/uploads\/2025\/12\/Unknown-3-1.jpeg\" data-link=\"https:\/\/autoshow.ch\/?attachment_id=110342\" class=\"wp-image-110342\"><\/figure><\/li><li class=\"blocks-gallery-item\"><figure><img decoding=\"async\" src=\"https:\/\/autoshow.ch\/wp-content\/uploads\/2025\/12\/Unknown-4-1-1.jpeg\" alt=\"  data-id=\" data-full-url=\"https:\/\/autoshow.ch\/wp-content\/uploads\/2025\/12\/Unknown-4-1-1.jpeg\" data-link=\"https:\/\/autoshow.ch\/?attachment_id=110343\" class=\"wp-image-110343\"><\/figure><\/li><li class=\"blocks-gallery-item\"><figure><img decoding=\"async\" src=\"https:\/\/autoshow.ch\/wp-content\/uploads\/2025\/12\/Unknown-5-1.jpeg\" alt=\"  data-id=\" data-full-url=\"https:\/\/autoshow.ch\/wp-content\/uploads\/2025\/12\/Unknown-5-1.jpeg\" data-link=\"https:\/\/autoshow.ch\/?attachment_id=110344\" class=\"wp-image-110344\"><\/figure><\/li><li class=\"blocks-gallery-item\"><figure><img decoding=\"async\" src=\"https:\/\/autoshow.ch\/wp-content\/uploads\/2025\/12\/Unknown-6-1.jpeg\" alt=\"  data-id=\" data-full-url=\"https:\/\/autoshow.ch\/wp-content\/uploads\/2025\/12\/Unknown-6-1.jpeg\" data-link=\"https:\/\/autoshow.ch\/?attachment_id=110345\" class=\"wp-image-110345\"><\/figure><\/li><li class=\"blocks-gallery-item\"><figure><img decoding=\"async\" src=\"https:\/\/autoshow.ch\/wp-content\/uploads\/2025\/12\/Unknown-7-1.jpeg\" alt=\"  data-id=\" data-full-url=\"https:\/\/autoshow.ch\/wp-content\/uploads\/2025\/12\/Unknown-7-1.jpeg\" data-link=\"https:\/\/autoshow.ch\/?attachment_id=110346\" class=\"wp-image-110346\"><\/figure><\/li><li class=\"blocks-gallery-item\"><figure><img decoding=\"async\" src=\"https:\/\/autoshow.ch\/wp-content\/uploads\/2025\/12\/Unknown-8.jpeg\" alt=\"  data-id=\" data-full-url=\"https:\/\/autoshow.ch\/wp-content\/uploads\/2025\/12\/Unknown-8.jpeg\" data-link=\"https:\/\/autoshow.ch\/?attachment_id=110347\" class=\"wp-image-110347\"><\/figure><\/li><li class=\"blocks-gallery-item\"><figure><img decoding=\"async\" src=\"https:\/\/autoshow.ch\/wp-content\/uploads\/2025\/12\/Unknown-9.jpeg\" alt=\"  data-id=\" data-full-url=\"https:\/\/autoshow.ch\/wp-content\/uploads\/2025\/12\/Unknown-9.jpeg\" data-link=\"https:\/\/autoshow.ch\/?attachment_id=110348\" class=\"wp-image-110348\"><\/figure><\/li><li class=\"blocks-gallery-item\"><figure><img decoding=\"async\" src=\"https:\/\/autoshow.ch\/wp-content\/uploads\/2025\/12\/Unknown-10.jpeg\" alt=\"  data-id=\" data-full-url=\"https:\/\/autoshow.ch\/wp-content\/uploads\/2025\/12\/Unknown-10.jpeg\" data-link=\"https:\/\/autoshow.ch\/?attachment_id=110351\" class=\"wp-image-110351\"><\/figure><\/li><li class=\"blocks-gallery-item\"><figure><img decoding=\"async\" src=\"https:\/\/autoshow.ch\/wp-content\/uploads\/2025\/12\/Unknown-11.jpeg\" alt=\"  data-id=\" data-full-url=\"https:\/\/autoshow.ch\/wp-content\/uploads\/2025\/12\/Unknown-11.jpeg\" data-link=\"https:\/\/autoshow.ch\/?attachment_id=110352\" class=\"wp-image-110352\"><\/figure><\/li><li class=\"blocks-gallery-item\"><figure><img decoding=\"async\" src=\"https:\/\/autoshow.ch\/wp-content\/uploads\/2025\/12\/Unknown-12.jpeg\" alt=\"  data-id=\" data-full-url=\"https:\/\/autoshow.ch\/wp-content\/uploads\/2025\/12\/Unknown-12.jpeg\" data-link=\"https:\/\/autoshow.ch\/?attachment_id=110353\" class=\"wp-image-110353\"><\/figure><\/li><li class=\"blocks-gallery-item\"><figure><img decoding=\"async\" src=\"https:\/\/autoshow.ch\/wp-content\/uploads\/2025\/12\/Unknown-13.jpeg\" alt=\"  data-id=\" data-full-url=\"https:\/\/autoshow.ch\/wp-content\/uploads\/2025\/12\/Unknown-13.jpeg\" data-link=\"https:\/\/autoshow.ch\/?attachment_id=110354\" class=\"wp-image-110354\"><\/figure><\/li><li class=\"blocks-gallery-item\"><figure><img decoding=\"async\" src=\"https:\/\/autoshow.ch\/wp-content\/uploads\/2025\/12\/Unknown-14.jpeg\" alt=\"  data-id=\" data-full-url=\"https:\/\/autoshow.ch\/wp-content\/uploads\/2025\/12\/Unknown-14.jpeg\" data-link=\"https:\/\/autoshow.ch\/?attachment_id=110355\" class=\"wp-image-110355\"><\/figure><\/li><li class=\"blocks-gallery-item\"><figure><img decoding=\"async\" src=\"https:\/\/autoshow.ch\/wp-content\/uploads\/2025\/12\/Unknown-15.jpeg\" alt=\"  data-id=\" data-full-url=\"https:\/\/autoshow.ch\/wp-content\/uploads\/2025\/12\/Unknown-15.jpeg\" data-link=\"https:\/\/autoshow.ch\/?attachment_id=110356\" class=\"wp-image-110356\"><\/figure><\/li><li class=\"blocks-gallery-item\"><figure><img decoding=\"async\" src=\"https:\/\/autoshow.ch\/wp-content\/uploads\/2025\/12\/Unknown-16-1.jpeg\" alt=\"  data-id=\" data-full-url=\"https:\/\/autoshow.ch\/wp-content\/uploads\/2025\/12\/Unknown-16-1.jpeg\" data-link=\"https:\/\/autoshow.ch\/?attachment_id=110357\" class=\"wp-image-110357\"><\/figure><\/li><li class=\"blocks-gallery-item\"><figure><img decoding=\"async\" src=\"https:\/\/autoshow.ch\/wp-content\/uploads\/2025\/12\/Unknown-17.jpeg\" alt=\"  data-id=\" data-full-url=\"https:\/\/autoshow.ch\/wp-content\/uploads\/2025\/12\/Unknown-17.jpeg\" data-link=\"https:\/\/autoshow.ch\/?attachment_id=110358\" class=\"wp-image-110358\"><\/figure><\/li><li class=\"blocks-gallery-item\"><figure><img decoding=\"async\" src=\"https:\/\/autoshow.ch\/wp-content\/uploads\/2025\/12\/Unknown-16.jpeg\" alt=\"  data-id=\" data-full-url=\"https:\/\/autoshow.ch\/wp-content\/uploads\/2025\/12\/Unknown-16.jpeg\" data-link=\"https:\/\/autoshow.ch\/?attachment_id=110359\" class=\"wp-image-110359\"><\/figure><\/li><\/ul><\/figure>\n","protected":false},"excerpt":{"rendered":"<p>VW Golf 1.5 eTSI R\u2011Line DSG \u2014 8 pi\u00e8ces disponibles en stock pour seule\u00adment CHF\u2026<\/p>\n","protected":false},"author":31,"featured_media":227081,"comment_status":"closed","ping_status":"closed","sticky":false,"template":"","format":"standard","meta":{"_acf_changed":false,"inline_featured_image":false,"wp_typography_post_enhancements_disabled":false,"footnotes":""},"categories":[673],"tags":[],"class_list":["post-227080","post","type-post","status-publish","format-standard","has-post-thumbnail","hentry","category-action"],"acf":[],"yoast_head":"<!-- This site is optimized with the Yoast SEO plugin v27.4 - https:\/\/yoast.com\/product\/yoast-seo-wordpress\/ -->\n<title>VW Golf R-Line en stock | Autoshow Aathal AG<\/title>\n<meta name=\"description\" content=\"VW Golf 1.5 eTSI R-Line DSG - 8 pi\u00e8ces disponibles en stock pour seulement CHF 38&#039;700 ou d\u00e8s CHF 441\/mois\" \/>\n<meta name=\"robots\" content=\"index, follow, max-snippet:-1, max-image-preview:large, max-video-preview:-1\" \/>\n<link rel=\"canonical\" href=\"https:\/\/autoshow.ch\/fr\/news\/vw-golf-r-line-en-stock\/\" \/>\n<meta property=\"og:locale\" content=\"fr_FR\" \/>\n<meta property=\"og:type\" content=\"article\" \/>\n<meta property=\"og:title\" content=\"VW Golf R-Line en stock | Autoshow Aathal AG\" \/>\n<meta property=\"og:description\" content=\"VW Golf 1.5 eTSI R-Line DSG - 8 pi\u00e8ces disponibles en stock pour seulement CHF 38&#039;700 ou d\u00e8s CHF 441\/mois\" \/>\n<meta property=\"og:url\" content=\"https:\/\/autoshow.ch\/fr\/news\/vw-golf-r-line-en-stock\/\" \/>\n<meta property=\"og:site_name\" content=\"Autoshow Aathal AG\" \/>\n<meta property=\"article:publisher\" content=\"https:\/\/www.facebook.com\/autoshow.ch\" \/>\n<meta property=\"article:published_time\" content=\"2022-02-28T10:05:00+00:00\" \/>\n<meta property=\"article:modified_time\" content=\"2026-04-10T08:26:33+00:00\" \/>\n<meta property=\"og:image\" content=\"https:\/\/autoshow.ch\/wp-content\/uploads\/2025\/12\/wir-gehoeren-zu-den-besten-autoshow-9.jpeg\" \/>\n\t<meta property=\"og:image:width\" content=\"1146\" \/>\n\t<meta property=\"og:image:height\" content=\"1536\" \/>\n\t<meta property=\"og:image:type\" content=\"image\/jpeg\" \/>\n<meta name=\"author\" content=\"Marketing Autoshow\" \/>\n<meta name=\"twitter:card\" content=\"summary_large_image\" \/>\n<!-- \/ Yoast SEO plugin. -->","yoast_head_json":{"title":"VW Golf R-Line en stock | Autoshow Aathal AG","description":"VW Golf 1.5 eTSI R-Line DSG - 8 pi\u00e8ces disponibles en stock pour seulement CHF 38'700 ou d\u00e8s CHF 441\/mois","robots":{"index":"index","follow":"follow","max-snippet":"max-snippet:-1","max-image-preview":"max-image-preview:large","max-video-preview":"max-video-preview:-1"},"canonical":"https:\/\/autoshow.ch\/fr\/news\/vw-golf-r-line-en-stock\/","og_locale":"fr_FR","og_type":"article","og_title":"VW Golf R-Line en stock | Autoshow Aathal AG","og_description":"VW Golf 1.5 eTSI R-Line DSG - 8 pi\u00e8ces disponibles en stock pour seulement CHF 38'700 ou d\u00e8s CHF 441\/mois","og_url":"https:\/\/autoshow.ch\/fr\/news\/vw-golf-r-line-en-stock\/","og_site_name":"Autoshow Aathal AG","article_publisher":"https:\/\/www.facebook.com\/autoshow.ch","article_published_time":"2022-02-28T10:05:00+00:00","article_modified_time":"2026-04-10T08:26:33+00:00","og_image":[{"width":1146,"height":1536,"url":"https:\/\/autoshow.ch\/wp-content\/uploads\/2025\/12\/wir-gehoeren-zu-den-besten-autoshow-9.jpeg","type":"image\/jpeg"}],"author":"Marketing Autoshow","twitter_card":"summary_large_image","schema":{"@context":"https:\/\/schema.org","@graph":[{"@type":["Article","BlogPosting"],"@id":"https:\/\/autoshow.ch\/fr\/news\/vw-golf-r-line-en-stock\/#article","isPartOf":{"@id":"https:\/\/autoshow.ch\/fr\/news\/vw-golf-r-line-en-stock\/"},"author":{"name":"Marketing Autoshow","@id":"https:\/\/autoshow.ch\/fr\/#\/schema\/person\/0fc96e1a12fbe3a05e1059e7b26ca148"},"headline":"VW Golf R\u2011Line en stock","datePublished":"2022-02-28T10:05:00+00:00","dateModified":"2026-04-10T08:26:33+00:00","mainEntityOfPage":{"@id":"https:\/\/autoshow.ch\/fr\/news\/vw-golf-r-line-en-stock\/"},"wordCount":213,"publisher":{"@id":"https:\/\/autoshow.ch\/fr\/#organization"},"image":{"@id":"https:\/\/autoshow.ch\/fr\/news\/vw-golf-r-line-en-stock\/#primaryimage"},"thumbnailUrl":"https:\/\/autoshow.ch\/wp-content\/uploads\/2025\/12\/wir-gehoeren-zu-den-besten-autoshow-9.jpeg","articleSection":["ACTION"],"inLanguage":"fr-FR"},{"@type":"WebPage","@id":"https:\/\/autoshow.ch\/fr\/news\/vw-golf-r-line-en-stock\/","url":"https:\/\/autoshow.ch\/fr\/news\/vw-golf-r-line-en-stock\/","name":"VW Golf R-Line en stock | Autoshow Aathal AG","isPartOf":{"@id":"https:\/\/autoshow.ch\/fr\/#website"},"primaryImageOfPage":{"@id":"https:\/\/autoshow.ch\/fr\/news\/vw-golf-r-line-en-stock\/#primaryimage"},"image":{"@id":"https:\/\/autoshow.ch\/fr\/news\/vw-golf-r-line-en-stock\/#primaryimage"},"thumbnailUrl":"https:\/\/autoshow.ch\/wp-content\/uploads\/2025\/12\/wir-gehoeren-zu-den-besten-autoshow-9.jpeg","datePublished":"2022-02-28T10:05:00+00:00","dateModified":"2026-04-10T08:26:33+00:00","description":"VW Golf 1.5 eTSI R-Line DSG - 8 pi\u00e8ces disponibles en stock pour seulement CHF 38'700 ou d\u00e8s CHF 441\/mois","breadcrumb":{"@id":"https:\/\/autoshow.ch\/fr\/news\/vw-golf-r-line-en-stock\/#breadcrumb"},"inLanguage":"fr-FR","potentialAction":[{"@type":"ReadAction","target":["https:\/\/autoshow.ch\/fr\/news\/vw-golf-r-line-en-stock\/"]}]},{"@type":"ImageObject","inLanguage":"fr-FR","@id":"https:\/\/autoshow.ch\/fr\/news\/vw-golf-r-line-en-stock\/#primaryimage","url":"https:\/\/autoshow.ch\/wp-content\/uploads\/2025\/12\/wir-gehoeren-zu-den-besten-autoshow-9.jpeg","contentUrl":"https:\/\/autoshow.ch\/wp-content\/uploads\/2025\/12\/wir-gehoeren-zu-den-besten-autoshow-9.jpeg","width":1146,"height":1536,"caption":"VW Golf R-Line en stock - Autoshow Aathal AG pr\u00e8s d\u2019Uster propose des occasions et des v\u00e9hicules neufs \u00e0 prix avantageux 21"},{"@type":"BreadcrumbList","@id":"https:\/\/autoshow.ch\/fr\/news\/vw-golf-r-line-en-stock\/#breadcrumb","itemListElement":[{"@type":"ListItem","position":1,"name":"Startseite","item":"https:\/\/autoshow.ch\/fr\/"},{"@type":"ListItem","position":2,"name":"VW Golf R\u2011Line en stock"}]},{"@type":"WebSite","@id":"https:\/\/autoshow.ch\/fr\/#website","url":"https:\/\/autoshow.ch\/fr\/","name":"Autoshow Aathal AG","description":"bei Uster bietet g\u00fcnstige Occasionen und Neuwagen","publisher":{"@id":"https:\/\/autoshow.ch\/fr\/#organization"},"alternateName":"Autoshow","potentialAction":[{"@type":"SearchAction","target":{"@type":"EntryPoint","urlTemplate":"https:\/\/autoshow.ch\/fr\/?s={search_term_string}"},"query-input":{"@type":"PropertyValueSpecification","valueRequired":true,"valueName":"search_term_string"}}],"inLanguage":"fr-FR"},{"@type":"Organization","@id":"https:\/\/autoshow.ch\/fr\/#organization","name":"Autoshow Aathal AG","alternateName":"Autoshow","url":"https:\/\/autoshow.ch\/fr\/","logo":{"@type":"ImageObject","inLanguage":"fr-FR","@id":"https:\/\/autoshow.ch\/fr\/#\/schema\/logo\/image\/","url":"https:\/\/autoshow.ch\/wp-content\/uploads\/2025\/12\/autoshow-aathal-ag-logo@696x696.png","contentUrl":"https:\/\/autoshow.ch\/wp-content\/uploads\/2025\/12\/autoshow-aathal-ag-logo@696x696.png","width":696,"height":696,"caption":"Autoshow Aathal AG"},"image":{"@id":"https:\/\/autoshow.ch\/fr\/#\/schema\/logo\/image\/"},"sameAs":["https:\/\/www.facebook.com\/autoshow.ch","https:\/\/www.instagram.com\/autoshow_aathal\/","https:\/\/www.linkedin.com\/company\/autoshow-aathal-ag","https:\/\/www.youtube.com\/user\/AutoshowAathal"]},{"@type":"Person","@id":"https:\/\/autoshow.ch\/fr\/#\/schema\/person\/0fc96e1a12fbe3a05e1059e7b26ca148","name":"Marketing Autoshow","image":{"@type":"ImageObject","inLanguage":"fr-FR","@id":"https:\/\/autoshow.ch\/wp-content\/litespeed\/avatar\/46547ed71fe40fb39a471b2711fab529.jpg?ver=1776774629","url":"https:\/\/autoshow.ch\/wp-content\/litespeed\/avatar\/46547ed71fe40fb39a471b2711fab529.jpg?ver=1776774629","contentUrl":"https:\/\/autoshow.ch\/wp-content\/litespeed\/avatar\/46547ed71fe40fb39a471b2711fab529.jpg?ver=1776774629","caption":"Marketing Autoshow"},"sameAs":["https:\/\/autoshow.ch"]}]}},"_links":{"self":[{"href":"https:\/\/autoshow.ch\/fr\/wp-json\/wp\/v2\/posts\/227080","targetHints":{"allow":["GET"]}}],"collection":[{"href":"https:\/\/autoshow.ch\/fr\/wp-json\/wp\/v2\/posts"}],"about":[{"href":"https:\/\/autoshow.ch\/fr\/wp-json\/wp\/v2\/types\/post"}],"author":[{"embeddable":true,"href":"https:\/\/autoshow.ch\/fr\/wp-json\/wp\/v2\/users\/31"}],"replies":[{"embeddable":true,"href":"https:\/\/autoshow.ch\/fr\/wp-json\/wp\/v2\/comments?post=227080"}],"version-history":[{"count":1,"href":"https:\/\/autoshow.ch\/fr\/wp-json\/wp\/v2\/posts\/227080\/revisions"}],"predecessor-version":[{"id":227082,"href":"https:\/\/autoshow.ch\/fr\/wp-json\/wp\/v2\/posts\/227080\/revisions\/227082"}],"wp:featuredmedia":[{"embeddable":true,"href":"https:\/\/autoshow.ch\/fr\/wp-json\/wp\/v2\/media\/227081"}],"wp:attachment":[{"href":"https:\/\/autoshow.ch\/fr\/wp-json\/wp\/v2\/media?parent=227080"}],"wp:term":[{"taxonomy":"category","embeddable":true,"href":"https:\/\/autoshow.ch\/fr\/wp-json\/wp\/v2\/categories?post=227080"},{"taxonomy":"post_tag","embeddable":true,"href":"https:\/\/autoshow.ch\/fr\/wp-json\/wp\/v2\/tags?post=227080"}],"curies":[{"name":"wp","href":"https:\/\/api.w.org\/{rel}","templated":true}]}}