{"id":226589,"date":"2020-03-14T11:27:39","date_gmt":"2020-03-14T10:27:39","guid":{"rendered":"https:\/\/autoshow.ch\/news\/nouveautes-automobiles-en-ligne\/"},"modified":"2026-04-10T10:17:35","modified_gmt":"2026-04-10T08:17:35","slug":"nouveautes-automobiles-en-ligne","status":"publish","type":"post","link":"https:\/\/autoshow.ch\/fr\/news\/nouveautes-automobiles-en-ligne\/","title":{"rendered":"Nouveaut\u00e9s automobiles en ligne"},"content":{"rendered":"\n<h2 class=\"wp-block-heading\">Exposition de printemps de mars annul\u00e9e<\/h2>\n\n<p><strong>En rai\u00adson des mesures ren\u00adfor\u00adc\u00e9es con\u00adtre la prop\u00ada\u00adga\u00adtion du coro\u00adn\u00adavirus d\u00e9cid\u00e9es par le Con\u00adseil f\u00e9d\u00e9ral pour toute la Suisse, la grande et tra\u00addi\u00adtion\u00adnelle expo\u00adsi\u00adtion de print\u00ademps d\u2019Au\u00adtoshow Aathal en mars n\u2019au\u00adra pas lieu. <\/strong><\/p>\n\n<p>D\u00e9cou\u00advrez en ligne sur notre site web (nous vous recom\u00adman\u00addons de ne vis\u00aditer notre grand espace d\u2019ex\u00adpo\u00adsi\u00adtion ext\u00e9rieur qu\u2019apr\u00e8s la lev\u00ad\u00e9e des mesures actuelle\u00adment ren\u00adfor\u00adc\u00e9es par le Con\u00adseil f\u00e9d\u00e9ral) des nou\u00adveaut\u00e9s attrac\u00adtives, des v\u00e9hicules d\u2019oc\u00adca\u00adsion r\u00e9cents \u00e9prou\u00adv\u00e9s et des occa\u00adsions de pre\u00admi\u00e8re qual\u00adit\u00e9.<\/p>\n\n<div class=\"wp-block-group\"><div class=\"wp-block-group__inner-container is-layout-flow wp-block-group-is-layout-flow\">\n<div class=\"wp-block-group\"><div class=\"wp-block-group__inner-container is-layout-flow wp-block-group-is-layout-flow\">\n<figure class=\"wp-block-image\"><img decoding=\"async\" src=\"https:\/\/autoshow.ch\/wp-content\/uploads\/2025\/12\/home-autoshow-11-scaled.jpg\" alt=\"Accueil - Autoshow Aathal AG 23\" class=\"wp-image-36116\"><\/figure>\n<\/div><\/div>\n<\/div><\/div>\n\n<p>Com\u00adment rouler aujour\u00add\u2019hui ? \u00c9lec\u00adtrique ou hybride, ou plut\u00f4t clas\u00adsique avec essence ou diesel ? Trac\u00adtion avant, arri\u00e8re ou int\u00e9\u00adgrale ? Cita\u00addine, grande berline famil\u00adiale, SUV sportif ou grand pick-up ? \u00c0 vous de choisir ! Par\u00admi nos plus de 400 v\u00e9hicules, vous trou\u00adverez la voiture de vos r\u00eaves.     <\/p>\n\n<p>Prof\u00aditez \u00e9gale\u00adment en ligne chaque jour de nos prix imbat\u00adta\u00adbles, de nos offres attrac\u00adtives de leas\u00ading et de finance\u00adment ain\u00adsi que de nos presta\u00adtions com\u00adpl\u00e8tes de ser\u00advice et de garantie ! Pour toute infor\u00adma\u00adtion et con\u00adseil con\u00adcer\u00adnant la vente, nous sommes \u00e0 votre dis\u00adpo\u00adsi\u00adtion par t\u00e9l\u00e9\u00adphone ou en ligne pen\u00addant nos horaires d\u2019ou\u00adver\u00adture mod\u00adi\u00adfi\u00e9s. <br><\/p>\n\n<div class=\"wp-block-group\"><div class=\"wp-block-group__inner-container is-layout-flow wp-block-group-is-layout-flow\">\n<div class=\"wp-block-group\"><div class=\"wp-block-group__inner-container is-layout-flow wp-block-group-is-layout-flow\">\n<figure class=\"wp-block-image\"><img decoding=\"async\" src=\"https:\/\/autoshow.ch\/wp-content\/uploads\/2025\/12\/auto-marken-autoshow-3-scaled.jpg\" alt=\"Marques automobiles - Autoshow Aathal AG 2\" class=\"wp-image-36363\"><\/figure>\n<\/div><\/div>\n<\/div><\/div>\n\n<h2 class=\"wp-block-heading\"><strong>Veuillez noter ce qui suit :<\/strong><\/h2>\n\n<h3 class=\"wp-block-heading\"><strong>Pr\u00e9vention COVID-19<\/strong> <strong>- les personnes vuln\u00e9rables suivantes doivent \u00e9viter les lieux fr\u00e9quent\u00e9s :<\/strong><\/h3>\n\n<ul class=\"wp-block-list\"><li>Per\u00adson\u00adnes malades ain\u00adsi que per\u00adson\u00adnes \u00e2g\u00e9es de 65 ans et plus<\/li><li>Per\u00adson\u00adnes pr\u00e9sen\u00adtant des symp\u00adt\u00f4mes du coro\u00adn\u00adavirus. Les symp\u00adt\u00f4mes les plus fr\u00e9quents d\u2019une infec\u00adtion au coro\u00adn\u00adavirus sont la fi\u00e8vre, la toux et des dif\u00adfi\u00adcult\u00e9s res\u00adpi\u00adra\u00adtoires. Ces symp\u00adt\u00f4mes peu\u00advent \u00eatre de grav\u00adit\u00e9 vari\u00adable. Des com\u00adpli\u00adca\u00adtions telles qu\u2019une pneu\u00admonie sont \u00e9gale\u00adment pos\u00adsi\u00adbles. Cer\u00adtaines per\u00adson\u00adnes malades ont aus\u00adsi des prob\u00adl\u00e8mes diges\u00adtifs ou ocu\u00adlaires (con\u00adjonc\u00adtivite)    <\/li><li>Per\u00adson\u00adnes ayant voy\u00adag\u00e9 dans une zone touch\u00e9e (selon l\u2019<a aria-label=\"BAG (opens in a new tab)\" href=\"https:\/\/www.bag.admin.ch\/bag\/de\/home\/krankheiten\/ausbrueche-epidemien-pandemien\/aktuelle-ausbrueche-epidemien\/novel-cov.html#-93412391\" target=\"_blank\" rel=\"noreferrer noopener\">OFSP<\/a>) au cours des 14 derniers jours.<\/li><\/ul>\n\n<div style=\"height:20px\" aria-hidden=\"true\" class=\"wp-block-spacer\"><\/div>\n\n<div class=\"wp-block-button\"><a class=\"wp-block-button__link has-background no-border-radius\" href=\"https:\/\/autoshow.ch\/app\/uploads\/2020\/03\/plakat_neues_coronavirus_so_schuetzen_wir_uns.pdf\" style=\"background-color:#2a499e\" target=\"_blank\" rel=\"noreferrer noopener\">Com\u00adment nous pro\u00adt\u00e9ger<\/a><\/div>\n","protected":false},"excerpt":{"rendered":"<p>Nou\u00adveaut\u00e9s auto\u00admo\u00adbiles en ligne. Expo\u00adsi\u00adtion de print\u00ademps en mars annul\u00e9e.\u2026<\/p>\n","protected":false},"author":31,"featured_media":226590,"comment_status":"closed","ping_status":"closed","sticky":false,"template":"","format":"standard","meta":{"_acf_changed":false,"inline_featured_image":false,"wp_typography_post_enhancements_disabled":false,"footnotes":""},"categories":[677],"tags":[],"class_list":["post-226589","post","type-post","status-publish","format-standard","has-post-thumbnail","hentry","category-evenement"],"acf":[],"yoast_head":"<!-- This site is optimized with the Yoast SEO plugin v27.4 - https:\/\/yoast.com\/product\/yoast-seo-wordpress\/ -->\n<title>Nouveaut\u00e9s automobiles en ligne | Autoshow Aathal AG<\/title>\n<meta name=\"description\" content=\"Nouveaut\u00e9s automobiles en ligne. Exposition de printemps en mars annul\u00e9e.\" \/>\n<meta name=\"robots\" content=\"index, follow, max-snippet:-1, max-image-preview:large, max-video-preview:-1\" \/>\n<link rel=\"canonical\" href=\"https:\/\/autoshow.ch\/fr\/news\/nouveautes-automobiles-en-ligne\/\" \/>\n<meta property=\"og:locale\" content=\"fr_FR\" \/>\n<meta property=\"og:type\" content=\"article\" \/>\n<meta property=\"og:title\" content=\"Nouveaut\u00e9s automobiles en ligne | Autoshow Aathal AG\" \/>\n<meta property=\"og:description\" content=\"Nouveaut\u00e9s automobiles en ligne. Exposition de printemps en mars annul\u00e9e.\" \/>\n<meta property=\"og:url\" content=\"https:\/\/autoshow.ch\/fr\/news\/nouveautes-automobiles-en-ligne\/\" \/>\n<meta property=\"og:site_name\" content=\"Autoshow Aathal AG\" \/>\n<meta property=\"article:publisher\" content=\"https:\/\/www.facebook.com\/autoshow.ch\" \/>\n<meta property=\"article:published_time\" content=\"2020-03-14T10:27:39+00:00\" \/>\n<meta property=\"article:modified_time\" content=\"2026-04-10T08:17:35+00:00\" \/>\n<meta property=\"og:image\" content=\"https:\/\/autoshow.ch\/wp-content\/uploads\/2025\/12\/Ausstellung-Sonntag-scaled-1.jpg\" \/>\n\t<meta property=\"og:image:width\" content=\"1536\" \/>\n\t<meta property=\"og:image:height\" content=\"1152\" \/>\n\t<meta property=\"og:image:type\" content=\"image\/jpeg\" \/>\n<meta name=\"author\" content=\"Marketing Autoshow\" \/>\n<meta name=\"twitter:card\" content=\"summary_large_image\" \/>\n<!-- \/ Yoast SEO plugin. -->","yoast_head_json":{"title":"Nouveaut\u00e9s automobiles en ligne | Autoshow Aathal AG","description":"Nouveaut\u00e9s automobiles en ligne. Exposition de printemps en mars annul\u00e9e.","robots":{"index":"index","follow":"follow","max-snippet":"max-snippet:-1","max-image-preview":"max-image-preview:large","max-video-preview":"max-video-preview:-1"},"canonical":"https:\/\/autoshow.ch\/fr\/news\/nouveautes-automobiles-en-ligne\/","og_locale":"fr_FR","og_type":"article","og_title":"Nouveaut\u00e9s automobiles en ligne | Autoshow Aathal AG","og_description":"Nouveaut\u00e9s automobiles en ligne. Exposition de printemps en mars annul\u00e9e.","og_url":"https:\/\/autoshow.ch\/fr\/news\/nouveautes-automobiles-en-ligne\/","og_site_name":"Autoshow Aathal AG","article_publisher":"https:\/\/www.facebook.com\/autoshow.ch","article_published_time":"2020-03-14T10:27:39+00:00","article_modified_time":"2026-04-10T08:17:35+00:00","og_image":[{"width":1536,"height":1152,"url":"https:\/\/autoshow.ch\/wp-content\/uploads\/2025\/12\/Ausstellung-Sonntag-scaled-1.jpg","type":"image\/jpeg"}],"author":"Marketing Autoshow","twitter_card":"summary_large_image","schema":{"@context":"https:\/\/schema.org","@graph":[{"@type":["Article","BlogPosting"],"@id":"https:\/\/autoshow.ch\/fr\/news\/nouveautes-automobiles-en-ligne\/#article","isPartOf":{"@id":"https:\/\/autoshow.ch\/fr\/news\/nouveautes-automobiles-en-ligne\/"},"author":{"name":"Marketing Autoshow","@id":"https:\/\/autoshow.ch\/fr\/#\/schema\/person\/0fc96e1a12fbe3a05e1059e7b26ca148"},"headline":"Nouveaut\u00e9s automobiles en ligne","datePublished":"2020-03-14T10:27:39+00:00","dateModified":"2026-04-10T08:17:35+00:00","mainEntityOfPage":{"@id":"https:\/\/autoshow.ch\/fr\/news\/nouveautes-automobiles-en-ligne\/"},"wordCount":327,"publisher":{"@id":"https:\/\/autoshow.ch\/fr\/#organization"},"image":{"@id":"https:\/\/autoshow.ch\/fr\/news\/nouveautes-automobiles-en-ligne\/#primaryimage"},"thumbnailUrl":"https:\/\/autoshow.ch\/wp-content\/uploads\/2025\/12\/Ausstellung-Sonntag-scaled-1.jpg","articleSection":["\u00c9V\u00c9NEMENT"],"inLanguage":"fr-FR"},{"@type":"WebPage","@id":"https:\/\/autoshow.ch\/fr\/news\/nouveautes-automobiles-en-ligne\/","url":"https:\/\/autoshow.ch\/fr\/news\/nouveautes-automobiles-en-ligne\/","name":"Nouveaut\u00e9s automobiles en ligne | Autoshow Aathal AG","isPartOf":{"@id":"https:\/\/autoshow.ch\/fr\/#website"},"primaryImageOfPage":{"@id":"https:\/\/autoshow.ch\/fr\/news\/nouveautes-automobiles-en-ligne\/#primaryimage"},"image":{"@id":"https:\/\/autoshow.ch\/fr\/news\/nouveautes-automobiles-en-ligne\/#primaryimage"},"thumbnailUrl":"https:\/\/autoshow.ch\/wp-content\/uploads\/2025\/12\/Ausstellung-Sonntag-scaled-1.jpg","datePublished":"2020-03-14T10:27:39+00:00","dateModified":"2026-04-10T08:17:35+00:00","description":"Nouveaut\u00e9s automobiles en ligne. Exposition de printemps en mars annul\u00e9e.","breadcrumb":{"@id":"https:\/\/autoshow.ch\/fr\/news\/nouveautes-automobiles-en-ligne\/#breadcrumb"},"inLanguage":"fr-FR","potentialAction":[{"@type":"ReadAction","target":["https:\/\/autoshow.ch\/fr\/news\/nouveautes-automobiles-en-ligne\/"]}]},{"@type":"ImageObject","inLanguage":"fr-FR","@id":"https:\/\/autoshow.ch\/fr\/news\/nouveautes-automobiles-en-ligne\/#primaryimage","url":"https:\/\/autoshow.ch\/wp-content\/uploads\/2025\/12\/Ausstellung-Sonntag-scaled-1.jpg","contentUrl":"https:\/\/autoshow.ch\/wp-content\/uploads\/2025\/12\/Ausstellung-Sonntag-scaled-1.jpg","width":1536,"height":1152,"caption":"Nouveaut\u00e9s automobiles en ligne - Autoshow Aathal AG pr\u00e8s d'Uster propose des occasions et des v\u00e9hicules neufs \u00e0 prix avantageux 2"},{"@type":"BreadcrumbList","@id":"https:\/\/autoshow.ch\/fr\/news\/nouveautes-automobiles-en-ligne\/#breadcrumb","itemListElement":[{"@type":"ListItem","position":1,"name":"Startseite","item":"https:\/\/autoshow.ch\/fr\/"},{"@type":"ListItem","position":2,"name":"Nouveaut\u00e9s automobiles en ligne"}]},{"@type":"WebSite","@id":"https:\/\/autoshow.ch\/fr\/#website","url":"https:\/\/autoshow.ch\/fr\/","name":"Autoshow Aathal AG","description":"bei Uster bietet g\u00fcnstige Occasionen und Neuwagen","publisher":{"@id":"https:\/\/autoshow.ch\/fr\/#organization"},"alternateName":"Autoshow","potentialAction":[{"@type":"SearchAction","target":{"@type":"EntryPoint","urlTemplate":"https:\/\/autoshow.ch\/fr\/?s={search_term_string}"},"query-input":{"@type":"PropertyValueSpecification","valueRequired":true,"valueName":"search_term_string"}}],"inLanguage":"fr-FR"},{"@type":"Organization","@id":"https:\/\/autoshow.ch\/fr\/#organization","name":"Autoshow Aathal AG","alternateName":"Autoshow","url":"https:\/\/autoshow.ch\/fr\/","logo":{"@type":"ImageObject","inLanguage":"fr-FR","@id":"https:\/\/autoshow.ch\/fr\/#\/schema\/logo\/image\/","url":"https:\/\/autoshow.ch\/wp-content\/uploads\/2025\/12\/autoshow-aathal-ag-logo@696x696.png","contentUrl":"https:\/\/autoshow.ch\/wp-content\/uploads\/2025\/12\/autoshow-aathal-ag-logo@696x696.png","width":696,"height":696,"caption":"Autoshow Aathal AG"},"image":{"@id":"https:\/\/autoshow.ch\/fr\/#\/schema\/logo\/image\/"},"sameAs":["https:\/\/www.facebook.com\/autoshow.ch","https:\/\/www.instagram.com\/autoshow_aathal\/","https:\/\/www.linkedin.com\/company\/autoshow-aathal-ag","https:\/\/www.youtube.com\/user\/AutoshowAathal"]},{"@type":"Person","@id":"https:\/\/autoshow.ch\/fr\/#\/schema\/person\/0fc96e1a12fbe3a05e1059e7b26ca148","name":"Marketing Autoshow","image":{"@type":"ImageObject","inLanguage":"fr-FR","@id":"https:\/\/autoshow.ch\/wp-content\/litespeed\/avatar\/46547ed71fe40fb39a471b2711fab529.jpg?ver=1776774629","url":"https:\/\/autoshow.ch\/wp-content\/litespeed\/avatar\/46547ed71fe40fb39a471b2711fab529.jpg?ver=1776774629","contentUrl":"https:\/\/autoshow.ch\/wp-content\/litespeed\/avatar\/46547ed71fe40fb39a471b2711fab529.jpg?ver=1776774629","caption":"Marketing Autoshow"},"sameAs":["https:\/\/autoshow.ch"]}]}},"_links":{"self":[{"href":"https:\/\/autoshow.ch\/fr\/wp-json\/wp\/v2\/posts\/226589","targetHints":{"allow":["GET"]}}],"collection":[{"href":"https:\/\/autoshow.ch\/fr\/wp-json\/wp\/v2\/posts"}],"about":[{"href":"https:\/\/autoshow.ch\/fr\/wp-json\/wp\/v2\/types\/post"}],"author":[{"embeddable":true,"href":"https:\/\/autoshow.ch\/fr\/wp-json\/wp\/v2\/users\/31"}],"replies":[{"embeddable":true,"href":"https:\/\/autoshow.ch\/fr\/wp-json\/wp\/v2\/comments?post=226589"}],"version-history":[{"count":1,"href":"https:\/\/autoshow.ch\/fr\/wp-json\/wp\/v2\/posts\/226589\/revisions"}],"predecessor-version":[{"id":226591,"href":"https:\/\/autoshow.ch\/fr\/wp-json\/wp\/v2\/posts\/226589\/revisions\/226591"}],"wp:featuredmedia":[{"embeddable":true,"href":"https:\/\/autoshow.ch\/fr\/wp-json\/wp\/v2\/media\/226590"}],"wp:attachment":[{"href":"https:\/\/autoshow.ch\/fr\/wp-json\/wp\/v2\/media?parent=226589"}],"wp:term":[{"taxonomy":"category","embeddable":true,"href":"https:\/\/autoshow.ch\/fr\/wp-json\/wp\/v2\/categories?post=226589"},{"taxonomy":"post_tag","embeddable":true,"href":"https:\/\/autoshow.ch\/fr\/wp-json\/wp\/v2\/tags?post=226589"}],"curies":[{"name":"wp","href":"https:\/\/api.w.org\/{rel}","templated":true}]}}