{"id":226415,"date":"2021-03-01T17:07:00","date_gmt":"2021-03-01T16:07:00","guid":{"rendered":"https:\/\/autoshow.ch\/news\/vente-ouverte-des-le-1er-mars\/"},"modified":"2026-04-10T10:14:09","modified_gmt":"2026-04-10T08:14:09","slug":"vente-ouverte-des-le-1er-mars","status":"publish","type":"post","link":"https:\/\/autoshow.ch\/fr\/news\/vente-ouverte-des-le-1er-mars\/","title":{"rendered":"Vente ouverte d\u00e8s le 1er mars"},"content":{"rendered":"\n<h2 class=\"wp-block-heading\">D\u00e8s le 1er mars, nous serons \u00e0 nouveau \u00e0 votre disposition. Nous nous en r\u00e9jouissons beaucoup ! <\/h2>\n\n<p><strong>D\u00e8s le lun\u00addi 1er mars, notre ser\u00advice de vente sera \u00e0 nou\u00adveau ouvert pour vous. Nous nous r\u00e9jouis\u00adsons de pou\u00advoir \u00e0 nou\u00adveau vous accueil\u00adlir per\u00adson\u00adnelle\u00adment chez nous \u00e0 Aathal. Comme la san\u00adt\u00e9 de nos clients et de nos col\u00adlab\u00ado\u00adra\u00adteurs est naturelle\u00adment notre pri\u00ador\u00adit\u00e9 absolue, nous con\u00adtin\u00aduons \u00e0 respecter les mesures de la Con\u00adf\u00e9d\u00e9ra\u00adtion, du can\u00adton ain\u00adsi que de l\u2019Office f\u00e9d\u00e9ral de la san\u00adt\u00e9 publique. De plus, nous met\u00adtons en \u0153uvre de mani\u00e8re rigoureuse les con\u00adcepts et strat\u00e9\u00adgies de nos asso\u00adci\u00ada\u00adtions pro\u00adfes\u00adsion\u00adnelles.    <\/strong><\/p>\n\n<p>Informez-vous ici sur notre <a href=\"https:\/\/autoshow.ch\/unsere-schutzmassnahmen-im-verkaufsprozess\/\"><strong>con\u00adcept de pro\u00adtec\u00adtion<\/strong><\/a> pour la vente de v\u00e9hicules, afin d\u2019offrir \u00e0 toutes les per\u00adson\u00adnes impliqu\u00e9es dans ce proces\u00adsus la plus grande s\u00e9cu\u00adrit\u00e9 pos\u00adsi\u00adble con\u00adtre la COVID-19. Con\u00adsul\u00adtez \u00e9gale\u00adment notre <a href=\"https:\/\/www.youtube.com\/watch?v=1Ky3LcIHu6c&amp;t=1s\"><strong>vid\u00e9o explica\u00adtive<\/strong><\/a> pour voir com\u00adment les mesures de pro\u00adtec\u00adtion sont mis\u00ades en \u0153uvre sur place chez nous. <\/p>\n\n<figure class=\"wp-block-image\"><img decoding=\"async\" src=\"https:\/\/autoshow.ch\/wp-content\/uploads\/2025\/12\/verkauf-ab-1-maerz-offen-autoshow-2.jpeg\" alt=\"Vente ouverte d\u00e8s le 1er mars - Autoshow Aathal AG 1\" class=\"wp-image-96937\"><\/figure>\n\n<div class=\"wp-block-button\"><a class=\"wp-block-button__link has-text-color has-very-light-gray-color has-background has-vivid-cyan-blue-background-color\" href=\"https:\/\/autoshow.ch\/unsere-schutzmassnahmen-im-verkaufsprozess\/\">Con\u00adcept de pro\u00adtec\u00adtion<\/a><\/div>\n\n<div class=\"wp-block-button\"><a class=\"wp-block-button__link has-text-color has-very-light-gray-color has-background has-vivid-cyan-blue-background-color\" href=\"https:\/\/www.youtube.com\/watch?v=1Ky3LcIHu6c&amp;t=1s\">Vid\u00e9o explica\u00adtive<\/a><\/div>\n","protected":false},"excerpt":{"rendered":"<p>Enfin ! \u00c7a y est : d\u00e8s le 1er mars, nous serons \u00e0 nou\u00adveau \u00e0 votre dis\u00adpo\u00adsi\u00adtion. Nou\u2026<\/p>\n","protected":false},"author":31,"featured_media":226416,"comment_status":"closed","ping_status":"closed","sticky":false,"template":"","format":"standard","meta":{"_acf_changed":false,"inline_featured_image":false,"wp_typography_post_enhancements_disabled":false,"footnotes":""},"categories":[629],"tags":[],"class_list":["post-226415","post","type-post","status-publish","format-standard","has-post-thumbnail","hentry","category-actualites"],"acf":[],"yoast_head":"<!-- This site is optimized with the Yoast SEO plugin v27.4 - https:\/\/yoast.com\/product\/yoast-seo-wordpress\/ -->\n<title>Vente ouverte d\u00e8s le 1er mars | Autoshow Aathal AG<\/title>\n<meta name=\"description\" content=\"Enfin ! \u00c7a y est : d\u00e8s le 1er mars, nous serons \u00e0 nouveau \u00e0 votre disposition. Nous nous en r\u00e9jouissons beaucoup !\" \/>\n<meta name=\"robots\" content=\"index, follow, max-snippet:-1, max-image-preview:large, max-video-preview:-1\" \/>\n<link rel=\"canonical\" href=\"https:\/\/autoshow.ch\/fr\/news\/vente-ouverte-des-le-1er-mars\/\" \/>\n<meta property=\"og:locale\" content=\"fr_FR\" \/>\n<meta property=\"og:type\" content=\"article\" \/>\n<meta property=\"og:title\" content=\"Vente ouverte d\u00e8s le 1er mars | Autoshow Aathal AG\" \/>\n<meta property=\"og:description\" content=\"Enfin ! \u00c7a y est : d\u00e8s le 1er mars, nous serons \u00e0 nouveau \u00e0 votre disposition. Nous nous en r\u00e9jouissons beaucoup !\" \/>\n<meta property=\"og:url\" content=\"https:\/\/autoshow.ch\/fr\/news\/vente-ouverte-des-le-1er-mars\/\" \/>\n<meta property=\"og:site_name\" content=\"Autoshow Aathal AG\" \/>\n<meta property=\"article:publisher\" content=\"https:\/\/www.facebook.com\/autoshow.ch\" \/>\n<meta property=\"article:published_time\" content=\"2021-03-01T16:07:00+00:00\" \/>\n<meta property=\"article:modified_time\" content=\"2026-04-10T08:14:09+00:00\" \/>\n<meta property=\"og:image\" content=\"https:\/\/autoshow.ch\/wp-content\/uploads\/2025\/12\/verkauf-ab-1-maerz-offen-autoshow-3.jpeg\" \/>\n\t<meta property=\"og:image:width\" content=\"960\" \/>\n\t<meta property=\"og:image:height\" content=\"960\" \/>\n\t<meta property=\"og:image:type\" content=\"image\/jpeg\" \/>\n<meta name=\"author\" content=\"Marketing Autoshow\" \/>\n<meta name=\"twitter:card\" content=\"summary_large_image\" \/>\n<!-- \/ Yoast SEO plugin. -->","yoast_head_json":{"title":"Vente ouverte d\u00e8s le 1er mars | Autoshow Aathal AG","description":"Enfin ! \u00c7a y est : d\u00e8s le 1er mars, nous serons \u00e0 nouveau \u00e0 votre disposition. Nous nous en r\u00e9jouissons beaucoup !","robots":{"index":"index","follow":"follow","max-snippet":"max-snippet:-1","max-image-preview":"max-image-preview:large","max-video-preview":"max-video-preview:-1"},"canonical":"https:\/\/autoshow.ch\/fr\/news\/vente-ouverte-des-le-1er-mars\/","og_locale":"fr_FR","og_type":"article","og_title":"Vente ouverte d\u00e8s le 1er mars | Autoshow Aathal AG","og_description":"Enfin ! \u00c7a y est : d\u00e8s le 1er mars, nous serons \u00e0 nouveau \u00e0 votre disposition. Nous nous en r\u00e9jouissons beaucoup !","og_url":"https:\/\/autoshow.ch\/fr\/news\/vente-ouverte-des-le-1er-mars\/","og_site_name":"Autoshow Aathal AG","article_publisher":"https:\/\/www.facebook.com\/autoshow.ch","article_published_time":"2021-03-01T16:07:00+00:00","article_modified_time":"2026-04-10T08:14:09+00:00","og_image":[{"width":960,"height":960,"url":"https:\/\/autoshow.ch\/wp-content\/uploads\/2025\/12\/verkauf-ab-1-maerz-offen-autoshow-3.jpeg","type":"image\/jpeg"}],"author":"Marketing Autoshow","twitter_card":"summary_large_image","schema":{"@context":"https:\/\/schema.org","@graph":[{"@type":["Article","BlogPosting"],"@id":"https:\/\/autoshow.ch\/fr\/news\/vente-ouverte-des-le-1er-mars\/#article","isPartOf":{"@id":"https:\/\/autoshow.ch\/fr\/news\/vente-ouverte-des-le-1er-mars\/"},"author":{"name":"Marketing Autoshow","@id":"https:\/\/autoshow.ch\/fr\/#\/schema\/person\/0fc96e1a12fbe3a05e1059e7b26ca148"},"headline":"Vente ouverte d\u00e8s le 1er mars","datePublished":"2021-03-01T16:07:00+00:00","dateModified":"2026-04-10T08:14:09+00:00","mainEntityOfPage":{"@id":"https:\/\/autoshow.ch\/fr\/news\/vente-ouverte-des-le-1er-mars\/"},"wordCount":169,"publisher":{"@id":"https:\/\/autoshow.ch\/fr\/#organization"},"image":{"@id":"https:\/\/autoshow.ch\/fr\/news\/vente-ouverte-des-le-1er-mars\/#primaryimage"},"thumbnailUrl":"https:\/\/autoshow.ch\/wp-content\/uploads\/2025\/12\/verkauf-ab-1-maerz-offen-autoshow-3.jpeg","articleSection":["ACTUALIT\u00c9S"],"inLanguage":"fr-FR"},{"@type":"WebPage","@id":"https:\/\/autoshow.ch\/fr\/news\/vente-ouverte-des-le-1er-mars\/","url":"https:\/\/autoshow.ch\/fr\/news\/vente-ouverte-des-le-1er-mars\/","name":"Vente ouverte d\u00e8s le 1er mars | Autoshow Aathal AG","isPartOf":{"@id":"https:\/\/autoshow.ch\/fr\/#website"},"primaryImageOfPage":{"@id":"https:\/\/autoshow.ch\/fr\/news\/vente-ouverte-des-le-1er-mars\/#primaryimage"},"image":{"@id":"https:\/\/autoshow.ch\/fr\/news\/vente-ouverte-des-le-1er-mars\/#primaryimage"},"thumbnailUrl":"https:\/\/autoshow.ch\/wp-content\/uploads\/2025\/12\/verkauf-ab-1-maerz-offen-autoshow-3.jpeg","datePublished":"2021-03-01T16:07:00+00:00","dateModified":"2026-04-10T08:14:09+00:00","description":"Enfin ! \u00c7a y est : d\u00e8s le 1er mars, nous serons \u00e0 nouveau \u00e0 votre disposition. Nous nous en r\u00e9jouissons beaucoup !","breadcrumb":{"@id":"https:\/\/autoshow.ch\/fr\/news\/vente-ouverte-des-le-1er-mars\/#breadcrumb"},"inLanguage":"fr-FR","potentialAction":[{"@type":"ReadAction","target":["https:\/\/autoshow.ch\/fr\/news\/vente-ouverte-des-le-1er-mars\/"]}]},{"@type":"ImageObject","inLanguage":"fr-FR","@id":"https:\/\/autoshow.ch\/fr\/news\/vente-ouverte-des-le-1er-mars\/#primaryimage","url":"https:\/\/autoshow.ch\/wp-content\/uploads\/2025\/12\/verkauf-ab-1-maerz-offen-autoshow-3.jpeg","contentUrl":"https:\/\/autoshow.ch\/wp-content\/uploads\/2025\/12\/verkauf-ab-1-maerz-offen-autoshow-3.jpeg","width":960,"height":960,"caption":"Vente ouverte d\u00e8s le 1er mars - Autoshow Aathal AG pr\u00e8s d\u2019Uster propose des occasions et des voitures neuves \u00e0 prix avantageux 1"},{"@type":"BreadcrumbList","@id":"https:\/\/autoshow.ch\/fr\/news\/vente-ouverte-des-le-1er-mars\/#breadcrumb","itemListElement":[{"@type":"ListItem","position":1,"name":"Startseite","item":"https:\/\/autoshow.ch\/fr\/"},{"@type":"ListItem","position":2,"name":"Vente ouverte d\u00e8s le 1er mars"}]},{"@type":"WebSite","@id":"https:\/\/autoshow.ch\/fr\/#website","url":"https:\/\/autoshow.ch\/fr\/","name":"Autoshow Aathal AG","description":"bei Uster bietet g\u00fcnstige Occasionen und Neuwagen","publisher":{"@id":"https:\/\/autoshow.ch\/fr\/#organization"},"alternateName":"Autoshow","potentialAction":[{"@type":"SearchAction","target":{"@type":"EntryPoint","urlTemplate":"https:\/\/autoshow.ch\/fr\/?s={search_term_string}"},"query-input":{"@type":"PropertyValueSpecification","valueRequired":true,"valueName":"search_term_string"}}],"inLanguage":"fr-FR"},{"@type":"Organization","@id":"https:\/\/autoshow.ch\/fr\/#organization","name":"Autoshow Aathal AG","alternateName":"Autoshow","url":"https:\/\/autoshow.ch\/fr\/","logo":{"@type":"ImageObject","inLanguage":"fr-FR","@id":"https:\/\/autoshow.ch\/fr\/#\/schema\/logo\/image\/","url":"https:\/\/autoshow.ch\/wp-content\/uploads\/2025\/12\/autoshow-aathal-ag-logo@696x696.png","contentUrl":"https:\/\/autoshow.ch\/wp-content\/uploads\/2025\/12\/autoshow-aathal-ag-logo@696x696.png","width":696,"height":696,"caption":"Autoshow Aathal AG"},"image":{"@id":"https:\/\/autoshow.ch\/fr\/#\/schema\/logo\/image\/"},"sameAs":["https:\/\/www.facebook.com\/autoshow.ch","https:\/\/www.instagram.com\/autoshow_aathal\/","https:\/\/www.linkedin.com\/company\/autoshow-aathal-ag","https:\/\/www.youtube.com\/user\/AutoshowAathal"]},{"@type":"Person","@id":"https:\/\/autoshow.ch\/fr\/#\/schema\/person\/0fc96e1a12fbe3a05e1059e7b26ca148","name":"Marketing Autoshow","image":{"@type":"ImageObject","inLanguage":"fr-FR","@id":"https:\/\/autoshow.ch\/wp-content\/litespeed\/avatar\/46547ed71fe40fb39a471b2711fab529.jpg?ver=1776774629","url":"https:\/\/autoshow.ch\/wp-content\/litespeed\/avatar\/46547ed71fe40fb39a471b2711fab529.jpg?ver=1776774629","contentUrl":"https:\/\/autoshow.ch\/wp-content\/litespeed\/avatar\/46547ed71fe40fb39a471b2711fab529.jpg?ver=1776774629","caption":"Marketing Autoshow"},"sameAs":["https:\/\/autoshow.ch"]}]}},"_links":{"self":[{"href":"https:\/\/autoshow.ch\/fr\/wp-json\/wp\/v2\/posts\/226415","targetHints":{"allow":["GET"]}}],"collection":[{"href":"https:\/\/autoshow.ch\/fr\/wp-json\/wp\/v2\/posts"}],"about":[{"href":"https:\/\/autoshow.ch\/fr\/wp-json\/wp\/v2\/types\/post"}],"author":[{"embeddable":true,"href":"https:\/\/autoshow.ch\/fr\/wp-json\/wp\/v2\/users\/31"}],"replies":[{"embeddable":true,"href":"https:\/\/autoshow.ch\/fr\/wp-json\/wp\/v2\/comments?post=226415"}],"version-history":[{"count":1,"href":"https:\/\/autoshow.ch\/fr\/wp-json\/wp\/v2\/posts\/226415\/revisions"}],"predecessor-version":[{"id":226417,"href":"https:\/\/autoshow.ch\/fr\/wp-json\/wp\/v2\/posts\/226415\/revisions\/226417"}],"wp:featuredmedia":[{"embeddable":true,"href":"https:\/\/autoshow.ch\/fr\/wp-json\/wp\/v2\/media\/226416"}],"wp:attachment":[{"href":"https:\/\/autoshow.ch\/fr\/wp-json\/wp\/v2\/media?parent=226415"}],"wp:term":[{"taxonomy":"category","embeddable":true,"href":"https:\/\/autoshow.ch\/fr\/wp-json\/wp\/v2\/categories?post=226415"},{"taxonomy":"post_tag","embeddable":true,"href":"https:\/\/autoshow.ch\/fr\/wp-json\/wp\/v2\/tags?post=226415"}],"curies":[{"name":"wp","href":"https:\/\/api.w.org\/{rel}","templated":true}]}}