{"id":226376,"date":"2020-02-29T18:43:27","date_gmt":"2020-02-29T17:43:27","guid":{"rendered":"https:\/\/autoshow.ch\/news\/nouveau-directeur-general\/"},"modified":"2026-04-10T10:13:25","modified_gmt":"2026-04-10T08:13:25","slug":"nouveau-directeur-general","status":"publish","type":"post","link":"https:\/\/autoshow.ch\/fr\/news\/nouveau-directeur-general\/","title":{"rendered":"Nouveau directeur g\u00e9n\u00e9ral"},"content":{"rendered":"\n<p><strong>Fin octo\u00adbre 2019, Patrick Liechti a repris le poste de directeur g\u00e9n\u00e9ral.<\/strong><\/p>\n\n<div class=\"wp-block-media-text alignwide\"><figure class=\"wp-block-media-text__media\"><img decoding=\"async\" src=\"https:\/\/autoshow.ch\/wp-content\/uploads\/2025\/12\/patrick-liechti-autoshow-2.jpg\" alt=\"Patrick Liechti - Autoshow Aathal AG 1\" class=\"wp-image-29642\"><\/figure><div class=\"wp-block-media-text__content\">\n<p class=\"has-normal-font-size\">Avant d\u2019occuper sa nou\u00advelle fonc\u00adtion, <a href=\"https:\/\/autoshow.ch\/unternehmen\/team\/\">Patrick Liechti<\/a> a tra\u00advail\u00adl\u00e9 pour les mar\u00adques smart et Mer\u00adcedes, o\u00f9 il a exer\u00adc\u00e9 pen\u00addant plus de 16 ans dif\u00adf\u00e9rentes fonc\u00adtions de direc\u00adtion dans la vente et la dis\u00adtri\u00adb\u00adu\u00adtion. En tant que respon\u00ads\u00adable du con\u00adtr\u00f4le de ges\u00adtion des ventes chez Renault, il a r\u00e9cem\u00adment acquis un savoir-faire sup\u00adpl\u00e9\u00admen\u00adtaire dans le secteur. <\/p>\n<\/div><\/div>\n\n<div style=\"height:20px\" aria-hidden=\"true\" class=\"wp-block-spacer\"><\/div>\n\n<p>Dans sa nou\u00advelle mis\u00adsion de directeur g\u00e9n\u00e9ral, Patrick Liechti fa\u00e7on\u00adnera et d\u00e9velop\u00adpera l\u2019Autoshow Aathal en fonc\u00adtion des impacts strat\u00e9giques et op\u00e9ra\u00adtionnels. C\u2019est une per\u00adson\u00adne qual\u00adi\u00adfi\u00e9e, motiv\u00e9e et socia\u00adble, qui accorde une grande impor\u00adtance \u00e0 l\u2019orientation ser\u00advice et \u00e0 la qual\u00adit\u00e9. Cela doit se trans\u00admet\u00adtre \u00e0 la clien\u00adt\u00e8le, mais aus\u00adsi avoir un impact posi\u00adtif sur la cul\u00adture d\u2019entreprise pour les col\u00adlab\u00ado\u00adra\u00adteurs. Cela aura, \u00e0 son tour, une influ\u00adence pos\u00adi\u00adtive sur la per\u00adcep\u00adtion de notre entre\u00adprise.   <\/p>\n\n<p>Gr\u00e2ce \u00e0 nos offres de v\u00e9hicules durable\u00adment avan\u00adtageuses, nous parvien\u00addrons \u00e0 main\u00adtenir le posi\u00adtion\u00adnement r\u00e9us\u00adsi de l\u2019Autoshow Aathal.<\/p>\n","protected":false},"excerpt":{"rendered":"<p>Fin octo\u00adbre 2019, Patrick Liechti a repris le poste de directeur g\u00e9n\u00e9ral. Avant d\u2019\u2026<\/p>\n","protected":false},"author":31,"featured_media":226377,"comment_status":"closed","ping_status":"closed","sticky":false,"template":"","format":"standard","meta":{"_acf_changed":false,"inline_featured_image":false,"wp_typography_post_enhancements_disabled":false,"footnotes":""},"categories":[629],"tags":[],"class_list":["post-226376","post","type-post","status-publish","format-standard","has-post-thumbnail","hentry","category-actualites"],"acf":[],"yoast_head":"<!-- This site is optimized with the Yoast SEO plugin v27.4 - https:\/\/yoast.com\/product\/yoast-seo-wordpress\/ -->\n<title>Nouveau directeur g\u00e9n\u00e9ral | Autoshow Aathal AG<\/title>\n<meta name=\"description\" content=\"Fin octobre 2019, Patrick Liechti a repris le poste de directeur g\u00e9n\u00e9ral. Avant d\u2019occuper sa nouvelle fonction, Patrick Liechti a travaill\u00e9 pour les\" \/>\n<meta name=\"robots\" content=\"index, follow, max-snippet:-1, max-image-preview:large, max-video-preview:-1\" \/>\n<link rel=\"canonical\" href=\"https:\/\/autoshow.ch\/fr\/news\/nouveau-directeur-general\/\" \/>\n<meta property=\"og:locale\" content=\"fr_FR\" \/>\n<meta property=\"og:type\" content=\"article\" \/>\n<meta property=\"og:title\" content=\"Nouveau directeur g\u00e9n\u00e9ral | Autoshow Aathal AG\" \/>\n<meta property=\"og:description\" content=\"Fin octobre 2019, Patrick Liechti a repris le poste de directeur g\u00e9n\u00e9ral. Avant d\u2019occuper sa nouvelle fonction, Patrick Liechti a travaill\u00e9 pour les\" \/>\n<meta property=\"og:url\" content=\"https:\/\/autoshow.ch\/fr\/news\/nouveau-directeur-general\/\" \/>\n<meta property=\"og:site_name\" content=\"Autoshow Aathal AG\" \/>\n<meta property=\"article:publisher\" content=\"https:\/\/www.facebook.com\/autoshow.ch\" \/>\n<meta property=\"article:published_time\" content=\"2020-02-29T17:43:27+00:00\" \/>\n<meta property=\"article:modified_time\" content=\"2026-04-10T08:13:25+00:00\" \/>\n<meta property=\"og:image\" content=\"https:\/\/autoshow.ch\/wp-content\/uploads\/2025\/12\/neuer-geschaeftsfuehrer-autoshow.jpg\" \/>\n\t<meta property=\"og:image:width\" content=\"1535\" \/>\n\t<meta property=\"og:image:height\" content=\"864\" \/>\n\t<meta property=\"og:image:type\" content=\"image\/jpeg\" \/>\n<meta name=\"author\" content=\"Marketing Autoshow\" \/>\n<meta name=\"twitter:card\" content=\"summary_large_image\" \/>\n<!-- \/ Yoast SEO plugin. -->","yoast_head_json":{"title":"Nouveau directeur g\u00e9n\u00e9ral | Autoshow Aathal AG","description":"Fin octobre 2019, Patrick Liechti a repris le poste de directeur g\u00e9n\u00e9ral. Avant d\u2019occuper sa nouvelle fonction, Patrick Liechti a travaill\u00e9 pour les","robots":{"index":"index","follow":"follow","max-snippet":"max-snippet:-1","max-image-preview":"max-image-preview:large","max-video-preview":"max-video-preview:-1"},"canonical":"https:\/\/autoshow.ch\/fr\/news\/nouveau-directeur-general\/","og_locale":"fr_FR","og_type":"article","og_title":"Nouveau directeur g\u00e9n\u00e9ral | Autoshow Aathal AG","og_description":"Fin octobre 2019, Patrick Liechti a repris le poste de directeur g\u00e9n\u00e9ral. Avant d\u2019occuper sa nouvelle fonction, Patrick Liechti a travaill\u00e9 pour les","og_url":"https:\/\/autoshow.ch\/fr\/news\/nouveau-directeur-general\/","og_site_name":"Autoshow Aathal AG","article_publisher":"https:\/\/www.facebook.com\/autoshow.ch","article_published_time":"2020-02-29T17:43:27+00:00","article_modified_time":"2026-04-10T08:13:25+00:00","og_image":[{"width":1535,"height":864,"url":"https:\/\/autoshow.ch\/wp-content\/uploads\/2025\/12\/neuer-geschaeftsfuehrer-autoshow.jpg","type":"image\/jpeg"}],"author":"Marketing Autoshow","twitter_card":"summary_large_image","schema":{"@context":"https:\/\/schema.org","@graph":[{"@type":["Article","BlogPosting"],"@id":"https:\/\/autoshow.ch\/fr\/news\/nouveau-directeur-general\/#article","isPartOf":{"@id":"https:\/\/autoshow.ch\/fr\/news\/nouveau-directeur-general\/"},"author":{"name":"Marketing Autoshow","@id":"https:\/\/autoshow.ch\/fr\/#\/schema\/person\/0fc96e1a12fbe3a05e1059e7b26ca148"},"headline":"Nouveau directeur g\u00e9n\u00e9ral","datePublished":"2020-02-29T17:43:27+00:00","dateModified":"2026-04-10T08:13:25+00:00","mainEntityOfPage":{"@id":"https:\/\/autoshow.ch\/fr\/news\/nouveau-directeur-general\/"},"wordCount":181,"publisher":{"@id":"https:\/\/autoshow.ch\/fr\/#organization"},"image":{"@id":"https:\/\/autoshow.ch\/fr\/news\/nouveau-directeur-general\/#primaryimage"},"thumbnailUrl":"https:\/\/autoshow.ch\/wp-content\/uploads\/2025\/12\/neuer-geschaeftsfuehrer-autoshow.jpg","articleSection":["ACTUALIT\u00c9S"],"inLanguage":"fr-FR"},{"@type":"WebPage","@id":"https:\/\/autoshow.ch\/fr\/news\/nouveau-directeur-general\/","url":"https:\/\/autoshow.ch\/fr\/news\/nouveau-directeur-general\/","name":"Nouveau directeur g\u00e9n\u00e9ral | Autoshow Aathal AG","isPartOf":{"@id":"https:\/\/autoshow.ch\/fr\/#website"},"primaryImageOfPage":{"@id":"https:\/\/autoshow.ch\/fr\/news\/nouveau-directeur-general\/#primaryimage"},"image":{"@id":"https:\/\/autoshow.ch\/fr\/news\/nouveau-directeur-general\/#primaryimage"},"thumbnailUrl":"https:\/\/autoshow.ch\/wp-content\/uploads\/2025\/12\/neuer-geschaeftsfuehrer-autoshow.jpg","datePublished":"2020-02-29T17:43:27+00:00","dateModified":"2026-04-10T08:13:25+00:00","description":"Fin octobre 2019, Patrick Liechti a repris le poste de directeur g\u00e9n\u00e9ral. Avant d\u2019occuper sa nouvelle fonction, Patrick Liechti a travaill\u00e9 pour les","breadcrumb":{"@id":"https:\/\/autoshow.ch\/fr\/news\/nouveau-directeur-general\/#breadcrumb"},"inLanguage":"fr-FR","potentialAction":[{"@type":"ReadAction","target":["https:\/\/autoshow.ch\/fr\/news\/nouveau-directeur-general\/"]}]},{"@type":"ImageObject","inLanguage":"fr-FR","@id":"https:\/\/autoshow.ch\/fr\/news\/nouveau-directeur-general\/#primaryimage","url":"https:\/\/autoshow.ch\/wp-content\/uploads\/2025\/12\/neuer-geschaeftsfuehrer-autoshow.jpg","contentUrl":"https:\/\/autoshow.ch\/wp-content\/uploads\/2025\/12\/neuer-geschaeftsfuehrer-autoshow.jpg","width":1535,"height":864,"caption":"Nouveau directeur g\u00e9n\u00e9ral - Autoshow Aathal AG pr\u00e8s d\u2019Uster propose des occasions et des voitures neuves \u00e0 prix avantageux 1"},{"@type":"BreadcrumbList","@id":"https:\/\/autoshow.ch\/fr\/news\/nouveau-directeur-general\/#breadcrumb","itemListElement":[{"@type":"ListItem","position":1,"name":"Startseite","item":"https:\/\/autoshow.ch\/fr\/"},{"@type":"ListItem","position":2,"name":"Nouveau directeur g\u00e9n\u00e9ral"}]},{"@type":"WebSite","@id":"https:\/\/autoshow.ch\/fr\/#website","url":"https:\/\/autoshow.ch\/fr\/","name":"Autoshow Aathal AG","description":"bei Uster bietet g\u00fcnstige Occasionen und Neuwagen","publisher":{"@id":"https:\/\/autoshow.ch\/fr\/#organization"},"alternateName":"Autoshow","potentialAction":[{"@type":"SearchAction","target":{"@type":"EntryPoint","urlTemplate":"https:\/\/autoshow.ch\/fr\/?s={search_term_string}"},"query-input":{"@type":"PropertyValueSpecification","valueRequired":true,"valueName":"search_term_string"}}],"inLanguage":"fr-FR"},{"@type":"Organization","@id":"https:\/\/autoshow.ch\/fr\/#organization","name":"Autoshow Aathal AG","alternateName":"Autoshow","url":"https:\/\/autoshow.ch\/fr\/","logo":{"@type":"ImageObject","inLanguage":"fr-FR","@id":"https:\/\/autoshow.ch\/fr\/#\/schema\/logo\/image\/","url":"https:\/\/autoshow.ch\/wp-content\/uploads\/2025\/12\/autoshow-aathal-ag-logo@696x696.png","contentUrl":"https:\/\/autoshow.ch\/wp-content\/uploads\/2025\/12\/autoshow-aathal-ag-logo@696x696.png","width":696,"height":696,"caption":"Autoshow Aathal AG"},"image":{"@id":"https:\/\/autoshow.ch\/fr\/#\/schema\/logo\/image\/"},"sameAs":["https:\/\/www.facebook.com\/autoshow.ch","https:\/\/www.instagram.com\/autoshow_aathal\/","https:\/\/www.linkedin.com\/company\/autoshow-aathal-ag","https:\/\/www.youtube.com\/user\/AutoshowAathal"]},{"@type":"Person","@id":"https:\/\/autoshow.ch\/fr\/#\/schema\/person\/0fc96e1a12fbe3a05e1059e7b26ca148","name":"Marketing Autoshow","image":{"@type":"ImageObject","inLanguage":"fr-FR","@id":"https:\/\/autoshow.ch\/wp-content\/litespeed\/avatar\/46547ed71fe40fb39a471b2711fab529.jpg?ver=1776774629","url":"https:\/\/autoshow.ch\/wp-content\/litespeed\/avatar\/46547ed71fe40fb39a471b2711fab529.jpg?ver=1776774629","contentUrl":"https:\/\/autoshow.ch\/wp-content\/litespeed\/avatar\/46547ed71fe40fb39a471b2711fab529.jpg?ver=1776774629","caption":"Marketing Autoshow"},"sameAs":["https:\/\/autoshow.ch"]}]}},"_links":{"self":[{"href":"https:\/\/autoshow.ch\/fr\/wp-json\/wp\/v2\/posts\/226376","targetHints":{"allow":["GET"]}}],"collection":[{"href":"https:\/\/autoshow.ch\/fr\/wp-json\/wp\/v2\/posts"}],"about":[{"href":"https:\/\/autoshow.ch\/fr\/wp-json\/wp\/v2\/types\/post"}],"author":[{"embeddable":true,"href":"https:\/\/autoshow.ch\/fr\/wp-json\/wp\/v2\/users\/31"}],"replies":[{"embeddable":true,"href":"https:\/\/autoshow.ch\/fr\/wp-json\/wp\/v2\/comments?post=226376"}],"version-history":[{"count":1,"href":"https:\/\/autoshow.ch\/fr\/wp-json\/wp\/v2\/posts\/226376\/revisions"}],"predecessor-version":[{"id":226378,"href":"https:\/\/autoshow.ch\/fr\/wp-json\/wp\/v2\/posts\/226376\/revisions\/226378"}],"wp:featuredmedia":[{"embeddable":true,"href":"https:\/\/autoshow.ch\/fr\/wp-json\/wp\/v2\/media\/226377"}],"wp:attachment":[{"href":"https:\/\/autoshow.ch\/fr\/wp-json\/wp\/v2\/media?parent=226376"}],"wp:term":[{"taxonomy":"category","embeddable":true,"href":"https:\/\/autoshow.ch\/fr\/wp-json\/wp\/v2\/categories?post=226376"},{"taxonomy":"post_tag","embeddable":true,"href":"https:\/\/autoshow.ch\/fr\/wp-json\/wp\/v2\/tags?post=226376"}],"curies":[{"name":"wp","href":"https:\/\/api.w.org\/{rel}","templated":true}]}}