{"id":226267,"date":"2022-06-18T09:32:05","date_gmt":"2022-06-18T07:32:05","guid":{"rendered":"https:\/\/autoshow.ch\/news\/electrique-polestar-2-disponible-immediatement\/"},"modified":"2026-04-10T10:11:19","modified_gmt":"2026-04-10T08:11:19","slug":"electrique-polestar-2-disponible-immediatement","status":"publish","type":"post","link":"https:\/\/autoshow.ch\/fr\/news\/electrique-polestar-2-disponible-immediatement\/","title":{"rendered":"\u00c9lectrique \u2014 Polestar 2 disponible imm\u00e9diatement"},"content":{"rendered":"\n<h2 class=\"wp-block-heading\">V\u00e9hicule neuf Polestar 2 d\u00e8s 47\u202f500 CHF<\/h2>\n\n<p><strong>Nous avons en stock 5 v\u00e9hicules neufs Polestar 2 (100 % \u00e9lec\u00adtriques), tous disponibles imm\u00e9\u00addi\u00adate\u00adment. Un \u00e9quipement haut de gamme \u00e0 un prix excep\u00adtion\u00adnel, prof\u00aditez-en.<\/strong> <strong>Bat\u00adterie de 64 kWh, autonomie WLTP de 444 km, 224 ch<\/strong><\/p>\n\n<p>L\u2019incarnation de la per\u00adfor\u00admance \u00e9lec\u00adtrique, alli\u00e9e \u00e0 une tech\u00adnolo\u00adgie et un design mod\u00adernes. Nous avons pu obtenir un <a href=\"https:\/\/autoshow.ch\/autos\/?orderby=make-asc&amp;Make=POLESTAR&amp;Model=&amp;BodyColor=&amp;Price-from=&amp;Price-to=&amp;FirstRegYear-from=&amp;FirstRegYear-to=&amp;Km-from=&amp;Km-to=&amp;TransmissionType=&amp;FuelType=&amp;BodyType=&amp;CarNumber=&amp;ConditionType=&amp;Doors-from=&amp;Doors-to=&amp;Seats-from=&amp;Seats-to=&amp;ConsumptionTotal=&amp;ConsumptionRating=&amp;Hp=&amp;Cylinders=&amp;DriveType=&amp;extended-search=0\">lot de cinq Polestar 2<\/a>. Les v\u00e9hicules n\u2019ont pas encore fait l\u2019objet d\u2019une pre\u00admi\u00e8re imma\u00adtric\u00adu\u00adla\u00adtion, affichent z\u00e9ro kilo\u00adm\u00e8tre au comp\u00adteur et b\u00e9n\u00e9\u00adfi\u00adcient d\u2019un \u00e9quipement haut de gamme. Tous les v\u00e9hicules sont disponibles imm\u00e9\u00addi\u00adate\u00adment en stock.   <\/p>\n\n<p><strong>D\u00e8s 47\u202f500 CHF ou d\u00e8s 542 CHF par mois<\/strong> inclu\u00adant : bat\u00adterie de 64 kWh, autonomie WLTP de 444 km, jantes alu 19\u2033, DAB+, chauffage aux\u00adil\u00adi\u00adaire et Kli\u00adma\u00adtron\u00adic, nav\u00adi\u00adga\u00adtion Google Maps, r\u00e9glage \u00e9lec\u00adtrique des si\u00e8ges avec m\u00e9moire, cap\u00adteurs de sta\u00adtion\u00adnement avant et arri\u00e8re, cam\u00e9ra de recul, LED, hay\u00adon \u00e9lec\u00adtrique, r\u00e9gu\u00adla\u00adteur de vitesse, assis\u00adtant de main\u00adtien de voie, ch\u00e2s\u00adsis dynamique, con\u00adduite \u00e0 une p\u00e9dale, mis\u00ades \u00e0 jour \u00e0 dis\u00adtance (OTA), etc. <\/p>\n\n<figure class=\"wp-block-gallery columns-3 is-cropped wp-block-gallery-1 is-layout-flex wp-block-gallery-is-layout-flex\"><ul class=\"blocks-gallery-grid\"><li class=\"blocks-gallery-item\"><figure><img decoding=\"async\" src=\"https:\/\/autoshow.ch\/wp-content\/uploads\/2025\/12\/Unknown-11-2.jpeg\" alt=\"  data-id=\" data-link=\"https:\/\/autoshow.ch\/?attachment_id=118846\" class=\"wp-image-118846\"><\/figure><\/li><li class=\"blocks-gallery-item\"><figure><img decoding=\"async\" src=\"https:\/\/autoshow.ch\/wp-content\/uploads\/2025\/12\/Unknown-5-2.jpeg\" alt=\"  data-id=\" data-link=\"https:\/\/autoshow.ch\/?attachment_id=118847\" class=\"wp-image-118847\"><\/figure><\/li><li class=\"blocks-gallery-item\"><figure><img decoding=\"async\" src=\"https:\/\/autoshow.ch\/wp-content\/uploads\/2025\/12\/Unknown-21.jpeg\" alt=\"  data-id=\" data-full-url=\"https:\/\/autoshow.ch\/wp-content\/uploads\/2025\/12\/Unknown-21.jpeg\" data-link=\"https:\/\/autoshow.ch\/?attachment_id=118848\" class=\"wp-image-118848\"><\/figure><\/li><\/ul><\/figure>\n\n<p>La motori\u00adsa\u00adtion 100 % \u00e9lec\u00adtrique d\u00e9veloppe une puis\u00adsance de 224 ch et con\u00adsomme en moyenne env\u00adi\u00adron 16 kWh.<\/p>\n\n<figure class=\"wp-block-gallery columns-3 is-cropped wp-block-gallery-2 is-layout-flex wp-block-gallery-is-layout-flex\"><ul class=\"blocks-gallery-grid\"><li class=\"blocks-gallery-item\"><figure><img decoding=\"async\" src=\"https:\/\/autoshow.ch\/wp-content\/uploads\/2025\/12\/Unknown-10-2.jpeg\" alt=\"  data-id=\" data-full-url=\"https:\/\/autoshow.ch\/wp-content\/uploads\/2025\/12\/Unknown-10-2.jpeg\" data-link=\"https:\/\/autoshow.ch\/?attachment_id=118859\" class=\"wp-image-118859\"><\/figure><\/li><li class=\"blocks-gallery-item\"><figure><img decoding=\"async\" src=\"https:\/\/autoshow.ch\/wp-content\/uploads\/2025\/12\/Unknown-1-5.jpeg\" alt=\"  data-id=\" data-full-url=\"https:\/\/autoshow.ch\/wp-content\/uploads\/2025\/12\/Unknown-1-5.jpeg\" data-link=\"https:\/\/autoshow.ch\/?attachment_id=118850\" class=\"wp-image-118850\"><\/figure><\/li><li class=\"blocks-gallery-item\"><figure><img decoding=\"async\" src=\"https:\/\/autoshow.ch\/wp-content\/uploads\/2025\/12\/Unknown-2-5.jpeg\" alt=\"  data-id=\" data-full-url=\"https:\/\/autoshow.ch\/wp-content\/uploads\/2025\/12\/Unknown-2-5.jpeg\" data-link=\"https:\/\/autoshow.ch\/?attachment_id=118851\" class=\"wp-image-118851\"><\/figure><\/li><li class=\"blocks-gallery-item\"><figure><img decoding=\"async\" src=\"https:\/\/autoshow.ch\/wp-content\/uploads\/2025\/12\/Unknown-3-3.jpeg\" alt=\"  data-id=\" data-full-url=\"https:\/\/autoshow.ch\/wp-content\/uploads\/2025\/12\/Unknown-3-3.jpeg\" data-link=\"https:\/\/autoshow.ch\/?attachment_id=118852\" class=\"wp-image-118852\"><\/figure><\/li><li class=\"blocks-gallery-item\"><figure><img decoding=\"async\" src=\"https:\/\/autoshow.ch\/wp-content\/uploads\/2025\/12\/Unknown-4-3.jpeg\" alt=\"  data-id=\" data-full-url=\"https:\/\/autoshow.ch\/wp-content\/uploads\/2025\/12\/Unknown-4-3.jpeg\" data-link=\"https:\/\/autoshow.ch\/?attachment_id=118853\" class=\"wp-image-118853\"><\/figure><\/li><li class=\"blocks-gallery-item\"><figure><img decoding=\"async\" src=\"https:\/\/autoshow.ch\/wp-content\/uploads\/2025\/12\/Unknown-5-1-3.jpeg\" alt=\"  data-id=\" data-full-url=\"https:\/\/autoshow.ch\/wp-content\/uploads\/2025\/12\/Unknown-5-1-3.jpeg\" data-link=\"https:\/\/autoshow.ch\/?attachment_id=118854\" class=\"wp-image-118854\"><\/figure><\/li><li class=\"blocks-gallery-item\"><figure><img decoding=\"async\" src=\"https:\/\/autoshow.ch\/wp-content\/uploads\/2025\/12\/Unknown-6-5.jpeg\" alt=\"  data-id=\" data-full-url=\"https:\/\/autoshow.ch\/wp-content\/uploads\/2025\/12\/Unknown-6-5.jpeg\" data-link=\"https:\/\/autoshow.ch\/?attachment_id=118855\" class=\"wp-image-118855\"><\/figure><\/li><li class=\"blocks-gallery-item\"><figure><img decoding=\"async\" src=\"https:\/\/autoshow.ch\/wp-content\/uploads\/2025\/12\/Unknown-7-2.jpeg\" alt=\"  data-id=\" data-full-url=\"https:\/\/autoshow.ch\/wp-content\/uploads\/2025\/12\/Unknown-7-2.jpeg\" data-link=\"https:\/\/autoshow.ch\/?attachment_id=118856\" class=\"wp-image-118856\"><\/figure><\/li><li class=\"blocks-gallery-item\"><figure><img decoding=\"async\" src=\"https:\/\/autoshow.ch\/wp-content\/uploads\/2025\/12\/Unknown-8-1.jpeg\" alt=\"  data-id=\" data-full-url=\"https:\/\/autoshow.ch\/wp-content\/uploads\/2025\/12\/Unknown-8-1.jpeg\" data-link=\"https:\/\/autoshow.ch\/?attachment_id=118857\" class=\"wp-image-118857\"><\/figure><\/li><li class=\"blocks-gallery-item\"><figure><img decoding=\"async\" src=\"https:\/\/autoshow.ch\/wp-content\/uploads\/2025\/12\/Unknown-9-2.jpeg\" alt=\"  data-id=\" data-full-url=\"https:\/\/autoshow.ch\/wp-content\/uploads\/2025\/12\/Unknown-9-2.jpeg\" data-link=\"https:\/\/autoshow.ch\/?attachment_id=118858\" class=\"wp-image-118858\"><\/figure><\/li><li class=\"blocks-gallery-item\"><figure><img decoding=\"async\" src=\"https:\/\/autoshow.ch\/wp-content\/uploads\/2025\/12\/Unknown-11-1-1.jpeg\" alt=\"  data-id=\" data-full-url=\"https:\/\/autoshow.ch\/wp-content\/uploads\/2025\/12\/Unknown-11-1-1.jpeg\" data-link=\"https:\/\/autoshow.ch\/?attachment_id=118860\" class=\"wp-image-118860\"><\/figure><\/li><li class=\"blocks-gallery-item\"><figure><img decoding=\"async\" src=\"https:\/\/autoshow.ch\/wp-content\/uploads\/2025\/12\/Unknown-12-1.jpeg\" alt=\"  data-id=\" data-full-url=\"https:\/\/autoshow.ch\/wp-content\/uploads\/2025\/12\/Unknown-12-1.jpeg\" data-link=\"https:\/\/autoshow.ch\/?attachment_id=118861\" class=\"wp-image-118861\"><\/figure><\/li><li class=\"blocks-gallery-item\"><figure><img decoding=\"async\" src=\"https:\/\/autoshow.ch\/wp-content\/uploads\/2025\/12\/Unknown-13-2.jpeg\" alt=\"  data-id=\" data-full-url=\"https:\/\/autoshow.ch\/wp-content\/uploads\/2025\/12\/Unknown-13-2.jpeg\" data-link=\"https:\/\/autoshow.ch\/?attachment_id=118862\" class=\"wp-image-118862\"><\/figure><\/li><li class=\"blocks-gallery-item\"><figure><img decoding=\"async\" src=\"https:\/\/autoshow.ch\/wp-content\/uploads\/2025\/12\/Unknown-14-1.jpeg\" alt=\"  data-id=\" data-full-url=\"https:\/\/autoshow.ch\/wp-content\/uploads\/2025\/12\/Unknown-14-1.jpeg\" data-link=\"https:\/\/autoshow.ch\/?attachment_id=118863\" class=\"wp-image-118863\"><\/figure><\/li><li class=\"blocks-gallery-item\"><figure><img decoding=\"async\" src=\"https:\/\/autoshow.ch\/wp-content\/uploads\/2025\/12\/Unknown-15-1.jpeg\" alt=\"  data-id=\" data-full-url=\"https:\/\/autoshow.ch\/wp-content\/uploads\/2025\/12\/Unknown-15-1.jpeg\" data-link=\"https:\/\/autoshow.ch\/?attachment_id=118864\" class=\"wp-image-118864\"><\/figure><\/li><\/ul><\/figure>\n\n<p><strong>Guide de l\u2019\u00c9LECTRIQUE<\/strong><br><br><a href=\"https:\/\/autoshow.ch\/elektro\/\">Vous trou\u00adverez ici toutes les infor\u00adma\u00adtions impor\u00adtantes con\u00adcer\u00adnant les v\u00e9hicules \u00e9lec\u00adtriques.<\/a><\/p>\n","protected":false},"excerpt":{"rendered":"<p>Polestar 2 disponible imm\u00e9\u00addi\u00adate\u00adment en stock. 100 % \u00e9lec\u00adtrique, d\u00e8s 47&nbsp;500 CHF ou d\u2026<\/p>\n","protected":false},"author":31,"featured_media":226273,"comment_status":"closed","ping_status":"closed","sticky":false,"template":"","format":"standard","meta":{"_acf_changed":false,"inline_featured_image":false,"wp_typography_post_enhancements_disabled":false,"footnotes":""},"categories":[673],"tags":[],"class_list":["post-226267","post","type-post","status-publish","format-standard","has-post-thumbnail","hentry","category-action"],"acf":[],"yoast_head":"<!-- This site is optimized with the Yoast SEO plugin v27.4 - https:\/\/yoast.com\/product\/yoast-seo-wordpress\/ -->\n<title>\u00c9lectrique - Polestar 2 disponible imm\u00e9diatement | Autoshow Aathal AG<\/title>\n<meta name=\"description\" content=\"Polestar 2 disponible imm\u00e9diatement en stock. 100 % \u00e9lectrique, d\u00e8s 47\u202f500 CHF ou d\u00e8s 542 CHF par mois\" \/>\n<meta name=\"robots\" content=\"index, follow, max-snippet:-1, max-image-preview:large, max-video-preview:-1\" \/>\n<link rel=\"canonical\" href=\"https:\/\/autoshow.ch\/fr\/news\/electrique-polestar-2-disponible-immediatement\/\" \/>\n<meta property=\"og:locale\" content=\"fr_FR\" \/>\n<meta property=\"og:type\" content=\"article\" \/>\n<meta property=\"og:title\" content=\"\u00c9lectrique - Polestar 2 disponible imm\u00e9diatement | Autoshow Aathal AG\" \/>\n<meta property=\"og:description\" content=\"Polestar 2 disponible imm\u00e9diatement en stock. 100 % \u00e9lectrique, d\u00e8s 47\u202f500 CHF ou d\u00e8s 542 CHF par mois\" \/>\n<meta property=\"og:url\" content=\"https:\/\/autoshow.ch\/fr\/news\/electrique-polestar-2-disponible-immediatement\/\" \/>\n<meta property=\"og:site_name\" content=\"Autoshow Aathal AG\" \/>\n<meta property=\"article:publisher\" content=\"https:\/\/www.facebook.com\/autoshow.ch\" \/>\n<meta property=\"article:published_time\" content=\"2022-06-18T07:32:05+00:00\" \/>\n<meta property=\"article:modified_time\" content=\"2026-04-10T08:11:19+00:00\" \/>\n<meta property=\"og:image\" content=\"https:\/\/autoshow.ch\/wp-content\/uploads\/2025\/12\/Unknown-11-1-2.jpeg\" \/>\n\t<meta property=\"og:image:width\" content=\"1536\" \/>\n\t<meta property=\"og:image:height\" content=\"1152\" \/>\n\t<meta property=\"og:image:type\" content=\"image\/jpeg\" \/>\n<meta name=\"author\" content=\"Marketing Autoshow\" \/>\n<meta name=\"twitter:card\" content=\"summary_large_image\" \/>\n<!-- \/ Yoast SEO plugin. -->","yoast_head_json":{"title":"\u00c9lectrique - Polestar 2 disponible imm\u00e9diatement | Autoshow Aathal AG","description":"Polestar 2 disponible imm\u00e9diatement en stock. 100 % \u00e9lectrique, d\u00e8s 47\u202f500 CHF ou d\u00e8s 542 CHF par mois","robots":{"index":"index","follow":"follow","max-snippet":"max-snippet:-1","max-image-preview":"max-image-preview:large","max-video-preview":"max-video-preview:-1"},"canonical":"https:\/\/autoshow.ch\/fr\/news\/electrique-polestar-2-disponible-immediatement\/","og_locale":"fr_FR","og_type":"article","og_title":"\u00c9lectrique - Polestar 2 disponible imm\u00e9diatement | Autoshow Aathal AG","og_description":"Polestar 2 disponible imm\u00e9diatement en stock. 100 % \u00e9lectrique, d\u00e8s 47\u202f500 CHF ou d\u00e8s 542 CHF par mois","og_url":"https:\/\/autoshow.ch\/fr\/news\/electrique-polestar-2-disponible-immediatement\/","og_site_name":"Autoshow Aathal AG","article_publisher":"https:\/\/www.facebook.com\/autoshow.ch","article_published_time":"2022-06-18T07:32:05+00:00","article_modified_time":"2026-04-10T08:11:19+00:00","og_image":[{"width":1536,"height":1152,"url":"https:\/\/autoshow.ch\/wp-content\/uploads\/2025\/12\/Unknown-11-1-2.jpeg","type":"image\/jpeg"}],"author":"Marketing Autoshow","twitter_card":"summary_large_image","schema":{"@context":"https:\/\/schema.org","@graph":[{"@type":["Article","BlogPosting"],"@id":"https:\/\/autoshow.ch\/fr\/news\/electrique-polestar-2-disponible-immediatement\/#article","isPartOf":{"@id":"https:\/\/autoshow.ch\/fr\/news\/electrique-polestar-2-disponible-immediatement\/"},"author":{"name":"Marketing Autoshow","@id":"https:\/\/autoshow.ch\/fr\/#\/schema\/person\/0fc96e1a12fbe3a05e1059e7b26ca148"},"headline":"\u00c9lectrique \u2014 Polestar 2 disponible imm\u00e9diatement","datePublished":"2022-06-18T07:32:05+00:00","dateModified":"2026-04-10T08:11:19+00:00","mainEntityOfPage":{"@id":"https:\/\/autoshow.ch\/fr\/news\/electrique-polestar-2-disponible-immediatement\/"},"wordCount":210,"publisher":{"@id":"https:\/\/autoshow.ch\/fr\/#organization"},"image":{"@id":"https:\/\/autoshow.ch\/fr\/news\/electrique-polestar-2-disponible-immediatement\/#primaryimage"},"thumbnailUrl":"https:\/\/autoshow.ch\/wp-content\/uploads\/2025\/12\/Unknown-11-1-2.jpeg","articleSection":["ACTION"],"inLanguage":"fr-FR"},{"@type":"WebPage","@id":"https:\/\/autoshow.ch\/fr\/news\/electrique-polestar-2-disponible-immediatement\/","url":"https:\/\/autoshow.ch\/fr\/news\/electrique-polestar-2-disponible-immediatement\/","name":"\u00c9lectrique - Polestar 2 disponible imm\u00e9diatement | Autoshow Aathal AG","isPartOf":{"@id":"https:\/\/autoshow.ch\/fr\/#website"},"primaryImageOfPage":{"@id":"https:\/\/autoshow.ch\/fr\/news\/electrique-polestar-2-disponible-immediatement\/#primaryimage"},"image":{"@id":"https:\/\/autoshow.ch\/fr\/news\/electrique-polestar-2-disponible-immediatement\/#primaryimage"},"thumbnailUrl":"https:\/\/autoshow.ch\/wp-content\/uploads\/2025\/12\/Unknown-11-1-2.jpeg","datePublished":"2022-06-18T07:32:05+00:00","dateModified":"2026-04-10T08:11:19+00:00","description":"Polestar 2 disponible imm\u00e9diatement en stock. 100 % \u00e9lectrique, d\u00e8s 47\u202f500 CHF ou d\u00e8s 542 CHF par mois","breadcrumb":{"@id":"https:\/\/autoshow.ch\/fr\/news\/electrique-polestar-2-disponible-immediatement\/#breadcrumb"},"inLanguage":"fr-FR","potentialAction":[{"@type":"ReadAction","target":["https:\/\/autoshow.ch\/fr\/news\/electrique-polestar-2-disponible-immediatement\/"]}]},{"@type":"ImageObject","inLanguage":"fr-FR","@id":"https:\/\/autoshow.ch\/fr\/news\/electrique-polestar-2-disponible-immediatement\/#primaryimage","url":"https:\/\/autoshow.ch\/wp-content\/uploads\/2025\/12\/Unknown-11-1-2.jpeg","contentUrl":"https:\/\/autoshow.ch\/wp-content\/uploads\/2025\/12\/Unknown-11-1-2.jpeg","width":1536,"height":1152,"caption":"\u00c9lectrique - Polestar 2 disponible imm\u00e9diatement - Autoshow Aathal AG pr\u00e8s d'Uster propose des occasions et des v\u00e9hicules neufs \u00e0 prix avantageux 5"},{"@type":"BreadcrumbList","@id":"https:\/\/autoshow.ch\/fr\/news\/electrique-polestar-2-disponible-immediatement\/#breadcrumb","itemListElement":[{"@type":"ListItem","position":1,"name":"Startseite","item":"https:\/\/autoshow.ch\/fr\/"},{"@type":"ListItem","position":2,"name":"\u00c9lectrique \u2014 Polestar 2 disponible imm\u00e9diatement"}]},{"@type":"WebSite","@id":"https:\/\/autoshow.ch\/fr\/#website","url":"https:\/\/autoshow.ch\/fr\/","name":"Autoshow Aathal AG","description":"bei Uster bietet g\u00fcnstige Occasionen und Neuwagen","publisher":{"@id":"https:\/\/autoshow.ch\/fr\/#organization"},"alternateName":"Autoshow","potentialAction":[{"@type":"SearchAction","target":{"@type":"EntryPoint","urlTemplate":"https:\/\/autoshow.ch\/fr\/?s={search_term_string}"},"query-input":{"@type":"PropertyValueSpecification","valueRequired":true,"valueName":"search_term_string"}}],"inLanguage":"fr-FR"},{"@type":"Organization","@id":"https:\/\/autoshow.ch\/fr\/#organization","name":"Autoshow Aathal AG","alternateName":"Autoshow","url":"https:\/\/autoshow.ch\/fr\/","logo":{"@type":"ImageObject","inLanguage":"fr-FR","@id":"https:\/\/autoshow.ch\/fr\/#\/schema\/logo\/image\/","url":"https:\/\/autoshow.ch\/wp-content\/uploads\/2025\/12\/autoshow-aathal-ag-logo@696x696.png","contentUrl":"https:\/\/autoshow.ch\/wp-content\/uploads\/2025\/12\/autoshow-aathal-ag-logo@696x696.png","width":696,"height":696,"caption":"Autoshow Aathal AG"},"image":{"@id":"https:\/\/autoshow.ch\/fr\/#\/schema\/logo\/image\/"},"sameAs":["https:\/\/www.facebook.com\/autoshow.ch","https:\/\/www.instagram.com\/autoshow_aathal\/","https:\/\/www.linkedin.com\/company\/autoshow-aathal-ag","https:\/\/www.youtube.com\/user\/AutoshowAathal"]},{"@type":"Person","@id":"https:\/\/autoshow.ch\/fr\/#\/schema\/person\/0fc96e1a12fbe3a05e1059e7b26ca148","name":"Marketing Autoshow","image":{"@type":"ImageObject","inLanguage":"fr-FR","@id":"https:\/\/autoshow.ch\/wp-content\/litespeed\/avatar\/46547ed71fe40fb39a471b2711fab529.jpg?ver=1776774629","url":"https:\/\/autoshow.ch\/wp-content\/litespeed\/avatar\/46547ed71fe40fb39a471b2711fab529.jpg?ver=1776774629","contentUrl":"https:\/\/autoshow.ch\/wp-content\/litespeed\/avatar\/46547ed71fe40fb39a471b2711fab529.jpg?ver=1776774629","caption":"Marketing Autoshow"},"sameAs":["https:\/\/autoshow.ch"]}]}},"_links":{"self":[{"href":"https:\/\/autoshow.ch\/fr\/wp-json\/wp\/v2\/posts\/226267","targetHints":{"allow":["GET"]}}],"collection":[{"href":"https:\/\/autoshow.ch\/fr\/wp-json\/wp\/v2\/posts"}],"about":[{"href":"https:\/\/autoshow.ch\/fr\/wp-json\/wp\/v2\/types\/post"}],"author":[{"embeddable":true,"href":"https:\/\/autoshow.ch\/fr\/wp-json\/wp\/v2\/users\/31"}],"replies":[{"embeddable":true,"href":"https:\/\/autoshow.ch\/fr\/wp-json\/wp\/v2\/comments?post=226267"}],"version-history":[{"count":1,"href":"https:\/\/autoshow.ch\/fr\/wp-json\/wp\/v2\/posts\/226267\/revisions"}],"predecessor-version":[{"id":226274,"href":"https:\/\/autoshow.ch\/fr\/wp-json\/wp\/v2\/posts\/226267\/revisions\/226274"}],"wp:featuredmedia":[{"embeddable":true,"href":"https:\/\/autoshow.ch\/fr\/wp-json\/wp\/v2\/media\/226273"}],"wp:attachment":[{"href":"https:\/\/autoshow.ch\/fr\/wp-json\/wp\/v2\/media?parent=226267"}],"wp:term":[{"taxonomy":"category","embeddable":true,"href":"https:\/\/autoshow.ch\/fr\/wp-json\/wp\/v2\/categories?post=226267"},{"taxonomy":"post_tag","embeddable":true,"href":"https:\/\/autoshow.ch\/fr\/wp-json\/wp\/v2\/tags?post=226267"}],"curies":[{"name":"wp","href":"https:\/\/api.w.org\/{rel}","templated":true}]}}